{"id":3644,"date":"2024-06-04T14:44:55","date_gmt":"2024-06-04T14:44:55","guid":{"rendered":"https:\/\/www.care-platform.eu\/?p=3644"},"modified":"2025-08-01T14:48:21","modified_gmt":"2025-08-01T14:48:21","slug":"laboratori-di-ceramica-e-iniziative-inclusive-a-nicosia","status":"publish","type":"post","link":"https:\/\/www.care-platform.eu\/index.php\/it\/2024\/06\/04\/laboratori-di-ceramica-e-iniziative-inclusive-a-nicosia\/","title":{"rendered":"laboratori di ceramica e iniziative inclusive a Nicosia"},"content":{"rendered":"<p>Nell\u2019ambito del progetto CARE a Cipro, dopo un lungo periodo di preparazione, abbiamo avviato i nostri laboratori di ceramica con giovani studenti con disabilit\u00e0 visiva nel mese di febbraio. Da allora, gli studenti si ritrovano presso il Kuns Studio, nel cuore di Nicosia, dove creano le loro opere uniche con l\u2019assistenza del ceramista, dei formatori e degli esperti in disabilit\u00e0 visiva.<\/p>\n<p>Gli studenti hanno realizzato opere sia individuali che collettive sul tema <strong>\u201cIl castello che nascondiamo dentro di noi\u201d<\/strong>. L\u2019opera finale, che sar\u00e0 esposta permanentemente in uno spazio pubblico, \u00e8 composta da torri, mura e figurine. Le mura simboleggiano protezione e coesione, e si collegano anche alla storia della Citt\u00e0 Vecchia di Nicosia, circondata dalle Mura Veneziane, un importante monumento storico.<\/p>\n<p>Gli studenti partecipano anche ad altre attivit\u00e0 creative finalizzate allo sviluppo di competenze in ambito di presentazione, comunicazione, cultura e imprenditorialit\u00e0. Finora, hanno esercitato la presentazione delle proprie opere d\u2019arte e le hanno esposte durante il <strong>Diversity Forum 2024<\/strong> in Piazza Eleftheria. Questo evento rappresenta una piattaforma inclusiva che consente a persone di ogni estrazione di confrontarsi su tematiche legate a Diversit\u00e0, Equit\u00e0 e Inclusione (DEI), sia nei contesti lavorativi che nella societ\u00e0 in generale.<\/p>\n<p>In seguito alla conferenza, il <strong>Diversity Fair<\/strong> ha offerto uno spazio interattivo in cui i partecipanti hanno condiviso esperienze e iniziative per promuovere l\u2019inclusione, contribuendo alla creazione di una societ\u00e0 pi\u00f9 equa e aperta.<\/p>\n<p>Sebbene i laboratori di ceramica si concludano a giugno, a settembre gli studenti parteciperanno a una visita di studio presso la Collezione Archeologica della Fondazione Culturale della Banca di Cipro, a un seminario sull\u2019imprenditorialit\u00e0 e al <strong>Festival Access4All<\/strong> a Limassol.<\/p>\n<p>CSI ha preparato un programma ricco e olistico affinch\u00e9 gli studenti possano vivere tutte le sfaccettature della creazione ceramica e trarne il massimo beneficio. \u00c8 estremamente gratificante vedere volti felici durante ogni attivit\u00e0 e constatare i progressi compiuti dai partecipanti.<\/p>\n<p><img fetchpriority=\"high\" decoding=\"async\" class=\"aligncenter wp-image-3606\" src=\"http:\/\/www.care-platform.eu\/wp-content\/uploads\/2025\/08\/Picture1-1-225x300.jpg\" alt=\"\" width=\"520\" height=\"694\" srcset=\"https:\/\/www.care-platform.eu\/wp-content\/uploads\/2025\/08\/Picture1-1-225x300.jpg 225w, https:\/\/www.care-platform.eu\/wp-content\/uploads\/2025\/08\/Picture1-1-768x1024.jpg 768w, https:\/\/www.care-platform.eu\/wp-content\/uploads\/2025\/08\/Picture1-1-1152x1536.jpg 1152w, https:\/\/www.care-platform.eu\/wp-content\/uploads\/2025\/08\/Picture1-1.jpg 1327w\" sizes=\"(max-width: 520px) 100vw, 520px\" \/><\/p>\n<p><img decoding=\"async\" class=\"aligncenter wp-image-3605\" src=\"http:\/\/www.care-platform.eu\/wp-content\/uploads\/2025\/08\/Picture2-300x225.jpg\" alt=\"\" width=\"520\" height=\"390\" srcset=\"https:\/\/www.care-platform.eu\/wp-content\/uploads\/2025\/08\/Picture2-300x225.jpg 300w, https:\/\/www.care-platform.eu\/wp-content\/uploads\/2025\/08\/Picture2-1024x769.jpg 1024w, https:\/\/www.care-platform.eu\/wp-content\/uploads\/2025\/08\/Picture2-768x576.jpg 768w, https:\/\/www.care-platform.eu\/wp-content\/uploads\/2025\/08\/Picture2.jpg 1327w\" sizes=\"(max-width: 520px) 100vw, 520px\" \/><\/p>\n<p><img decoding=\"async\" class=\"aligncenter wp-image-3604\" src=\"http:\/\/www.care-platform.eu\/wp-content\/uploads\/2025\/08\/Picture3-1-225x300.jpg\" alt=\"\" width=\"520\" height=\"694\" srcset=\"https:\/\/www.care-platform.eu\/wp-content\/uploads\/2025\/08\/Picture3-1-225x300.jpg 225w, https:\/\/www.care-platform.eu\/wp-content\/uploads\/2025\/08\/Picture3-1-768x1024.jpg 768w, https:\/\/www.care-platform.eu\/wp-content\/uploads\/2025\/08\/Picture3-1-1152x1536.jpg 1152w, https:\/\/www.care-platform.eu\/wp-content\/uploads\/2025\/08\/Picture3-1.jpg 1327w\" sizes=\"(max-width: 520px) 100vw, 520px\" \/><\/p>\n","protected":false},"excerpt":{"rendered":"<p>Nell\u2019ambito del progetto CARE a Cipro, dopo un lungo periodo di preparazione, abbiamo avviato i nostri laboratori di ceramica con giovani studenti con disabilit\u00e0 visiva nel mese di febbraio. Da allora, gli studenti si ritrovano presso il Kuns Studio, nel cuore di Nicosia, dove creano le loro opere uniche con l\u2019assistenza del ceramista, dei formatori e degli esperti in disabilit\u00e0 visiva. Gli studenti hanno realizzato opere sia individuali che collettive sul tema \u201cIl castello che nascondiamo dentro di noi\u201d. L\u2019opera finale, che sar\u00e0 esposta permanentemente in uno spazio pubblico, \u00e8 composta da torri, mura e figurine. Le mura simboleggiano protezione e coesione, e si collegano anche alla storia della Citt\u00e0 Vecchia di Nicosia, circondata dalle Mura Veneziane, un importante monumento storico. Gli studenti partecipano anche ad altre attivit\u00e0 creative finalizzate allo sviluppo di competenze in ambito di presentazione, comunicazione, cultura e imprenditorialit\u00e0. Finora, hanno esercitato la presentazione delle proprie opere d\u2019arte e le hanno esposte durante il Diversity Forum 2024 in Piazza Eleftheria. Questo evento rappresenta una piattaforma inclusiva che consente a persone di ogni estrazione di confrontarsi su tematiche legate a Diversit\u00e0, Equit\u00e0 e Inclusione (DEI), sia nei contesti lavorativi che nella societ\u00e0 in generale. In seguito alla conferenza, il Diversity Fair ha offerto uno spazio interattivo in cui i partecipanti hanno condiviso esperienze e iniziative per promuovere l\u2019inclusione, contribuendo alla creazione di una societ\u00e0 pi\u00f9 equa e aperta. Sebbene i laboratori di ceramica si concludano a giugno, a settembre gli studenti parteciperanno a una visita di studio presso la Collezione Archeologica della Fondazione Culturale della Banca di Cipro, a un seminario sull\u2019imprenditorialit\u00e0 e al Festival Access4All a Limassol. CSI ha preparato un programma ricco e olistico affinch\u00e9 gli studenti possano vivere tutte le sfaccettature della creazione ceramica e trarne il massimo beneficio. \u00c8 estremamente gratificante vedere volti felici durante ogni attivit\u00e0 e constatare i progressi compiuti dai partecipanti.<\/p>\n","protected":false},"author":1,"featured_media":0,"comment_status":"open","ping_status":"open","sticky":false,"template":"","format":"standard","meta":{"_exactmetrics_skip_tracking":false,"_exactmetrics_sitenote_active":false,"_exactmetrics_sitenote_note":"","_exactmetrics_sitenote_category":0,"_monsterinsights_skip_tracking":false,"_monsterinsights_sitenote_active":false,"_monsterinsights_sitenote_note":"","_monsterinsights_sitenote_category":0,"site-sidebar-layout":"default","site-content-layout":"","ast-site-content-layout":"default","site-content-style":"default","site-sidebar-style":"default","ast-global-header-display":"","ast-banner-title-visibility":"","ast-main-header-display":"","ast-hfb-above-header-display":"","ast-hfb-below-header-display":"","ast-hfb-mobile-header-display":"","site-post-title":"","ast-breadcrumbs-content":"","ast-featured-img":"","footer-sml-layout":"","theme-transparent-header-meta":"default","adv-header-id-meta":"","stick-header-meta":"","header-above-stick-meta":"","header-main-stick-meta":"","header-below-stick-meta":"","astra-migrate-meta-layouts":"set","ast-page-background-enabled":"default","ast-page-background-meta":{"desktop":{"background-color":"var(--ast-global-color-4)","background-image":"","background-repeat":"repeat","background-position":"center center","background-size":"auto","background-attachment":"scroll","background-type":"","background-media":"","overlay-type":"","overlay-color":"","overlay-opacity":"","overlay-gradient":""},"tablet":{"background-color":"","background-image":"","background-repeat":"repeat","background-position":"center center","background-size":"auto","background-attachment":"scroll","background-type":"","background-media":"","overlay-type":"","overlay-color":"","overlay-opacity":"","overlay-gradient":""},"mobile":{"background-color":"","background-image":"","background-repeat":"repeat","background-position":"center center","background-size":"auto","background-attachment":"scroll","background-type":"","background-media":"","overlay-type":"","overlay-color":"","overlay-opacity":"","overlay-gradient":""}},"ast-content-background-meta":{"desktop":{"background-color":"var(--ast-global-color-5)","background-image":"","background-repeat":"repeat","background-position":"center center","background-size":"auto","background-attachment":"scroll","background-type":"","background-media":"","overlay-type":"","overlay-color":"","overlay-opacity":"","overlay-gradient":""},"tablet":{"background-color":"var(--ast-global-color-5)","background-image":"","background-repeat":"repeat","background-position":"center center","background-size":"auto","background-attachment":"scroll","background-type":"","background-media":"","overlay-type":"","overlay-color":"","overlay-opacity":"","overlay-gradient":""},"mobile":{"background-color":"var(--ast-global-color-5)","background-image":"","background-repeat":"repeat","background-position":"center center","background-size":"auto","background-attachment":"scroll","background-type":"","background-media":"","overlay-type":"","overlay-color":"","overlay-opacity":"","overlay-gradient":""}},"footnotes":""},"categories":[16],"tags":[],"class_list":["post-3644","post","type-post","status-publish","format-standard","hentry","category-uncategorized-it"],"yoast_head":"<!-- This site is optimized with the Yoast SEO plugin v25.5 - https:\/\/yoast.com\/wordpress\/plugins\/seo\/ -->\n<title>laboratori di ceramica e iniziative inclusive a Nicosia - C.A.R.E.<\/title>\n<meta name=\"robots\" content=\"index, follow, max-snippet:-1, max-image-preview:large, max-video-preview:-1\" \/>\n<link rel=\"canonical\" href=\"https:\/\/www.care-platform.eu\/index.php\/it\/2024\/06\/04\/laboratori-di-ceramica-e-iniziative-inclusive-a-nicosia\/\" \/>\n<meta property=\"og:locale\" content=\"en_US\" \/>\n<meta property=\"og:type\" content=\"article\" \/>\n<meta property=\"og:title\" content=\"laboratori di ceramica e iniziative inclusive a Nicosia - C.A.R.E.\" \/>\n<meta property=\"og:description\" content=\"Nell\u2019ambito del progetto CARE a Cipro, dopo un lungo periodo di preparazione, abbiamo avviato i nostri laboratori di ceramica con giovani studenti con disabilit\u00e0 visiva nel mese di febbraio. Da allora, gli studenti si ritrovano presso il Kuns Studio, nel cuore di Nicosia, dove creano le loro opere uniche con l\u2019assistenza del ceramista, dei formatori e degli esperti in disabilit\u00e0 visiva. Gli studenti hanno realizzato opere sia individuali che collettive sul tema \u201cIl castello che nascondiamo dentro di noi\u201d. L\u2019opera finale, che sar\u00e0 esposta permanentemente in uno spazio pubblico, \u00e8 composta da torri, mura e figurine. Le mura simboleggiano protezione e coesione, e si collegano anche alla storia della Citt\u00e0 Vecchia di Nicosia, circondata dalle Mura Veneziane, un importante monumento storico. Gli studenti partecipano anche ad altre attivit\u00e0 creative finalizzate allo sviluppo di competenze in ambito di presentazione, comunicazione, cultura e imprenditorialit\u00e0. Finora, hanno esercitato la presentazione delle proprie opere d\u2019arte e le hanno esposte durante il Diversity Forum 2024 in Piazza Eleftheria. Questo evento rappresenta una piattaforma inclusiva che consente a persone di ogni estrazione di confrontarsi su tematiche legate a Diversit\u00e0, Equit\u00e0 e Inclusione (DEI), sia nei contesti lavorativi che nella societ\u00e0 in generale. In seguito alla conferenza, il Diversity Fair ha offerto uno spazio interattivo in cui i partecipanti hanno condiviso esperienze e iniziative per promuovere l\u2019inclusione, contribuendo alla creazione di una societ\u00e0 pi\u00f9 equa e aperta. Sebbene i laboratori di ceramica si concludano a giugno, a settembre gli studenti parteciperanno a una visita di studio presso la Collezione Archeologica della Fondazione Culturale della Banca di Cipro, a un seminario sull\u2019imprenditorialit\u00e0 e al Festival Access4All a Limassol. CSI ha preparato un programma ricco e olistico affinch\u00e9 gli studenti possano vivere tutte le sfaccettature della creazione ceramica e trarne il massimo beneficio. \u00c8 estremamente gratificante vedere volti felici durante ogni attivit\u00e0 e constatare i progressi compiuti dai partecipanti.\" \/>\n<meta property=\"og:url\" content=\"https:\/\/www.care-platform.eu\/index.php\/it\/2024\/06\/04\/laboratori-di-ceramica-e-iniziative-inclusive-a-nicosia\/\" \/>\n<meta property=\"og:site_name\" content=\"C.A.R.E.\" \/>\n<meta property=\"article:published_time\" content=\"2024-06-04T14:44:55+00:00\" \/>\n<meta property=\"article:modified_time\" content=\"2025-08-01T14:48:21+00:00\" \/>\n<meta property=\"og:image\" content=\"https:\/\/www.care-platform.eu\/wp-content\/uploads\/2025\/08\/Picture1-1.jpg\" \/>\n\t<meta property=\"og:image:width\" content=\"1327\" \/>\n\t<meta property=\"og:image:height\" content=\"1770\" \/>\n\t<meta property=\"og:image:type\" content=\"image\/jpeg\" \/>\n<meta name=\"author\" content=\"admin\" \/>\n<meta name=\"twitter:card\" content=\"summary_large_image\" \/>\n<meta name=\"twitter:label1\" content=\"Written by\" \/>\n\t<meta name=\"twitter:data1\" content=\"admin\" \/>\n\t<meta name=\"twitter:label2\" content=\"Est. reading time\" \/>\n\t<meta name=\"twitter:data2\" content=\"2 minutes\" \/>\n<script type=\"application\/ld+json\" class=\"yoast-schema-graph\">{\"@context\":\"https:\/\/schema.org\",\"@graph\":[{\"@type\":\"Article\",\"@id\":\"https:\/\/www.care-platform.eu\/index.php\/it\/2024\/06\/04\/laboratori-di-ceramica-e-iniziative-inclusive-a-nicosia\/#article\",\"isPartOf\":{\"@id\":\"https:\/\/www.care-platform.eu\/index.php\/it\/2024\/06\/04\/laboratori-di-ceramica-e-iniziative-inclusive-a-nicosia\/\"},\"author\":{\"name\":\"admin\",\"@id\":\"https:\/\/www.care-platform.eu\/#\/schema\/person\/290df17b1298613ab5025d8b3f4de953\"},\"headline\":\"laboratori di ceramica e iniziative inclusive a Nicosia\",\"datePublished\":\"2024-06-04T14:44:55+00:00\",\"dateModified\":\"2025-08-01T14:48:21+00:00\",\"mainEntityOfPage\":{\"@id\":\"https:\/\/www.care-platform.eu\/index.php\/it\/2024\/06\/04\/laboratori-di-ceramica-e-iniziative-inclusive-a-nicosia\/\"},\"wordCount\":322,\"commentCount\":0,\"publisher\":{\"@id\":\"https:\/\/www.care-platform.eu\/#organization\"},\"image\":{\"@id\":\"https:\/\/www.care-platform.eu\/index.php\/it\/2024\/06\/04\/laboratori-di-ceramica-e-iniziative-inclusive-a-nicosia\/#primaryimage\"},\"thumbnailUrl\":\"http:\/\/www.care-platform.eu\/wp-content\/uploads\/2025\/08\/Picture1-1-225x300.jpg\",\"inLanguage\":\"en-US\",\"potentialAction\":[{\"@type\":\"CommentAction\",\"name\":\"Comment\",\"target\":[\"https:\/\/www.care-platform.eu\/index.php\/it\/2024\/06\/04\/laboratori-di-ceramica-e-iniziative-inclusive-a-nicosia\/#respond\"]}]},{\"@type\":\"WebPage\",\"@id\":\"https:\/\/www.care-platform.eu\/index.php\/it\/2024\/06\/04\/laboratori-di-ceramica-e-iniziative-inclusive-a-nicosia\/\",\"url\":\"https:\/\/www.care-platform.eu\/index.php\/it\/2024\/06\/04\/laboratori-di-ceramica-e-iniziative-inclusive-a-nicosia\/\",\"name\":\"laboratori di ceramica e iniziative inclusive a Nicosia - C.A.R.E.\",\"isPartOf\":{\"@id\":\"https:\/\/www.care-platform.eu\/#website\"},\"primaryImageOfPage\":{\"@id\":\"https:\/\/www.care-platform.eu\/index.php\/it\/2024\/06\/04\/laboratori-di-ceramica-e-iniziative-inclusive-a-nicosia\/#primaryimage\"},\"image\":{\"@id\":\"https:\/\/www.care-platform.eu\/index.php\/it\/2024\/06\/04\/laboratori-di-ceramica-e-iniziative-inclusive-a-nicosia\/#primaryimage\"},\"thumbnailUrl\":\"http:\/\/www.care-platform.eu\/wp-content\/uploads\/2025\/08\/Picture1-1-225x300.jpg\",\"datePublished\":\"2024-06-04T14:44:55+00:00\",\"dateModified\":\"2025-08-01T14:48:21+00:00\",\"breadcrumb\":{\"@id\":\"https:\/\/www.care-platform.eu\/index.php\/it\/2024\/06\/04\/laboratori-di-ceramica-e-iniziative-inclusive-a-nicosia\/#breadcrumb\"},\"inLanguage\":\"en-US\",\"potentialAction\":[{\"@type\":\"ReadAction\",\"target\":[\"https:\/\/www.care-platform.eu\/index.php\/it\/2024\/06\/04\/laboratori-di-ceramica-e-iniziative-inclusive-a-nicosia\/\"]}]},{\"@type\":\"ImageObject\",\"inLanguage\":\"en-US\",\"@id\":\"https:\/\/www.care-platform.eu\/index.php\/it\/2024\/06\/04\/laboratori-di-ceramica-e-iniziative-inclusive-a-nicosia\/#primaryimage\",\"url\":\"https:\/\/www.care-platform.eu\/wp-content\/uploads\/2025\/08\/Picture1-1.jpg\",\"contentUrl\":\"https:\/\/www.care-platform.eu\/wp-content\/uploads\/2025\/08\/Picture1-1.jpg\",\"width\":1327,\"height\":1770},{\"@type\":\"BreadcrumbList\",\"@id\":\"https:\/\/www.care-platform.eu\/index.php\/it\/2024\/06\/04\/laboratori-di-ceramica-e-iniziative-inclusive-a-nicosia\/#breadcrumb\",\"itemListElement\":[{\"@type\":\"ListItem\",\"position\":1,\"name\":\"Home\",\"item\":\"https:\/\/www.care-platform.eu\/\"},{\"@type\":\"ListItem\",\"position\":2,\"name\":\"laboratori di ceramica e iniziative inclusive a Nicosia\"}]},{\"@type\":\"WebSite\",\"@id\":\"https:\/\/www.care-platform.eu\/#website\",\"url\":\"https:\/\/www.care-platform.eu\/\",\"name\":\"C.A.R.E.\",\"description\":\"\",\"publisher\":{\"@id\":\"https:\/\/www.care-platform.eu\/#organization\"},\"potentialAction\":[{\"@type\":\"SearchAction\",\"target\":{\"@type\":\"EntryPoint\",\"urlTemplate\":\"https:\/\/www.care-platform.eu\/?s={search_term_string}\"},\"query-input\":{\"@type\":\"PropertyValueSpecification\",\"valueRequired\":true,\"valueName\":\"search_term_string\"}}],\"inLanguage\":\"en-US\"},{\"@type\":\"Organization\",\"@id\":\"https:\/\/www.care-platform.eu\/#organization\",\"name\":\"C.A.R.E.\",\"url\":\"https:\/\/www.care-platform.eu\/\",\"logo\":{\"@type\":\"ImageObject\",\"inLanguage\":\"en-US\",\"@id\":\"https:\/\/www.care-platform.eu\/#\/schema\/logo\/image\/\",\"url\":\"https:\/\/www.care-platform.eu\/wp-content\/uploads\/2023\/04\/cropped-cropped-logo-1-1.png\",\"contentUrl\":\"https:\/\/www.care-platform.eu\/wp-content\/uploads\/2023\/04\/cropped-cropped-logo-1-1.png\",\"width\":127,\"height\":153,\"caption\":\"C.A.R.E.\"},\"image\":{\"@id\":\"https:\/\/www.care-platform.eu\/#\/schema\/logo\/image\/\"}},{\"@type\":\"Person\",\"@id\":\"https:\/\/www.care-platform.eu\/#\/schema\/person\/290df17b1298613ab5025d8b3f4de953\",\"name\":\"admin\",\"image\":{\"@type\":\"ImageObject\",\"inLanguage\":\"en-US\",\"@id\":\"https:\/\/www.care-platform.eu\/#\/schema\/person\/image\/\",\"url\":\"https:\/\/secure.gravatar.com\/avatar\/6a10196b803b7bcbcadb30b586c5b2a3841013d254b8676359791fac2b00b403?s=96&d=mm&r=g\",\"contentUrl\":\"https:\/\/secure.gravatar.com\/avatar\/6a10196b803b7bcbcadb30b586c5b2a3841013d254b8676359791fac2b00b403?s=96&d=mm&r=g\",\"caption\":\"admin\"},\"sameAs\":[\"http:\/\/32903897134170577.blog.com.gr\"],\"url\":\"https:\/\/www.care-platform.eu\/index.php\/author\/tourniss_sq4t7cxk\/\"}]}<\/script>\n<!-- \/ Yoast SEO plugin. -->","yoast_head_json":{"title":"laboratori di ceramica e iniziative inclusive a Nicosia - C.A.R.E.","robots":{"index":"index","follow":"follow","max-snippet":"max-snippet:-1","max-image-preview":"max-image-preview:large","max-video-preview":"max-video-preview:-1"},"canonical":"https:\/\/www.care-platform.eu\/index.php\/it\/2024\/06\/04\/laboratori-di-ceramica-e-iniziative-inclusive-a-nicosia\/","og_locale":"en_US","og_type":"article","og_title":"laboratori di ceramica e iniziative inclusive a Nicosia - C.A.R.E.","og_description":"Nell\u2019ambito del progetto CARE a Cipro, dopo un lungo periodo di preparazione, abbiamo avviato i nostri laboratori di ceramica con giovani studenti con disabilit\u00e0 visiva nel mese di febbraio. Da allora, gli studenti si ritrovano presso il Kuns Studio, nel cuore di Nicosia, dove creano le loro opere uniche con l\u2019assistenza del ceramista, dei formatori e degli esperti in disabilit\u00e0 visiva. Gli studenti hanno realizzato opere sia individuali che collettive sul tema \u201cIl castello che nascondiamo dentro di noi\u201d. L\u2019opera finale, che sar\u00e0 esposta permanentemente in uno spazio pubblico, \u00e8 composta da torri, mura e figurine. Le mura simboleggiano protezione e coesione, e si collegano anche alla storia della Citt\u00e0 Vecchia di Nicosia, circondata dalle Mura Veneziane, un importante monumento storico. Gli studenti partecipano anche ad altre attivit\u00e0 creative finalizzate allo sviluppo di competenze in ambito di presentazione, comunicazione, cultura e imprenditorialit\u00e0. Finora, hanno esercitato la presentazione delle proprie opere d\u2019arte e le hanno esposte durante il Diversity Forum 2024 in Piazza Eleftheria. Questo evento rappresenta una piattaforma inclusiva che consente a persone di ogni estrazione di confrontarsi su tematiche legate a Diversit\u00e0, Equit\u00e0 e Inclusione (DEI), sia nei contesti lavorativi che nella societ\u00e0 in generale. In seguito alla conferenza, il Diversity Fair ha offerto uno spazio interattivo in cui i partecipanti hanno condiviso esperienze e iniziative per promuovere l\u2019inclusione, contribuendo alla creazione di una societ\u00e0 pi\u00f9 equa e aperta. Sebbene i laboratori di ceramica si concludano a giugno, a settembre gli studenti parteciperanno a una visita di studio presso la Collezione Archeologica della Fondazione Culturale della Banca di Cipro, a un seminario sull\u2019imprenditorialit\u00e0 e al Festival Access4All a Limassol. CSI ha preparato un programma ricco e olistico affinch\u00e9 gli studenti possano vivere tutte le sfaccettature della creazione ceramica e trarne il massimo beneficio. \u00c8 estremamente gratificante vedere volti felici durante ogni attivit\u00e0 e constatare i progressi compiuti dai partecipanti.","og_url":"https:\/\/www.care-platform.eu\/index.php\/it\/2024\/06\/04\/laboratori-di-ceramica-e-iniziative-inclusive-a-nicosia\/","og_site_name":"C.A.R.E.","article_published_time":"2024-06-04T14:44:55+00:00","article_modified_time":"2025-08-01T14:48:21+00:00","og_image":[{"width":1327,"height":1770,"url":"https:\/\/www.care-platform.eu\/wp-content\/uploads\/2025\/08\/Picture1-1.jpg","type":"image\/jpeg"}],"author":"admin","twitter_card":"summary_large_image","twitter_misc":{"Written by":"admin","Est. reading time":"2 minutes"},"schema":{"@context":"https:\/\/schema.org","@graph":[{"@type":"Article","@id":"https:\/\/www.care-platform.eu\/index.php\/it\/2024\/06\/04\/laboratori-di-ceramica-e-iniziative-inclusive-a-nicosia\/#article","isPartOf":{"@id":"https:\/\/www.care-platform.eu\/index.php\/it\/2024\/06\/04\/laboratori-di-ceramica-e-iniziative-inclusive-a-nicosia\/"},"author":{"name":"admin","@id":"https:\/\/www.care-platform.eu\/#\/schema\/person\/290df17b1298613ab5025d8b3f4de953"},"headline":"laboratori di ceramica e iniziative inclusive a Nicosia","datePublished":"2024-06-04T14:44:55+00:00","dateModified":"2025-08-01T14:48:21+00:00","mainEntityOfPage":{"@id":"https:\/\/www.care-platform.eu\/index.php\/it\/2024\/06\/04\/laboratori-di-ceramica-e-iniziative-inclusive-a-nicosia\/"},"wordCount":322,"commentCount":0,"publisher":{"@id":"https:\/\/www.care-platform.eu\/#organization"},"image":{"@id":"https:\/\/www.care-platform.eu\/index.php\/it\/2024\/06\/04\/laboratori-di-ceramica-e-iniziative-inclusive-a-nicosia\/#primaryimage"},"thumbnailUrl":"http:\/\/www.care-platform.eu\/wp-content\/uploads\/2025\/08\/Picture1-1-225x300.jpg","inLanguage":"en-US","potentialAction":[{"@type":"CommentAction","name":"Comment","target":["https:\/\/www.care-platform.eu\/index.php\/it\/2024\/06\/04\/laboratori-di-ceramica-e-iniziative-inclusive-a-nicosia\/#respond"]}]},{"@type":"WebPage","@id":"https:\/\/www.care-platform.eu\/index.php\/it\/2024\/06\/04\/laboratori-di-ceramica-e-iniziative-inclusive-a-nicosia\/","url":"https:\/\/www.care-platform.eu\/index.php\/it\/2024\/06\/04\/laboratori-di-ceramica-e-iniziative-inclusive-a-nicosia\/","name":"laboratori di ceramica e iniziative inclusive a Nicosia - C.A.R.E.","isPartOf":{"@id":"https:\/\/www.care-platform.eu\/#website"},"primaryImageOfPage":{"@id":"https:\/\/www.care-platform.eu\/index.php\/it\/2024\/06\/04\/laboratori-di-ceramica-e-iniziative-inclusive-a-nicosia\/#primaryimage"},"image":{"@id":"https:\/\/www.care-platform.eu\/index.php\/it\/2024\/06\/04\/laboratori-di-ceramica-e-iniziative-inclusive-a-nicosia\/#primaryimage"},"thumbnailUrl":"http:\/\/www.care-platform.eu\/wp-content\/uploads\/2025\/08\/Picture1-1-225x300.jpg","datePublished":"2024-06-04T14:44:55+00:00","dateModified":"2025-08-01T14:48:21+00:00","breadcrumb":{"@id":"https:\/\/www.care-platform.eu\/index.php\/it\/2024\/06\/04\/laboratori-di-ceramica-e-iniziative-inclusive-a-nicosia\/#breadcrumb"},"inLanguage":"en-US","potentialAction":[{"@type":"ReadAction","target":["https:\/\/www.care-platform.eu\/index.php\/it\/2024\/06\/04\/laboratori-di-ceramica-e-iniziative-inclusive-a-nicosia\/"]}]},{"@type":"ImageObject","inLanguage":"en-US","@id":"https:\/\/www.care-platform.eu\/index.php\/it\/2024\/06\/04\/laboratori-di-ceramica-e-iniziative-inclusive-a-nicosia\/#primaryimage","url":"https:\/\/www.care-platform.eu\/wp-content\/uploads\/2025\/08\/Picture1-1.jpg","contentUrl":"https:\/\/www.care-platform.eu\/wp-content\/uploads\/2025\/08\/Picture1-1.jpg","width":1327,"height":1770},{"@type":"BreadcrumbList","@id":"https:\/\/www.care-platform.eu\/index.php\/it\/2024\/06\/04\/laboratori-di-ceramica-e-iniziative-inclusive-a-nicosia\/#breadcrumb","itemListElement":[{"@type":"ListItem","position":1,"name":"Home","item":"https:\/\/www.care-platform.eu\/"},{"@type":"ListItem","position":2,"name":"laboratori di ceramica e iniziative inclusive a Nicosia"}]},{"@type":"WebSite","@id":"https:\/\/www.care-platform.eu\/#website","url":"https:\/\/www.care-platform.eu\/","name":"C.A.R.E.","description":"","publisher":{"@id":"https:\/\/www.care-platform.eu\/#organization"},"potentialAction":[{"@type":"SearchAction","target":{"@type":"EntryPoint","urlTemplate":"https:\/\/www.care-platform.eu\/?s={search_term_string}"},"query-input":{"@type":"PropertyValueSpecification","valueRequired":true,"valueName":"search_term_string"}}],"inLanguage":"en-US"},{"@type":"Organization","@id":"https:\/\/www.care-platform.eu\/#organization","name":"C.A.R.E.","url":"https:\/\/www.care-platform.eu\/","logo":{"@type":"ImageObject","inLanguage":"en-US","@id":"https:\/\/www.care-platform.eu\/#\/schema\/logo\/image\/","url":"https:\/\/www.care-platform.eu\/wp-content\/uploads\/2023\/04\/cropped-cropped-logo-1-1.png","contentUrl":"https:\/\/www.care-platform.eu\/wp-content\/uploads\/2023\/04\/cropped-cropped-logo-1-1.png","width":127,"height":153,"caption":"C.A.R.E."},"image":{"@id":"https:\/\/www.care-platform.eu\/#\/schema\/logo\/image\/"}},{"@type":"Person","@id":"https:\/\/www.care-platform.eu\/#\/schema\/person\/290df17b1298613ab5025d8b3f4de953","name":"admin","image":{"@type":"ImageObject","inLanguage":"en-US","@id":"https:\/\/www.care-platform.eu\/#\/schema\/person\/image\/","url":"https:\/\/secure.gravatar.com\/avatar\/6a10196b803b7bcbcadb30b586c5b2a3841013d254b8676359791fac2b00b403?s=96&d=mm&r=g","contentUrl":"https:\/\/secure.gravatar.com\/avatar\/6a10196b803b7bcbcadb30b586c5b2a3841013d254b8676359791fac2b00b403?s=96&d=mm&r=g","caption":"admin"},"sameAs":["http:\/\/32903897134170577.blog.com.gr"],"url":"https:\/\/www.care-platform.eu\/index.php\/author\/tourniss_sq4t7cxk\/"}]}},"_links":{"self":[{"href":"https:\/\/www.care-platform.eu\/index.php\/wp-json\/wp\/v2\/posts\/3644","targetHints":{"allow":["GET"]}}],"collection":[{"href":"https:\/\/www.care-platform.eu\/index.php\/wp-json\/wp\/v2\/posts"}],"about":[{"href":"https:\/\/www.care-platform.eu\/index.php\/wp-json\/wp\/v2\/types\/post"}],"author":[{"embeddable":true,"href":"https:\/\/www.care-platform.eu\/index.php\/wp-json\/wp\/v2\/users\/1"}],"replies":[{"embeddable":true,"href":"https:\/\/www.care-platform.eu\/index.php\/wp-json\/wp\/v2\/comments?post=3644"}],"version-history":[{"count":1,"href":"https:\/\/www.care-platform.eu\/index.php\/wp-json\/wp\/v2\/posts\/3644\/revisions"}],"predecessor-version":[{"id":3645,"href":"https:\/\/www.care-platform.eu\/index.php\/wp-json\/wp\/v2\/posts\/3644\/revisions\/3645"}],"wp:attachment":[{"href":"https:\/\/www.care-platform.eu\/index.php\/wp-json\/wp\/v2\/media?parent=3644"}],"wp:term":[{"taxonomy":"category","embeddable":true,"href":"https:\/\/www.care-platform.eu\/index.php\/wp-json\/wp\/v2\/categories?post=3644"},{"taxonomy":"post_tag","embeddable":true,"href":"https:\/\/www.care-platform.eu\/index.php\/wp-json\/wp\/v2\/tags?post=3644"}],"curies":[{"name":"wp","href":"https:\/\/api.w.org\/{rel}","templated":true}]}}