{"id":3650,"date":"2024-07-10T23:13:36","date_gmt":"2024-07-10T23:13:36","guid":{"rendered":"https:\/\/www.care-platform.eu\/?p=3650"},"modified":"2025-08-02T00:14:40","modified_gmt":"2025-08-02T00:14:40","slug":"care-conferenza-finale-a-cipro-dine-network-and-share-with-care","status":"publish","type":"post","link":"https:\/\/www.care-platform.eu\/index.php\/it\/2024\/07\/10\/care-conferenza-finale-a-cipro-dine-network-and-share-with-care\/","title":{"rendered":"CARE Conferenza finale a Cipro: \u201cDine, Network, and Share with CARE!\u201d"},"content":{"rendered":"<p>Il 3 dicembre 2024, il Center for Social Innovation (CSI) di Cipro ha ospitato con successo l\u2019evento moltiplicatore CARE intitolato \u201cDine, Network, and Share with CARE!\u201d a Nicosia. All\u2019evento hanno partecipato 40 persone, tra cui persone con disabilit\u00e0 visiva, ceramisti, artisti, educatori, esperti nel campo della disabilit\u00e0 e altri stakeholder.<\/p>\n<p>L\u2019evento, tenutosi presso la taverna Stou Manoli tin, \u00e8 iniziato con una presentazione che ha raccontato il percorso e i risultati del progetto CARE. A seguire, \u00e8 stata allestita una mostra con le opere in ceramica realizzate dai partecipanti non vedenti durante i workshop e le formazioni locali e internazionali. Le opere, ricche di dettagli tattili e di creativit\u00e0, hanno stimolato conversazioni significative tra i presenti sull\u2019inclusione sociale e l\u2019espressione di s\u00e9 attraverso la ceramica.<\/p>\n<p>La serata \u00e8 proseguita con una cena conviviale che ha favorito un\u2019atmosfera accogliente per il networking e lo scambio di esperienze personali. \u00c8 stata inoltre dedicata una sessione di valutazione per raccogliere feedback, sottolineando l\u2019impatto positivo del progetto sia sui partecipanti che sui professionisti coinvolti.<\/p>\n<p>Durante tutta la serata sono stati rispettati i requisiti di visibilit\u00e0 dell\u2019UE, con banner e materiali esposti in modo evidente, e l\u2019evento \u00e8 stato promosso attraverso i canali social di CSI e la pagina Facebook di CARE.<\/p>\n<p>L\u2019evento moltiplicatore a Cipro ha celebrato con successo i risultati del progetto CARE, rafforzando il valore di un\u2019educazione artistica inclusiva e accessibile. Si \u00e8 concluso con un forte senso di comunit\u00e0, ispirando un continuo sostegno a iniziative creative che valorizzano e includono le persone con disabilit\u00e0 visiva.<\/p>\n<p><img fetchpriority=\"high\" decoding=\"async\" class=\"aligncenter wp-image-3547\" src=\"http:\/\/www.care-platform.eu\/wp-content\/uploads\/2025\/07\/Picture1-1-300x225.jpg\" alt=\"\" width=\"520\" height=\"390\" srcset=\"https:\/\/www.care-platform.eu\/wp-content\/uploads\/2025\/07\/Picture1-1-300x225.jpg 300w, https:\/\/www.care-platform.eu\/wp-content\/uploads\/2025\/07\/Picture1-1.jpg 512w\" sizes=\"(max-width: 520px) 100vw, 520px\" \/><\/p>\n<p><img decoding=\"async\" class=\"aligncenter wp-image-3546\" src=\"http:\/\/www.care-platform.eu\/wp-content\/uploads\/2025\/07\/Picture2-1-225x300.jpg\" alt=\"\" width=\"520\" height=\"693\" srcset=\"https:\/\/www.care-platform.eu\/wp-content\/uploads\/2025\/07\/Picture2-1-225x300.jpg 225w, https:\/\/www.care-platform.eu\/wp-content\/uploads\/2025\/07\/Picture2-1.jpg 370w\" sizes=\"(max-width: 520px) 100vw, 520px\" \/><\/p>\n","protected":false},"excerpt":{"rendered":"<p>Il 3 dicembre 2024, il Center for Social Innovation (CSI) di Cipro ha ospitato con successo l\u2019evento moltiplicatore CARE intitolato \u201cDine, Network, and Share with CARE!\u201d a Nicosia. All\u2019evento hanno partecipato 40 persone, tra cui persone con disabilit\u00e0 visiva, ceramisti, artisti, educatori, esperti nel campo della disabilit\u00e0 e altri stakeholder. L\u2019evento, tenutosi presso la taverna Stou Manoli tin, \u00e8 iniziato con una presentazione che ha raccontato il percorso e i risultati del progetto CARE. A seguire, \u00e8 stata allestita una mostra con le opere in ceramica realizzate dai partecipanti non vedenti durante i workshop e le formazioni locali e internazionali. Le opere, ricche di dettagli tattili e di creativit\u00e0, hanno stimolato conversazioni significative tra i presenti sull\u2019inclusione sociale e l\u2019espressione di s\u00e9 attraverso la ceramica. La serata \u00e8 proseguita con una cena conviviale che ha favorito un\u2019atmosfera accogliente per il networking e lo scambio di esperienze personali. \u00c8 stata inoltre dedicata una sessione di valutazione per raccogliere feedback, sottolineando l\u2019impatto positivo del progetto sia sui partecipanti che sui professionisti coinvolti. Durante tutta la serata sono stati rispettati i requisiti di visibilit\u00e0 dell\u2019UE, con banner e materiali esposti in modo evidente, e l\u2019evento \u00e8 stato promosso attraverso i canali social di CSI e la pagina Facebook di CARE. L\u2019evento moltiplicatore a Cipro ha celebrato con successo i risultati del progetto CARE, rafforzando il valore di un\u2019educazione artistica inclusiva e accessibile. Si \u00e8 concluso con un forte senso di comunit\u00e0, ispirando un continuo sostegno a iniziative creative che valorizzano e includono le persone con disabilit\u00e0 visiva.<\/p>\n","protected":false},"author":1,"featured_media":0,"comment_status":"open","ping_status":"open","sticky":false,"template":"","format":"standard","meta":{"_exactmetrics_skip_tracking":false,"_exactmetrics_sitenote_active":false,"_exactmetrics_sitenote_note":"","_exactmetrics_sitenote_category":0,"_monsterinsights_skip_tracking":false,"_monsterinsights_sitenote_active":false,"_monsterinsights_sitenote_note":"","_monsterinsights_sitenote_category":0,"site-sidebar-layout":"default","site-content-layout":"","ast-site-content-layout":"default","site-content-style":"default","site-sidebar-style":"default","ast-global-header-display":"","ast-banner-title-visibility":"","ast-main-header-display":"","ast-hfb-above-header-display":"","ast-hfb-below-header-display":"","ast-hfb-mobile-header-display":"","site-post-title":"","ast-breadcrumbs-content":"","ast-featured-img":"","footer-sml-layout":"","theme-transparent-header-meta":"default","adv-header-id-meta":"","stick-header-meta":"","header-above-stick-meta":"","header-main-stick-meta":"","header-below-stick-meta":"","astra-migrate-meta-layouts":"set","ast-page-background-enabled":"default","ast-page-background-meta":{"desktop":{"background-color":"var(--ast-global-color-4)","background-image":"","background-repeat":"repeat","background-position":"center center","background-size":"auto","background-attachment":"scroll","background-type":"","background-media":"","overlay-type":"","overlay-color":"","overlay-opacity":"","overlay-gradient":""},"tablet":{"background-color":"","background-image":"","background-repeat":"repeat","background-position":"center center","background-size":"auto","background-attachment":"scroll","background-type":"","background-media":"","overlay-type":"","overlay-color":"","overlay-opacity":"","overlay-gradient":""},"mobile":{"background-color":"","background-image":"","background-repeat":"repeat","background-position":"center center","background-size":"auto","background-attachment":"scroll","background-type":"","background-media":"","overlay-type":"","overlay-color":"","overlay-opacity":"","overlay-gradient":""}},"ast-content-background-meta":{"desktop":{"background-color":"var(--ast-global-color-5)","background-image":"","background-repeat":"repeat","background-position":"center center","background-size":"auto","background-attachment":"scroll","background-type":"","background-media":"","overlay-type":"","overlay-color":"","overlay-opacity":"","overlay-gradient":""},"tablet":{"background-color":"var(--ast-global-color-5)","background-image":"","background-repeat":"repeat","background-position":"center center","background-size":"auto","background-attachment":"scroll","background-type":"","background-media":"","overlay-type":"","overlay-color":"","overlay-opacity":"","overlay-gradient":""},"mobile":{"background-color":"var(--ast-global-color-5)","background-image":"","background-repeat":"repeat","background-position":"center center","background-size":"auto","background-attachment":"scroll","background-type":"","background-media":"","overlay-type":"","overlay-color":"","overlay-opacity":"","overlay-gradient":""}},"footnotes":""},"categories":[16],"tags":[],"class_list":["post-3650","post","type-post","status-publish","format-standard","hentry","category-uncategorized-it"],"yoast_head":"<!-- This site is optimized with the Yoast SEO plugin v25.5 - https:\/\/yoast.com\/wordpress\/plugins\/seo\/ -->\n<title>CARE Conferenza finale a Cipro: \u201cDine, Network, and Share with CARE!\u201d - C.A.R.E.<\/title>\n<meta name=\"robots\" content=\"index, follow, max-snippet:-1, max-image-preview:large, max-video-preview:-1\" \/>\n<link rel=\"canonical\" href=\"https:\/\/www.care-platform.eu\/index.php\/it\/2024\/07\/10\/care-conferenza-finale-a-cipro-dine-network-and-share-with-care\/\" \/>\n<meta property=\"og:locale\" content=\"en_US\" \/>\n<meta property=\"og:type\" content=\"article\" \/>\n<meta property=\"og:title\" content=\"CARE Conferenza finale a Cipro: \u201cDine, Network, and Share with CARE!\u201d - C.A.R.E.\" \/>\n<meta property=\"og:description\" content=\"Il 3 dicembre 2024, il Center for Social Innovation (CSI) di Cipro ha ospitato con successo l\u2019evento moltiplicatore CARE intitolato \u201cDine, Network, and Share with CARE!\u201d a Nicosia. All\u2019evento hanno partecipato 40 persone, tra cui persone con disabilit\u00e0 visiva, ceramisti, artisti, educatori, esperti nel campo della disabilit\u00e0 e altri stakeholder. L\u2019evento, tenutosi presso la taverna Stou Manoli tin, \u00e8 iniziato con una presentazione che ha raccontato il percorso e i risultati del progetto CARE. A seguire, \u00e8 stata allestita una mostra con le opere in ceramica realizzate dai partecipanti non vedenti durante i workshop e le formazioni locali e internazionali. Le opere, ricche di dettagli tattili e di creativit\u00e0, hanno stimolato conversazioni significative tra i presenti sull\u2019inclusione sociale e l\u2019espressione di s\u00e9 attraverso la ceramica. La serata \u00e8 proseguita con una cena conviviale che ha favorito un\u2019atmosfera accogliente per il networking e lo scambio di esperienze personali. \u00c8 stata inoltre dedicata una sessione di valutazione per raccogliere feedback, sottolineando l\u2019impatto positivo del progetto sia sui partecipanti che sui professionisti coinvolti. Durante tutta la serata sono stati rispettati i requisiti di visibilit\u00e0 dell\u2019UE, con banner e materiali esposti in modo evidente, e l\u2019evento \u00e8 stato promosso attraverso i canali social di CSI e la pagina Facebook di CARE. L\u2019evento moltiplicatore a Cipro ha celebrato con successo i risultati del progetto CARE, rafforzando il valore di un\u2019educazione artistica inclusiva e accessibile. Si \u00e8 concluso con un forte senso di comunit\u00e0, ispirando un continuo sostegno a iniziative creative che valorizzano e includono le persone con disabilit\u00e0 visiva.\" \/>\n<meta property=\"og:url\" content=\"https:\/\/www.care-platform.eu\/index.php\/it\/2024\/07\/10\/care-conferenza-finale-a-cipro-dine-network-and-share-with-care\/\" \/>\n<meta property=\"og:site_name\" content=\"C.A.R.E.\" \/>\n<meta property=\"article:published_time\" content=\"2024-07-10T23:13:36+00:00\" \/>\n<meta property=\"article:modified_time\" content=\"2025-08-02T00:14:40+00:00\" \/>\n<meta property=\"og:image\" content=\"https:\/\/www.care-platform.eu\/wp-content\/uploads\/2025\/07\/Picture1-1.jpg\" \/>\n\t<meta property=\"og:image:width\" content=\"512\" \/>\n\t<meta property=\"og:image:height\" content=\"384\" \/>\n\t<meta property=\"og:image:type\" content=\"image\/jpeg\" \/>\n<meta name=\"author\" content=\"admin\" \/>\n<meta name=\"twitter:card\" content=\"summary_large_image\" \/>\n<meta name=\"twitter:label1\" content=\"Written by\" \/>\n\t<meta name=\"twitter:data1\" content=\"admin\" \/>\n\t<meta name=\"twitter:label2\" content=\"Est. reading time\" \/>\n\t<meta name=\"twitter:data2\" content=\"2 minutes\" \/>\n<script type=\"application\/ld+json\" class=\"yoast-schema-graph\">{\"@context\":\"https:\/\/schema.org\",\"@graph\":[{\"@type\":\"Article\",\"@id\":\"https:\/\/www.care-platform.eu\/index.php\/it\/2024\/07\/10\/care-conferenza-finale-a-cipro-dine-network-and-share-with-care\/#article\",\"isPartOf\":{\"@id\":\"https:\/\/www.care-platform.eu\/index.php\/it\/2024\/07\/10\/care-conferenza-finale-a-cipro-dine-network-and-share-with-care\/\"},\"author\":{\"name\":\"admin\",\"@id\":\"https:\/\/www.care-platform.eu\/#\/schema\/person\/290df17b1298613ab5025d8b3f4de953\"},\"headline\":\"CARE Conferenza finale a Cipro: \u201cDine, Network, and Share with CARE!\u201d\",\"datePublished\":\"2024-07-10T23:13:36+00:00\",\"dateModified\":\"2025-08-02T00:14:40+00:00\",\"mainEntityOfPage\":{\"@id\":\"https:\/\/www.care-platform.eu\/index.php\/it\/2024\/07\/10\/care-conferenza-finale-a-cipro-dine-network-and-share-with-care\/\"},\"wordCount\":267,\"commentCount\":0,\"publisher\":{\"@id\":\"https:\/\/www.care-platform.eu\/#organization\"},\"image\":{\"@id\":\"https:\/\/www.care-platform.eu\/index.php\/it\/2024\/07\/10\/care-conferenza-finale-a-cipro-dine-network-and-share-with-care\/#primaryimage\"},\"thumbnailUrl\":\"http:\/\/www.care-platform.eu\/wp-content\/uploads\/2025\/07\/Picture1-1-300x225.jpg\",\"inLanguage\":\"en-US\",\"potentialAction\":[{\"@type\":\"CommentAction\",\"name\":\"Comment\",\"target\":[\"https:\/\/www.care-platform.eu\/index.php\/it\/2024\/07\/10\/care-conferenza-finale-a-cipro-dine-network-and-share-with-care\/#respond\"]}]},{\"@type\":\"WebPage\",\"@id\":\"https:\/\/www.care-platform.eu\/index.php\/it\/2024\/07\/10\/care-conferenza-finale-a-cipro-dine-network-and-share-with-care\/\",\"url\":\"https:\/\/www.care-platform.eu\/index.php\/it\/2024\/07\/10\/care-conferenza-finale-a-cipro-dine-network-and-share-with-care\/\",\"name\":\"CARE Conferenza finale a Cipro: \u201cDine, Network, and Share with CARE!\u201d - C.A.R.E.\",\"isPartOf\":{\"@id\":\"https:\/\/www.care-platform.eu\/#website\"},\"primaryImageOfPage\":{\"@id\":\"https:\/\/www.care-platform.eu\/index.php\/it\/2024\/07\/10\/care-conferenza-finale-a-cipro-dine-network-and-share-with-care\/#primaryimage\"},\"image\":{\"@id\":\"https:\/\/www.care-platform.eu\/index.php\/it\/2024\/07\/10\/care-conferenza-finale-a-cipro-dine-network-and-share-with-care\/#primaryimage\"},\"thumbnailUrl\":\"http:\/\/www.care-platform.eu\/wp-content\/uploads\/2025\/07\/Picture1-1-300x225.jpg\",\"datePublished\":\"2024-07-10T23:13:36+00:00\",\"dateModified\":\"2025-08-02T00:14:40+00:00\",\"breadcrumb\":{\"@id\":\"https:\/\/www.care-platform.eu\/index.php\/it\/2024\/07\/10\/care-conferenza-finale-a-cipro-dine-network-and-share-with-care\/#breadcrumb\"},\"inLanguage\":\"en-US\",\"potentialAction\":[{\"@type\":\"ReadAction\",\"target\":[\"https:\/\/www.care-platform.eu\/index.php\/it\/2024\/07\/10\/care-conferenza-finale-a-cipro-dine-network-and-share-with-care\/\"]}]},{\"@type\":\"ImageObject\",\"inLanguage\":\"en-US\",\"@id\":\"https:\/\/www.care-platform.eu\/index.php\/it\/2024\/07\/10\/care-conferenza-finale-a-cipro-dine-network-and-share-with-care\/#primaryimage\",\"url\":\"https:\/\/www.care-platform.eu\/wp-content\/uploads\/2025\/07\/Picture1-1.jpg\",\"contentUrl\":\"https:\/\/www.care-platform.eu\/wp-content\/uploads\/2025\/07\/Picture1-1.jpg\",\"width\":512,\"height\":384},{\"@type\":\"BreadcrumbList\",\"@id\":\"https:\/\/www.care-platform.eu\/index.php\/it\/2024\/07\/10\/care-conferenza-finale-a-cipro-dine-network-and-share-with-care\/#breadcrumb\",\"itemListElement\":[{\"@type\":\"ListItem\",\"position\":1,\"name\":\"Home\",\"item\":\"https:\/\/www.care-platform.eu\/\"},{\"@type\":\"ListItem\",\"position\":2,\"name\":\"CARE Conferenza finale a Cipro: \u201cDine, Network, and Share with CARE!\u201d\"}]},{\"@type\":\"WebSite\",\"@id\":\"https:\/\/www.care-platform.eu\/#website\",\"url\":\"https:\/\/www.care-platform.eu\/\",\"name\":\"C.A.R.E.\",\"description\":\"\",\"publisher\":{\"@id\":\"https:\/\/www.care-platform.eu\/#organization\"},\"potentialAction\":[{\"@type\":\"SearchAction\",\"target\":{\"@type\":\"EntryPoint\",\"urlTemplate\":\"https:\/\/www.care-platform.eu\/?s={search_term_string}\"},\"query-input\":{\"@type\":\"PropertyValueSpecification\",\"valueRequired\":true,\"valueName\":\"search_term_string\"}}],\"inLanguage\":\"en-US\"},{\"@type\":\"Organization\",\"@id\":\"https:\/\/www.care-platform.eu\/#organization\",\"name\":\"C.A.R.E.\",\"url\":\"https:\/\/www.care-platform.eu\/\",\"logo\":{\"@type\":\"ImageObject\",\"inLanguage\":\"en-US\",\"@id\":\"https:\/\/www.care-platform.eu\/#\/schema\/logo\/image\/\",\"url\":\"https:\/\/www.care-platform.eu\/wp-content\/uploads\/2023\/04\/cropped-cropped-logo-1-1.png\",\"contentUrl\":\"https:\/\/www.care-platform.eu\/wp-content\/uploads\/2023\/04\/cropped-cropped-logo-1-1.png\",\"width\":127,\"height\":153,\"caption\":\"C.A.R.E.\"},\"image\":{\"@id\":\"https:\/\/www.care-platform.eu\/#\/schema\/logo\/image\/\"}},{\"@type\":\"Person\",\"@id\":\"https:\/\/www.care-platform.eu\/#\/schema\/person\/290df17b1298613ab5025d8b3f4de953\",\"name\":\"admin\",\"image\":{\"@type\":\"ImageObject\",\"inLanguage\":\"en-US\",\"@id\":\"https:\/\/www.care-platform.eu\/#\/schema\/person\/image\/\",\"url\":\"https:\/\/secure.gravatar.com\/avatar\/6a10196b803b7bcbcadb30b586c5b2a3841013d254b8676359791fac2b00b403?s=96&d=mm&r=g\",\"contentUrl\":\"https:\/\/secure.gravatar.com\/avatar\/6a10196b803b7bcbcadb30b586c5b2a3841013d254b8676359791fac2b00b403?s=96&d=mm&r=g\",\"caption\":\"admin\"},\"sameAs\":[\"http:\/\/32903897134170577.blog.com.gr\"],\"url\":\"https:\/\/www.care-platform.eu\/index.php\/author\/tourniss_sq4t7cxk\/\"}]}<\/script>\n<!-- \/ Yoast SEO plugin. -->","yoast_head_json":{"title":"CARE Conferenza finale a Cipro: \u201cDine, Network, and Share with CARE!\u201d - C.A.R.E.","robots":{"index":"index","follow":"follow","max-snippet":"max-snippet:-1","max-image-preview":"max-image-preview:large","max-video-preview":"max-video-preview:-1"},"canonical":"https:\/\/www.care-platform.eu\/index.php\/it\/2024\/07\/10\/care-conferenza-finale-a-cipro-dine-network-and-share-with-care\/","og_locale":"en_US","og_type":"article","og_title":"CARE Conferenza finale a Cipro: \u201cDine, Network, and Share with CARE!\u201d - C.A.R.E.","og_description":"Il 3 dicembre 2024, il Center for Social Innovation (CSI) di Cipro ha ospitato con successo l\u2019evento moltiplicatore CARE intitolato \u201cDine, Network, and Share with CARE!\u201d a Nicosia. All\u2019evento hanno partecipato 40 persone, tra cui persone con disabilit\u00e0 visiva, ceramisti, artisti, educatori, esperti nel campo della disabilit\u00e0 e altri stakeholder. L\u2019evento, tenutosi presso la taverna Stou Manoli tin, \u00e8 iniziato con una presentazione che ha raccontato il percorso e i risultati del progetto CARE. A seguire, \u00e8 stata allestita una mostra con le opere in ceramica realizzate dai partecipanti non vedenti durante i workshop e le formazioni locali e internazionali. Le opere, ricche di dettagli tattili e di creativit\u00e0, hanno stimolato conversazioni significative tra i presenti sull\u2019inclusione sociale e l\u2019espressione di s\u00e9 attraverso la ceramica. La serata \u00e8 proseguita con una cena conviviale che ha favorito un\u2019atmosfera accogliente per il networking e lo scambio di esperienze personali. \u00c8 stata inoltre dedicata una sessione di valutazione per raccogliere feedback, sottolineando l\u2019impatto positivo del progetto sia sui partecipanti che sui professionisti coinvolti. Durante tutta la serata sono stati rispettati i requisiti di visibilit\u00e0 dell\u2019UE, con banner e materiali esposti in modo evidente, e l\u2019evento \u00e8 stato promosso attraverso i canali social di CSI e la pagina Facebook di CARE. L\u2019evento moltiplicatore a Cipro ha celebrato con successo i risultati del progetto CARE, rafforzando il valore di un\u2019educazione artistica inclusiva e accessibile. Si \u00e8 concluso con un forte senso di comunit\u00e0, ispirando un continuo sostegno a iniziative creative che valorizzano e includono le persone con disabilit\u00e0 visiva.","og_url":"https:\/\/www.care-platform.eu\/index.php\/it\/2024\/07\/10\/care-conferenza-finale-a-cipro-dine-network-and-share-with-care\/","og_site_name":"C.A.R.E.","article_published_time":"2024-07-10T23:13:36+00:00","article_modified_time":"2025-08-02T00:14:40+00:00","og_image":[{"width":512,"height":384,"url":"https:\/\/www.care-platform.eu\/wp-content\/uploads\/2025\/07\/Picture1-1.jpg","type":"image\/jpeg"}],"author":"admin","twitter_card":"summary_large_image","twitter_misc":{"Written by":"admin","Est. reading time":"2 minutes"},"schema":{"@context":"https:\/\/schema.org","@graph":[{"@type":"Article","@id":"https:\/\/www.care-platform.eu\/index.php\/it\/2024\/07\/10\/care-conferenza-finale-a-cipro-dine-network-and-share-with-care\/#article","isPartOf":{"@id":"https:\/\/www.care-platform.eu\/index.php\/it\/2024\/07\/10\/care-conferenza-finale-a-cipro-dine-network-and-share-with-care\/"},"author":{"name":"admin","@id":"https:\/\/www.care-platform.eu\/#\/schema\/person\/290df17b1298613ab5025d8b3f4de953"},"headline":"CARE Conferenza finale a Cipro: \u201cDine, Network, and Share with CARE!\u201d","datePublished":"2024-07-10T23:13:36+00:00","dateModified":"2025-08-02T00:14:40+00:00","mainEntityOfPage":{"@id":"https:\/\/www.care-platform.eu\/index.php\/it\/2024\/07\/10\/care-conferenza-finale-a-cipro-dine-network-and-share-with-care\/"},"wordCount":267,"commentCount":0,"publisher":{"@id":"https:\/\/www.care-platform.eu\/#organization"},"image":{"@id":"https:\/\/www.care-platform.eu\/index.php\/it\/2024\/07\/10\/care-conferenza-finale-a-cipro-dine-network-and-share-with-care\/#primaryimage"},"thumbnailUrl":"http:\/\/www.care-platform.eu\/wp-content\/uploads\/2025\/07\/Picture1-1-300x225.jpg","inLanguage":"en-US","potentialAction":[{"@type":"CommentAction","name":"Comment","target":["https:\/\/www.care-platform.eu\/index.php\/it\/2024\/07\/10\/care-conferenza-finale-a-cipro-dine-network-and-share-with-care\/#respond"]}]},{"@type":"WebPage","@id":"https:\/\/www.care-platform.eu\/index.php\/it\/2024\/07\/10\/care-conferenza-finale-a-cipro-dine-network-and-share-with-care\/","url":"https:\/\/www.care-platform.eu\/index.php\/it\/2024\/07\/10\/care-conferenza-finale-a-cipro-dine-network-and-share-with-care\/","name":"CARE Conferenza finale a Cipro: \u201cDine, Network, and Share with CARE!\u201d - C.A.R.E.","isPartOf":{"@id":"https:\/\/www.care-platform.eu\/#website"},"primaryImageOfPage":{"@id":"https:\/\/www.care-platform.eu\/index.php\/it\/2024\/07\/10\/care-conferenza-finale-a-cipro-dine-network-and-share-with-care\/#primaryimage"},"image":{"@id":"https:\/\/www.care-platform.eu\/index.php\/it\/2024\/07\/10\/care-conferenza-finale-a-cipro-dine-network-and-share-with-care\/#primaryimage"},"thumbnailUrl":"http:\/\/www.care-platform.eu\/wp-content\/uploads\/2025\/07\/Picture1-1-300x225.jpg","datePublished":"2024-07-10T23:13:36+00:00","dateModified":"2025-08-02T00:14:40+00:00","breadcrumb":{"@id":"https:\/\/www.care-platform.eu\/index.php\/it\/2024\/07\/10\/care-conferenza-finale-a-cipro-dine-network-and-share-with-care\/#breadcrumb"},"inLanguage":"en-US","potentialAction":[{"@type":"ReadAction","target":["https:\/\/www.care-platform.eu\/index.php\/it\/2024\/07\/10\/care-conferenza-finale-a-cipro-dine-network-and-share-with-care\/"]}]},{"@type":"ImageObject","inLanguage":"en-US","@id":"https:\/\/www.care-platform.eu\/index.php\/it\/2024\/07\/10\/care-conferenza-finale-a-cipro-dine-network-and-share-with-care\/#primaryimage","url":"https:\/\/www.care-platform.eu\/wp-content\/uploads\/2025\/07\/Picture1-1.jpg","contentUrl":"https:\/\/www.care-platform.eu\/wp-content\/uploads\/2025\/07\/Picture1-1.jpg","width":512,"height":384},{"@type":"BreadcrumbList","@id":"https:\/\/www.care-platform.eu\/index.php\/it\/2024\/07\/10\/care-conferenza-finale-a-cipro-dine-network-and-share-with-care\/#breadcrumb","itemListElement":[{"@type":"ListItem","position":1,"name":"Home","item":"https:\/\/www.care-platform.eu\/"},{"@type":"ListItem","position":2,"name":"CARE Conferenza finale a Cipro: \u201cDine, Network, and Share with CARE!\u201d"}]},{"@type":"WebSite","@id":"https:\/\/www.care-platform.eu\/#website","url":"https:\/\/www.care-platform.eu\/","name":"C.A.R.E.","description":"","publisher":{"@id":"https:\/\/www.care-platform.eu\/#organization"},"potentialAction":[{"@type":"SearchAction","target":{"@type":"EntryPoint","urlTemplate":"https:\/\/www.care-platform.eu\/?s={search_term_string}"},"query-input":{"@type":"PropertyValueSpecification","valueRequired":true,"valueName":"search_term_string"}}],"inLanguage":"en-US"},{"@type":"Organization","@id":"https:\/\/www.care-platform.eu\/#organization","name":"C.A.R.E.","url":"https:\/\/www.care-platform.eu\/","logo":{"@type":"ImageObject","inLanguage":"en-US","@id":"https:\/\/www.care-platform.eu\/#\/schema\/logo\/image\/","url":"https:\/\/www.care-platform.eu\/wp-content\/uploads\/2023\/04\/cropped-cropped-logo-1-1.png","contentUrl":"https:\/\/www.care-platform.eu\/wp-content\/uploads\/2023\/04\/cropped-cropped-logo-1-1.png","width":127,"height":153,"caption":"C.A.R.E."},"image":{"@id":"https:\/\/www.care-platform.eu\/#\/schema\/logo\/image\/"}},{"@type":"Person","@id":"https:\/\/www.care-platform.eu\/#\/schema\/person\/290df17b1298613ab5025d8b3f4de953","name":"admin","image":{"@type":"ImageObject","inLanguage":"en-US","@id":"https:\/\/www.care-platform.eu\/#\/schema\/person\/image\/","url":"https:\/\/secure.gravatar.com\/avatar\/6a10196b803b7bcbcadb30b586c5b2a3841013d254b8676359791fac2b00b403?s=96&d=mm&r=g","contentUrl":"https:\/\/secure.gravatar.com\/avatar\/6a10196b803b7bcbcadb30b586c5b2a3841013d254b8676359791fac2b00b403?s=96&d=mm&r=g","caption":"admin"},"sameAs":["http:\/\/32903897134170577.blog.com.gr"],"url":"https:\/\/www.care-platform.eu\/index.php\/author\/tourniss_sq4t7cxk\/"}]}},"_links":{"self":[{"href":"https:\/\/www.care-platform.eu\/index.php\/wp-json\/wp\/v2\/posts\/3650","targetHints":{"allow":["GET"]}}],"collection":[{"href":"https:\/\/www.care-platform.eu\/index.php\/wp-json\/wp\/v2\/posts"}],"about":[{"href":"https:\/\/www.care-platform.eu\/index.php\/wp-json\/wp\/v2\/types\/post"}],"author":[{"embeddable":true,"href":"https:\/\/www.care-platform.eu\/index.php\/wp-json\/wp\/v2\/users\/1"}],"replies":[{"embeddable":true,"href":"https:\/\/www.care-platform.eu\/index.php\/wp-json\/wp\/v2\/comments?post=3650"}],"version-history":[{"count":1,"href":"https:\/\/www.care-platform.eu\/index.php\/wp-json\/wp\/v2\/posts\/3650\/revisions"}],"predecessor-version":[{"id":3651,"href":"https:\/\/www.care-platform.eu\/index.php\/wp-json\/wp\/v2\/posts\/3650\/revisions\/3651"}],"wp:attachment":[{"href":"https:\/\/www.care-platform.eu\/index.php\/wp-json\/wp\/v2\/media?parent=3650"}],"wp:term":[{"taxonomy":"category","embeddable":true,"href":"https:\/\/www.care-platform.eu\/index.php\/wp-json\/wp\/v2\/categories?post=3650"},{"taxonomy":"post_tag","embeddable":true,"href":"https:\/\/www.care-platform.eu\/index.php\/wp-json\/wp\/v2\/tags?post=3650"}],"curies":[{"name":"wp","href":"https:\/\/api.w.org\/{rel}","templated":true}]}}