{"id":3664,"date":"2023-01-26T20:29:45","date_gmt":"2023-01-26T20:29:45","guid":{"rendered":"https:\/\/www.care-platform.eu\/?p=3664"},"modified":"2025-08-02T00:31:24","modified_gmt":"2025-08-02T00:31:24","slug":"pierwsze-miedzynarodowe-spotkanie-partnerow-projektu-c-a-r-e","status":"publish","type":"post","link":"https:\/\/www.care-platform.eu\/index.php\/pl\/2023\/01\/26\/pierwsze-miedzynarodowe-spotkanie-partnerow-projektu-c-a-r-e\/","title":{"rendered":"Pierwsze mi\u0119dzynarodowe spotkanie partner\u00f3w projektu C.A.R.E."},"content":{"rendered":"<p>Dziewi\u0119ciu przedstawicieli pi\u0119ciu organizacji partnerskich z czterech kraj\u00f3w europejskich wzi\u0119\u0142o udzia\u0142 w pierwszym mi\u0119dzynarodowym spotkaniu inauguracyjnym projektu Erasmus+ C.A.R.E.: Zwi\u0119kszanie poczucia w\u0142asnej warto\u015bci i\u00a0szans na\u00a0zatrudnienie os\u00f3b z\u00a0niepe\u0142nosprawno\u015bci\u0105 wzrokow\u0105 poprzez kszta\u0142towanie ich kompetencji psychomotorycznych w\u00a0pracy z\u00a0ceramik\u0105<\/p>\n<p>Spotkanie odby\u0142o si\u0119 w Atenach w dniach 17\u201318 stycznia 2023 r. i zosta\u0142o zorganizowane przez SIGMA BUSINESS NETWORK.<\/p>\n<p>Rezultatem tego trzyletniego (2022-2025) projektu \u2013 finansowanego w ramach programu UE \u201ePartnerstwo strategiczne\u201d \u2013 jest zwi\u0119kszenie poczucia w\u0142asnej warto\u015bci u m\u0142odych os\u00f3b z dysfunkcj\u0105 wzroku poprzez wzmocnienie ich umiej\u0119tno\u015bci psychomotorycznych poprzez warsztaty ceramiczne<\/p>\n<p>W spotkaniu udzia\u0142 wzi\u0119li przedstawiciele organizacji SIGMA BUSINESS NETWORK oraz pozosta\u0142ych partner\u00f3w projektu. Ka\u017cda organizacja zaprezentowa\u0142a swoj\u0105 dzia\u0142alno\u015b\u0107, kompetencje oraz planowane zaanga\u017cowanie w ramach projektu. Podczas spotkania om\u00f3wiono m.in. kwestie zwi\u0105zane z zarz\u0105dzaniem projektem i jego realizacj\u0105, zarz\u0105dzaniem finansami, a tak\u017ce strategi\u0105 zapewnienia jako\u015bci, dzia\u0142aniami w zakresie upowszechniania rezultat\u00f3w i planem zapewnienia trwa\u0142o\u015bci rezultat\u00f3w. Wszystkie te elementy zosta\u0142y szczeg\u00f3\u0142owo przedyskutowane pod k\u0105tem wdra\u017cania projektu.<\/p>\n<p>Spotkanie by\u0142o r\u00f3wnie\u017c okazj\u0105 do wymiany pomys\u0142\u00f3w, opinii i do\u015bwiadcze\u0144 mi\u0119dzy partnerami oraz om\u00f3wienia szczeg\u00f3\u0142\u00f3w dotycz\u0105cych organizacji kolejnych mi\u0119dzynarodowych spotka\u0144 projektowych.<\/p>\n<p>&nbsp;<\/p>\n<p><img fetchpriority=\"high\" decoding=\"async\" class=\"aligncenter wp-image-3570\" src=\"http:\/\/www.care-platform.eu\/wp-content\/uploads\/2025\/07\/Picture1-4-300x199.jpg\" alt=\"\" width=\"520\" height=\"345\" srcset=\"https:\/\/www.care-platform.eu\/wp-content\/uploads\/2025\/07\/Picture1-4-300x199.jpg 300w, https:\/\/www.care-platform.eu\/wp-content\/uploads\/2025\/07\/Picture1-4-1024x679.jpg 1024w, https:\/\/www.care-platform.eu\/wp-content\/uploads\/2025\/07\/Picture1-4-768x510.jpg 768w, https:\/\/www.care-platform.eu\/wp-content\/uploads\/2025\/07\/Picture1-4.jpg 1269w\" sizes=\"(max-width: 520px) 100vw, 520px\" \/><\/p>\n","protected":false},"excerpt":{"rendered":"<p>Dziewi\u0119ciu przedstawicieli pi\u0119ciu organizacji partnerskich z czterech kraj\u00f3w europejskich wzi\u0119\u0142o udzia\u0142 w pierwszym mi\u0119dzynarodowym spotkaniu inauguracyjnym projektu Erasmus+ C.A.R.E.: Zwi\u0119kszanie poczucia w\u0142asnej warto\u015bci i\u00a0szans na\u00a0zatrudnienie os\u00f3b z\u00a0niepe\u0142nosprawno\u015bci\u0105 wzrokow\u0105 poprzez kszta\u0142towanie ich kompetencji psychomotorycznych w\u00a0pracy z\u00a0ceramik\u0105 Spotkanie odby\u0142o si\u0119 w Atenach w dniach 17\u201318 stycznia 2023 r. i zosta\u0142o zorganizowane przez SIGMA BUSINESS NETWORK. Rezultatem tego trzyletniego (2022-2025) projektu \u2013 finansowanego w ramach programu UE \u201ePartnerstwo strategiczne\u201d \u2013 jest zwi\u0119kszenie poczucia w\u0142asnej warto\u015bci u m\u0142odych os\u00f3b z dysfunkcj\u0105 wzroku poprzez wzmocnienie ich umiej\u0119tno\u015bci psychomotorycznych poprzez warsztaty ceramiczne W spotkaniu udzia\u0142 wzi\u0119li przedstawiciele organizacji SIGMA BUSINESS NETWORK oraz pozosta\u0142ych partner\u00f3w projektu. Ka\u017cda organizacja zaprezentowa\u0142a swoj\u0105 dzia\u0142alno\u015b\u0107, kompetencje oraz planowane zaanga\u017cowanie w ramach projektu. Podczas spotkania om\u00f3wiono m.in. kwestie zwi\u0105zane z zarz\u0105dzaniem projektem i jego realizacj\u0105, zarz\u0105dzaniem finansami, a tak\u017ce strategi\u0105 zapewnienia jako\u015bci, dzia\u0142aniami w zakresie upowszechniania rezultat\u00f3w i planem zapewnienia trwa\u0142o\u015bci rezultat\u00f3w. Wszystkie te elementy zosta\u0142y szczeg\u00f3\u0142owo przedyskutowane pod k\u0105tem wdra\u017cania projektu. Spotkanie by\u0142o r\u00f3wnie\u017c okazj\u0105 do wymiany pomys\u0142\u00f3w, opinii i do\u015bwiadcze\u0144 mi\u0119dzy partnerami oraz om\u00f3wienia szczeg\u00f3\u0142\u00f3w dotycz\u0105cych organizacji kolejnych mi\u0119dzynarodowych spotka\u0144 projektowych. &nbsp;<\/p>\n","protected":false},"author":1,"featured_media":0,"comment_status":"open","ping_status":"open","sticky":false,"template":"","format":"standard","meta":{"_exactmetrics_skip_tracking":false,"_exactmetrics_sitenote_active":false,"_exactmetrics_sitenote_note":"","_exactmetrics_sitenote_category":0,"_monsterinsights_skip_tracking":false,"_monsterinsights_sitenote_active":false,"_monsterinsights_sitenote_note":"","_monsterinsights_sitenote_category":0,"site-sidebar-layout":"default","site-content-layout":"","ast-site-content-layout":"default","site-content-style":"default","site-sidebar-style":"default","ast-global-header-display":"","ast-banner-title-visibility":"","ast-main-header-display":"","ast-hfb-above-header-display":"","ast-hfb-below-header-display":"","ast-hfb-mobile-header-display":"","site-post-title":"","ast-breadcrumbs-content":"","ast-featured-img":"","footer-sml-layout":"","theme-transparent-header-meta":"default","adv-header-id-meta":"","stick-header-meta":"","header-above-stick-meta":"","header-main-stick-meta":"","header-below-stick-meta":"","astra-migrate-meta-layouts":"set","ast-page-background-enabled":"default","ast-page-background-meta":{"desktop":{"background-color":"var(--ast-global-color-4)","background-image":"","background-repeat":"repeat","background-position":"center center","background-size":"auto","background-attachment":"scroll","background-type":"","background-media":"","overlay-type":"","overlay-color":"","overlay-opacity":"","overlay-gradient":""},"tablet":{"background-color":"","background-image":"","background-repeat":"repeat","background-position":"center center","background-size":"auto","background-attachment":"scroll","background-type":"","background-media":"","overlay-type":"","overlay-color":"","overlay-opacity":"","overlay-gradient":""},"mobile":{"background-color":"","background-image":"","background-repeat":"repeat","background-position":"center center","background-size":"auto","background-attachment":"scroll","background-type":"","background-media":"","overlay-type":"","overlay-color":"","overlay-opacity":"","overlay-gradient":""}},"ast-content-background-meta":{"desktop":{"background-color":"var(--ast-global-color-5)","background-image":"","background-repeat":"repeat","background-position":"center center","background-size":"auto","background-attachment":"scroll","background-type":"","background-media":"","overlay-type":"","overlay-color":"","overlay-opacity":"","overlay-gradient":""},"tablet":{"background-color":"var(--ast-global-color-5)","background-image":"","background-repeat":"repeat","background-position":"center center","background-size":"auto","background-attachment":"scroll","background-type":"","background-media":"","overlay-type":"","overlay-color":"","overlay-opacity":"","overlay-gradient":""},"mobile":{"background-color":"var(--ast-global-color-5)","background-image":"","background-repeat":"repeat","background-position":"center center","background-size":"auto","background-attachment":"scroll","background-type":"","background-media":"","overlay-type":"","overlay-color":"","overlay-opacity":"","overlay-gradient":""}},"footnotes":""},"categories":[20],"tags":[],"class_list":["post-3664","post","type-post","status-publish","format-standard","hentry","category-uncategorized-pl"],"yoast_head":"<!-- This site is optimized with the Yoast SEO plugin v25.5 - https:\/\/yoast.com\/wordpress\/plugins\/seo\/ -->\n<title>Pierwsze mi\u0119dzynarodowe spotkanie partner\u00f3w projektu C.A.R.E. - C.A.R.E.<\/title>\n<meta name=\"robots\" content=\"index, follow, max-snippet:-1, max-image-preview:large, max-video-preview:-1\" \/>\n<link rel=\"canonical\" href=\"https:\/\/www.care-platform.eu\/index.php\/pl\/2023\/01\/26\/pierwsze-miedzynarodowe-spotkanie-partnerow-projektu-c-a-r-e\/\" \/>\n<meta property=\"og:locale\" content=\"en_US\" \/>\n<meta property=\"og:type\" content=\"article\" \/>\n<meta property=\"og:title\" content=\"Pierwsze mi\u0119dzynarodowe spotkanie partner\u00f3w projektu C.A.R.E. - C.A.R.E.\" \/>\n<meta property=\"og:description\" content=\"Dziewi\u0119ciu przedstawicieli pi\u0119ciu organizacji partnerskich z czterech kraj\u00f3w europejskich wzi\u0119\u0142o udzia\u0142 w pierwszym mi\u0119dzynarodowym spotkaniu inauguracyjnym projektu Erasmus+ C.A.R.E.: Zwi\u0119kszanie poczucia w\u0142asnej warto\u015bci i\u00a0szans na\u00a0zatrudnienie os\u00f3b z\u00a0niepe\u0142nosprawno\u015bci\u0105 wzrokow\u0105 poprzez kszta\u0142towanie ich kompetencji psychomotorycznych w\u00a0pracy z\u00a0ceramik\u0105 Spotkanie odby\u0142o si\u0119 w Atenach w dniach 17\u201318 stycznia 2023 r. i zosta\u0142o zorganizowane przez SIGMA BUSINESS NETWORK. Rezultatem tego trzyletniego (2022-2025) projektu \u2013 finansowanego w ramach programu UE \u201ePartnerstwo strategiczne\u201d \u2013 jest zwi\u0119kszenie poczucia w\u0142asnej warto\u015bci u m\u0142odych os\u00f3b z dysfunkcj\u0105 wzroku poprzez wzmocnienie ich umiej\u0119tno\u015bci psychomotorycznych poprzez warsztaty ceramiczne W spotkaniu udzia\u0142 wzi\u0119li przedstawiciele organizacji SIGMA BUSINESS NETWORK oraz pozosta\u0142ych partner\u00f3w projektu. Ka\u017cda organizacja zaprezentowa\u0142a swoj\u0105 dzia\u0142alno\u015b\u0107, kompetencje oraz planowane zaanga\u017cowanie w ramach projektu. Podczas spotkania om\u00f3wiono m.in. kwestie zwi\u0105zane z zarz\u0105dzaniem projektem i jego realizacj\u0105, zarz\u0105dzaniem finansami, a tak\u017ce strategi\u0105 zapewnienia jako\u015bci, dzia\u0142aniami w zakresie upowszechniania rezultat\u00f3w i planem zapewnienia trwa\u0142o\u015bci rezultat\u00f3w. Wszystkie te elementy zosta\u0142y szczeg\u00f3\u0142owo przedyskutowane pod k\u0105tem wdra\u017cania projektu. Spotkanie by\u0142o r\u00f3wnie\u017c okazj\u0105 do wymiany pomys\u0142\u00f3w, opinii i do\u015bwiadcze\u0144 mi\u0119dzy partnerami oraz om\u00f3wienia szczeg\u00f3\u0142\u00f3w dotycz\u0105cych organizacji kolejnych mi\u0119dzynarodowych spotka\u0144 projektowych. &nbsp;\" \/>\n<meta property=\"og:url\" content=\"https:\/\/www.care-platform.eu\/index.php\/pl\/2023\/01\/26\/pierwsze-miedzynarodowe-spotkanie-partnerow-projektu-c-a-r-e\/\" \/>\n<meta property=\"og:site_name\" content=\"C.A.R.E.\" \/>\n<meta property=\"article:published_time\" content=\"2023-01-26T20:29:45+00:00\" \/>\n<meta property=\"article:modified_time\" content=\"2025-08-02T00:31:24+00:00\" \/>\n<meta property=\"og:image\" content=\"https:\/\/www.care-platform.eu\/wp-content\/uploads\/2025\/07\/Picture1-4.jpg\" \/>\n\t<meta property=\"og:image:width\" content=\"1269\" \/>\n\t<meta property=\"og:image:height\" content=\"842\" \/>\n\t<meta property=\"og:image:type\" content=\"image\/jpeg\" \/>\n<meta name=\"author\" content=\"admin\" \/>\n<meta name=\"twitter:card\" content=\"summary_large_image\" \/>\n<meta name=\"twitter:label1\" content=\"Written by\" \/>\n\t<meta name=\"twitter:data1\" content=\"admin\" \/>\n\t<meta name=\"twitter:label2\" content=\"Est. reading time\" \/>\n\t<meta name=\"twitter:data2\" content=\"1 minute\" \/>\n<script type=\"application\/ld+json\" class=\"yoast-schema-graph\">{\"@context\":\"https:\/\/schema.org\",\"@graph\":[{\"@type\":\"Article\",\"@id\":\"https:\/\/www.care-platform.eu\/index.php\/pl\/2023\/01\/26\/pierwsze-miedzynarodowe-spotkanie-partnerow-projektu-c-a-r-e\/#article\",\"isPartOf\":{\"@id\":\"https:\/\/www.care-platform.eu\/index.php\/pl\/2023\/01\/26\/pierwsze-miedzynarodowe-spotkanie-partnerow-projektu-c-a-r-e\/\"},\"author\":{\"name\":\"admin\",\"@id\":\"https:\/\/www.care-platform.eu\/#\/schema\/person\/290df17b1298613ab5025d8b3f4de953\"},\"headline\":\"Pierwsze mi\u0119dzynarodowe spotkanie partner\u00f3w projektu C.A.R.E.\",\"datePublished\":\"2023-01-26T20:29:45+00:00\",\"dateModified\":\"2025-08-02T00:31:24+00:00\",\"mainEntityOfPage\":{\"@id\":\"https:\/\/www.care-platform.eu\/index.php\/pl\/2023\/01\/26\/pierwsze-miedzynarodowe-spotkanie-partnerow-projektu-c-a-r-e\/\"},\"wordCount\":240,\"commentCount\":0,\"publisher\":{\"@id\":\"https:\/\/www.care-platform.eu\/#organization\"},\"image\":{\"@id\":\"https:\/\/www.care-platform.eu\/index.php\/pl\/2023\/01\/26\/pierwsze-miedzynarodowe-spotkanie-partnerow-projektu-c-a-r-e\/#primaryimage\"},\"thumbnailUrl\":\"http:\/\/www.care-platform.eu\/wp-content\/uploads\/2025\/07\/Picture1-4-300x199.jpg\",\"inLanguage\":\"en-US\",\"potentialAction\":[{\"@type\":\"CommentAction\",\"name\":\"Comment\",\"target\":[\"https:\/\/www.care-platform.eu\/index.php\/pl\/2023\/01\/26\/pierwsze-miedzynarodowe-spotkanie-partnerow-projektu-c-a-r-e\/#respond\"]}]},{\"@type\":\"WebPage\",\"@id\":\"https:\/\/www.care-platform.eu\/index.php\/pl\/2023\/01\/26\/pierwsze-miedzynarodowe-spotkanie-partnerow-projektu-c-a-r-e\/\",\"url\":\"https:\/\/www.care-platform.eu\/index.php\/pl\/2023\/01\/26\/pierwsze-miedzynarodowe-spotkanie-partnerow-projektu-c-a-r-e\/\",\"name\":\"Pierwsze mi\u0119dzynarodowe spotkanie partner\u00f3w projektu C.A.R.E. - C.A.R.E.\",\"isPartOf\":{\"@id\":\"https:\/\/www.care-platform.eu\/#website\"},\"primaryImageOfPage\":{\"@id\":\"https:\/\/www.care-platform.eu\/index.php\/pl\/2023\/01\/26\/pierwsze-miedzynarodowe-spotkanie-partnerow-projektu-c-a-r-e\/#primaryimage\"},\"image\":{\"@id\":\"https:\/\/www.care-platform.eu\/index.php\/pl\/2023\/01\/26\/pierwsze-miedzynarodowe-spotkanie-partnerow-projektu-c-a-r-e\/#primaryimage\"},\"thumbnailUrl\":\"http:\/\/www.care-platform.eu\/wp-content\/uploads\/2025\/07\/Picture1-4-300x199.jpg\",\"datePublished\":\"2023-01-26T20:29:45+00:00\",\"dateModified\":\"2025-08-02T00:31:24+00:00\",\"breadcrumb\":{\"@id\":\"https:\/\/www.care-platform.eu\/index.php\/pl\/2023\/01\/26\/pierwsze-miedzynarodowe-spotkanie-partnerow-projektu-c-a-r-e\/#breadcrumb\"},\"inLanguage\":\"en-US\",\"potentialAction\":[{\"@type\":\"ReadAction\",\"target\":[\"https:\/\/www.care-platform.eu\/index.php\/pl\/2023\/01\/26\/pierwsze-miedzynarodowe-spotkanie-partnerow-projektu-c-a-r-e\/\"]}]},{\"@type\":\"ImageObject\",\"inLanguage\":\"en-US\",\"@id\":\"https:\/\/www.care-platform.eu\/index.php\/pl\/2023\/01\/26\/pierwsze-miedzynarodowe-spotkanie-partnerow-projektu-c-a-r-e\/#primaryimage\",\"url\":\"https:\/\/www.care-platform.eu\/wp-content\/uploads\/2025\/07\/Picture1-4.jpg\",\"contentUrl\":\"https:\/\/www.care-platform.eu\/wp-content\/uploads\/2025\/07\/Picture1-4.jpg\",\"width\":1269,\"height\":842},{\"@type\":\"BreadcrumbList\",\"@id\":\"https:\/\/www.care-platform.eu\/index.php\/pl\/2023\/01\/26\/pierwsze-miedzynarodowe-spotkanie-partnerow-projektu-c-a-r-e\/#breadcrumb\",\"itemListElement\":[{\"@type\":\"ListItem\",\"position\":1,\"name\":\"Home\",\"item\":\"https:\/\/www.care-platform.eu\/\"},{\"@type\":\"ListItem\",\"position\":2,\"name\":\"Pierwsze mi\u0119dzynarodowe spotkanie partner\u00f3w projektu C.A.R.E.\"}]},{\"@type\":\"WebSite\",\"@id\":\"https:\/\/www.care-platform.eu\/#website\",\"url\":\"https:\/\/www.care-platform.eu\/\",\"name\":\"C.A.R.E.\",\"description\":\"\",\"publisher\":{\"@id\":\"https:\/\/www.care-platform.eu\/#organization\"},\"potentialAction\":[{\"@type\":\"SearchAction\",\"target\":{\"@type\":\"EntryPoint\",\"urlTemplate\":\"https:\/\/www.care-platform.eu\/?s={search_term_string}\"},\"query-input\":{\"@type\":\"PropertyValueSpecification\",\"valueRequired\":true,\"valueName\":\"search_term_string\"}}],\"inLanguage\":\"en-US\"},{\"@type\":\"Organization\",\"@id\":\"https:\/\/www.care-platform.eu\/#organization\",\"name\":\"C.A.R.E.\",\"url\":\"https:\/\/www.care-platform.eu\/\",\"logo\":{\"@type\":\"ImageObject\",\"inLanguage\":\"en-US\",\"@id\":\"https:\/\/www.care-platform.eu\/#\/schema\/logo\/image\/\",\"url\":\"https:\/\/www.care-platform.eu\/wp-content\/uploads\/2023\/04\/cropped-cropped-logo-1-1.png\",\"contentUrl\":\"https:\/\/www.care-platform.eu\/wp-content\/uploads\/2023\/04\/cropped-cropped-logo-1-1.png\",\"width\":127,\"height\":153,\"caption\":\"C.A.R.E.\"},\"image\":{\"@id\":\"https:\/\/www.care-platform.eu\/#\/schema\/logo\/image\/\"}},{\"@type\":\"Person\",\"@id\":\"https:\/\/www.care-platform.eu\/#\/schema\/person\/290df17b1298613ab5025d8b3f4de953\",\"name\":\"admin\",\"image\":{\"@type\":\"ImageObject\",\"inLanguage\":\"en-US\",\"@id\":\"https:\/\/www.care-platform.eu\/#\/schema\/person\/image\/\",\"url\":\"https:\/\/secure.gravatar.com\/avatar\/6a10196b803b7bcbcadb30b586c5b2a3841013d254b8676359791fac2b00b403?s=96&d=mm&r=g\",\"contentUrl\":\"https:\/\/secure.gravatar.com\/avatar\/6a10196b803b7bcbcadb30b586c5b2a3841013d254b8676359791fac2b00b403?s=96&d=mm&r=g\",\"caption\":\"admin\"},\"sameAs\":[\"http:\/\/32903897134170577.blog.com.gr\"],\"url\":\"https:\/\/www.care-platform.eu\/index.php\/author\/tourniss_sq4t7cxk\/\"}]}<\/script>\n<!-- \/ Yoast SEO plugin. -->","yoast_head_json":{"title":"Pierwsze mi\u0119dzynarodowe spotkanie partner\u00f3w projektu C.A.R.E. - C.A.R.E.","robots":{"index":"index","follow":"follow","max-snippet":"max-snippet:-1","max-image-preview":"max-image-preview:large","max-video-preview":"max-video-preview:-1"},"canonical":"https:\/\/www.care-platform.eu\/index.php\/pl\/2023\/01\/26\/pierwsze-miedzynarodowe-spotkanie-partnerow-projektu-c-a-r-e\/","og_locale":"en_US","og_type":"article","og_title":"Pierwsze mi\u0119dzynarodowe spotkanie partner\u00f3w projektu C.A.R.E. - C.A.R.E.","og_description":"Dziewi\u0119ciu przedstawicieli pi\u0119ciu organizacji partnerskich z czterech kraj\u00f3w europejskich wzi\u0119\u0142o udzia\u0142 w pierwszym mi\u0119dzynarodowym spotkaniu inauguracyjnym projektu Erasmus+ C.A.R.E.: Zwi\u0119kszanie poczucia w\u0142asnej warto\u015bci i\u00a0szans na\u00a0zatrudnienie os\u00f3b z\u00a0niepe\u0142nosprawno\u015bci\u0105 wzrokow\u0105 poprzez kszta\u0142towanie ich kompetencji psychomotorycznych w\u00a0pracy z\u00a0ceramik\u0105 Spotkanie odby\u0142o si\u0119 w Atenach w dniach 17\u201318 stycznia 2023 r. i zosta\u0142o zorganizowane przez SIGMA BUSINESS NETWORK. Rezultatem tego trzyletniego (2022-2025) projektu \u2013 finansowanego w ramach programu UE \u201ePartnerstwo strategiczne\u201d \u2013 jest zwi\u0119kszenie poczucia w\u0142asnej warto\u015bci u m\u0142odych os\u00f3b z dysfunkcj\u0105 wzroku poprzez wzmocnienie ich umiej\u0119tno\u015bci psychomotorycznych poprzez warsztaty ceramiczne W spotkaniu udzia\u0142 wzi\u0119li przedstawiciele organizacji SIGMA BUSINESS NETWORK oraz pozosta\u0142ych partner\u00f3w projektu. Ka\u017cda organizacja zaprezentowa\u0142a swoj\u0105 dzia\u0142alno\u015b\u0107, kompetencje oraz planowane zaanga\u017cowanie w ramach projektu. Podczas spotkania om\u00f3wiono m.in. kwestie zwi\u0105zane z zarz\u0105dzaniem projektem i jego realizacj\u0105, zarz\u0105dzaniem finansami, a tak\u017ce strategi\u0105 zapewnienia jako\u015bci, dzia\u0142aniami w zakresie upowszechniania rezultat\u00f3w i planem zapewnienia trwa\u0142o\u015bci rezultat\u00f3w. Wszystkie te elementy zosta\u0142y szczeg\u00f3\u0142owo przedyskutowane pod k\u0105tem wdra\u017cania projektu. Spotkanie by\u0142o r\u00f3wnie\u017c okazj\u0105 do wymiany pomys\u0142\u00f3w, opinii i do\u015bwiadcze\u0144 mi\u0119dzy partnerami oraz om\u00f3wienia szczeg\u00f3\u0142\u00f3w dotycz\u0105cych organizacji kolejnych mi\u0119dzynarodowych spotka\u0144 projektowych. &nbsp;","og_url":"https:\/\/www.care-platform.eu\/index.php\/pl\/2023\/01\/26\/pierwsze-miedzynarodowe-spotkanie-partnerow-projektu-c-a-r-e\/","og_site_name":"C.A.R.E.","article_published_time":"2023-01-26T20:29:45+00:00","article_modified_time":"2025-08-02T00:31:24+00:00","og_image":[{"width":1269,"height":842,"url":"https:\/\/www.care-platform.eu\/wp-content\/uploads\/2025\/07\/Picture1-4.jpg","type":"image\/jpeg"}],"author":"admin","twitter_card":"summary_large_image","twitter_misc":{"Written by":"admin","Est. reading time":"1 minute"},"schema":{"@context":"https:\/\/schema.org","@graph":[{"@type":"Article","@id":"https:\/\/www.care-platform.eu\/index.php\/pl\/2023\/01\/26\/pierwsze-miedzynarodowe-spotkanie-partnerow-projektu-c-a-r-e\/#article","isPartOf":{"@id":"https:\/\/www.care-platform.eu\/index.php\/pl\/2023\/01\/26\/pierwsze-miedzynarodowe-spotkanie-partnerow-projektu-c-a-r-e\/"},"author":{"name":"admin","@id":"https:\/\/www.care-platform.eu\/#\/schema\/person\/290df17b1298613ab5025d8b3f4de953"},"headline":"Pierwsze mi\u0119dzynarodowe spotkanie partner\u00f3w projektu C.A.R.E.","datePublished":"2023-01-26T20:29:45+00:00","dateModified":"2025-08-02T00:31:24+00:00","mainEntityOfPage":{"@id":"https:\/\/www.care-platform.eu\/index.php\/pl\/2023\/01\/26\/pierwsze-miedzynarodowe-spotkanie-partnerow-projektu-c-a-r-e\/"},"wordCount":240,"commentCount":0,"publisher":{"@id":"https:\/\/www.care-platform.eu\/#organization"},"image":{"@id":"https:\/\/www.care-platform.eu\/index.php\/pl\/2023\/01\/26\/pierwsze-miedzynarodowe-spotkanie-partnerow-projektu-c-a-r-e\/#primaryimage"},"thumbnailUrl":"http:\/\/www.care-platform.eu\/wp-content\/uploads\/2025\/07\/Picture1-4-300x199.jpg","inLanguage":"en-US","potentialAction":[{"@type":"CommentAction","name":"Comment","target":["https:\/\/www.care-platform.eu\/index.php\/pl\/2023\/01\/26\/pierwsze-miedzynarodowe-spotkanie-partnerow-projektu-c-a-r-e\/#respond"]}]},{"@type":"WebPage","@id":"https:\/\/www.care-platform.eu\/index.php\/pl\/2023\/01\/26\/pierwsze-miedzynarodowe-spotkanie-partnerow-projektu-c-a-r-e\/","url":"https:\/\/www.care-platform.eu\/index.php\/pl\/2023\/01\/26\/pierwsze-miedzynarodowe-spotkanie-partnerow-projektu-c-a-r-e\/","name":"Pierwsze mi\u0119dzynarodowe spotkanie partner\u00f3w projektu C.A.R.E. - C.A.R.E.","isPartOf":{"@id":"https:\/\/www.care-platform.eu\/#website"},"primaryImageOfPage":{"@id":"https:\/\/www.care-platform.eu\/index.php\/pl\/2023\/01\/26\/pierwsze-miedzynarodowe-spotkanie-partnerow-projektu-c-a-r-e\/#primaryimage"},"image":{"@id":"https:\/\/www.care-platform.eu\/index.php\/pl\/2023\/01\/26\/pierwsze-miedzynarodowe-spotkanie-partnerow-projektu-c-a-r-e\/#primaryimage"},"thumbnailUrl":"http:\/\/www.care-platform.eu\/wp-content\/uploads\/2025\/07\/Picture1-4-300x199.jpg","datePublished":"2023-01-26T20:29:45+00:00","dateModified":"2025-08-02T00:31:24+00:00","breadcrumb":{"@id":"https:\/\/www.care-platform.eu\/index.php\/pl\/2023\/01\/26\/pierwsze-miedzynarodowe-spotkanie-partnerow-projektu-c-a-r-e\/#breadcrumb"},"inLanguage":"en-US","potentialAction":[{"@type":"ReadAction","target":["https:\/\/www.care-platform.eu\/index.php\/pl\/2023\/01\/26\/pierwsze-miedzynarodowe-spotkanie-partnerow-projektu-c-a-r-e\/"]}]},{"@type":"ImageObject","inLanguage":"en-US","@id":"https:\/\/www.care-platform.eu\/index.php\/pl\/2023\/01\/26\/pierwsze-miedzynarodowe-spotkanie-partnerow-projektu-c-a-r-e\/#primaryimage","url":"https:\/\/www.care-platform.eu\/wp-content\/uploads\/2025\/07\/Picture1-4.jpg","contentUrl":"https:\/\/www.care-platform.eu\/wp-content\/uploads\/2025\/07\/Picture1-4.jpg","width":1269,"height":842},{"@type":"BreadcrumbList","@id":"https:\/\/www.care-platform.eu\/index.php\/pl\/2023\/01\/26\/pierwsze-miedzynarodowe-spotkanie-partnerow-projektu-c-a-r-e\/#breadcrumb","itemListElement":[{"@type":"ListItem","position":1,"name":"Home","item":"https:\/\/www.care-platform.eu\/"},{"@type":"ListItem","position":2,"name":"Pierwsze mi\u0119dzynarodowe spotkanie partner\u00f3w projektu C.A.R.E."}]},{"@type":"WebSite","@id":"https:\/\/www.care-platform.eu\/#website","url":"https:\/\/www.care-platform.eu\/","name":"C.A.R.E.","description":"","publisher":{"@id":"https:\/\/www.care-platform.eu\/#organization"},"potentialAction":[{"@type":"SearchAction","target":{"@type":"EntryPoint","urlTemplate":"https:\/\/www.care-platform.eu\/?s={search_term_string}"},"query-input":{"@type":"PropertyValueSpecification","valueRequired":true,"valueName":"search_term_string"}}],"inLanguage":"en-US"},{"@type":"Organization","@id":"https:\/\/www.care-platform.eu\/#organization","name":"C.A.R.E.","url":"https:\/\/www.care-platform.eu\/","logo":{"@type":"ImageObject","inLanguage":"en-US","@id":"https:\/\/www.care-platform.eu\/#\/schema\/logo\/image\/","url":"https:\/\/www.care-platform.eu\/wp-content\/uploads\/2023\/04\/cropped-cropped-logo-1-1.png","contentUrl":"https:\/\/www.care-platform.eu\/wp-content\/uploads\/2023\/04\/cropped-cropped-logo-1-1.png","width":127,"height":153,"caption":"C.A.R.E."},"image":{"@id":"https:\/\/www.care-platform.eu\/#\/schema\/logo\/image\/"}},{"@type":"Person","@id":"https:\/\/www.care-platform.eu\/#\/schema\/person\/290df17b1298613ab5025d8b3f4de953","name":"admin","image":{"@type":"ImageObject","inLanguage":"en-US","@id":"https:\/\/www.care-platform.eu\/#\/schema\/person\/image\/","url":"https:\/\/secure.gravatar.com\/avatar\/6a10196b803b7bcbcadb30b586c5b2a3841013d254b8676359791fac2b00b403?s=96&d=mm&r=g","contentUrl":"https:\/\/secure.gravatar.com\/avatar\/6a10196b803b7bcbcadb30b586c5b2a3841013d254b8676359791fac2b00b403?s=96&d=mm&r=g","caption":"admin"},"sameAs":["http:\/\/32903897134170577.blog.com.gr"],"url":"https:\/\/www.care-platform.eu\/index.php\/author\/tourniss_sq4t7cxk\/"}]}},"_links":{"self":[{"href":"https:\/\/www.care-platform.eu\/index.php\/wp-json\/wp\/v2\/posts\/3664","targetHints":{"allow":["GET"]}}],"collection":[{"href":"https:\/\/www.care-platform.eu\/index.php\/wp-json\/wp\/v2\/posts"}],"about":[{"href":"https:\/\/www.care-platform.eu\/index.php\/wp-json\/wp\/v2\/types\/post"}],"author":[{"embeddable":true,"href":"https:\/\/www.care-platform.eu\/index.php\/wp-json\/wp\/v2\/users\/1"}],"replies":[{"embeddable":true,"href":"https:\/\/www.care-platform.eu\/index.php\/wp-json\/wp\/v2\/comments?post=3664"}],"version-history":[{"count":1,"href":"https:\/\/www.care-platform.eu\/index.php\/wp-json\/wp\/v2\/posts\/3664\/revisions"}],"predecessor-version":[{"id":3665,"href":"https:\/\/www.care-platform.eu\/index.php\/wp-json\/wp\/v2\/posts\/3664\/revisions\/3665"}],"wp:attachment":[{"href":"https:\/\/www.care-platform.eu\/index.php\/wp-json\/wp\/v2\/media?parent=3664"}],"wp:term":[{"taxonomy":"category","embeddable":true,"href":"https:\/\/www.care-platform.eu\/index.php\/wp-json\/wp\/v2\/categories?post=3664"},{"taxonomy":"post_tag","embeddable":true,"href":"https:\/\/www.care-platform.eu\/index.php\/wp-json\/wp\/v2\/tags?post=3664"}],"curies":[{"name":"wp","href":"https:\/\/api.w.org\/{rel}","templated":true}]}}