{"id":3666,"date":"2023-06-15T00:31:49","date_gmt":"2023-06-15T00:31:49","guid":{"rendered":"https:\/\/www.care-platform.eu\/?p=3666"},"modified":"2025-08-02T00:33:42","modified_gmt":"2025-08-02T00:33:42","slug":"care-zwiekszanie-poczucia-wlasnej-wartosci-i-szans-na-zatrudnienie-osob-z-niepelnosprawnoscia-wzrokowa-poprzez-ksztaltowanie-ich-kompetencji-psychomotorycznych-w-pracy-z-ceramika-poznaj-najnowsze-wi","status":"publish","type":"post","link":"https:\/\/www.care-platform.eu\/index.php\/pl\/2023\/06\/15\/care-zwiekszanie-poczucia-wlasnej-wartosci-i-szans-na-zatrudnienie-osob-z-niepelnosprawnoscia-wzrokowa-poprzez-ksztaltowanie-ich-kompetencji-psychomotorycznych-w-pracy-z-ceramika-poznaj-najnowsze-wi\/","title":{"rendered":"CARE: zwi\u0119kszanie poczucia w\u0142asnej warto\u015bci i szans na zatrudnienie os\u00f3b z niepe\u0142nosprawno\u015bci\u0105 wzrokow\u0105 poprzez kszta\u0142towanie ich kompetencji psychomotorycznych w pracy z ceramik\u0105. Poznaj najnowsze wie\u015bci z mi\u0119dzynarodowego spotkania w Wexford"},"content":{"rendered":"<p>W dniach 7\u20138 czerwca 2023 roku partnerzy europejskiego projektu CARE z W\u0142och, Grecji, Cypru, Polski i Irlandii spotkali si\u0119 w Wexford (Irlandia), aby sfinalizowa\u0107 prace nad podr\u0119cznikiem zawieraj\u0105cym praktyczne wskaz\u00f3wki i scenariusze zaj\u0119\u0107 edukacyjnych dotycz\u0105cych prowadzenia kreatywnych warsztat\u00f3w ceramicznych dla m\u0142odzie\u017cy, w szczeg\u00f3lno\u015bci tej z niepe\u0142nosprawno\u015bci\u0105 wzrokow\u0105.<\/p>\n<p>Poprzez prac\u0119 z ceramik\u0105 m\u0142odzi ludzie b\u0119d\u0105 mogli odkrywa\u0107 nowe sposoby eksplorowania otoczenia, rozwija\u0107 swoje umiej\u0119tno\u015bci sensoryczne, psychomotoryczne i kinestetyczne, a tak\u017ce wyra\u017ca\u0107 emocje poprzez dzia\u0142ania artystyczne. W tym celu w krajach partnerskich zostan\u0105 zainaugurowane warsztaty ceramiczne, a uczestnicz\u0105ca w nich m\u0142odzie\u017c b\u0119dzie mia\u0142a w p\u00f3\u017aniejszym etapie mo\u017cliwo\u015b\u0107 udzia\u0142u w mi\u0119dzynarodowej wymianie zagranicznej.<\/p>\n<p>W najbli\u017cszych miesi\u0105cach partnerzy projektu CARE b\u0119d\u0105 pracowa\u0107 nad:<\/p>\n<ol>\n<li>Opracowaniem podr\u0119cznika opisuj\u0105cego, jak prowadzi\u0107 kursy ceramiczne wspieraj\u0105ce rozw\u00f3j umiej\u0119tno\u015bci psychomotorycznych m\u0142odzie\u017cy, zw\u0142aszcza os\u00f3b z niepe\u0142nosprawno\u015bci\u0105 wzrokow\u0105;<\/li>\n<\/ol>\n<ol start=\"2\">\n<li>Organizacj\u0105 mi\u0119dzynarodowego szkolenia dla pracownik\u00f3w m\u0142odzie\u017cowych, kt\u00f3rzy nast\u0119pnie poprowadz\u0105 praktyczne warsztaty ceramiczne z m\u0142odzie\u017c\u0105 z niepe\u0142nosprawno\u015bci\u0105 wzrokow\u0105;<\/li>\n<\/ol>\n<ol>\n<li>Przygotowaniem mi\u0119dzynarodowego szkolenia dla m\u0142odzie\u017cy z niepe\u0142nosprawno\u015bci\u0105 wzrokow\u0105, daj\u0105c im szans\u0119 na podr\u00f3\u017c za granic\u0119 i wymian\u0119 do\u015bwiadcze\u0144 z r\u00f3wie\u015bnikami z kraj\u00f3w partnerskich.<\/li>\n<\/ol>\n<p>Spotkanie w Wexford by\u0142o r\u00f3wnie\u017c doskona\u0142\u0105 okazj\u0105 do zacie\u015bnienia wsp\u00f3\u0142pracy mi\u0119dzy partnerami, wsp\u00f3lnego projektowania kolejnych dzia\u0142a\u0144 oraz podkre\u015blenia wsp\u00f3lnej ch\u0119ci pracy z m\u0142odzie\u017c\u0105 i wspierania jej w procesie rozwoju osobistego i w\u0142\u0105czenia spo\u0142ecznego poprzez nieformalne metody edukacji i praktyk\u0119 artystyczn\u0105 z wykorzystaniem ceramiki.<\/p>\n<p>B\u0105d\u017acie z nami na bie\u017c\u0105co!<\/p>\n<p>&nbsp;<\/p>\n<p><img fetchpriority=\"high\" decoding=\"async\" class=\"aligncenter wp-image-3574\" src=\"http:\/\/www.care-platform.eu\/wp-content\/uploads\/2025\/07\/Picture1-5-300x225.jpg\" alt=\"\" width=\"520\" height=\"390\" srcset=\"https:\/\/www.care-platform.eu\/wp-content\/uploads\/2025\/07\/Picture1-5-300x225.jpg 300w, https:\/\/www.care-platform.eu\/wp-content\/uploads\/2025\/07\/Picture1-5-1024x769.jpg 1024w, https:\/\/www.care-platform.eu\/wp-content\/uploads\/2025\/07\/Picture1-5-768x576.jpg 768w, https:\/\/www.care-platform.eu\/wp-content\/uploads\/2025\/07\/Picture1-5.jpg 1327w\" sizes=\"(max-width: 520px) 100vw, 520px\" \/><\/p>\n<p><img decoding=\"async\" class=\"aligncenter wp-image-3573\" src=\"http:\/\/www.care-platform.eu\/wp-content\/uploads\/2025\/07\/Picture2-3-300x226.jpg\" alt=\"\" width=\"520\" height=\"391\" srcset=\"https:\/\/www.care-platform.eu\/wp-content\/uploads\/2025\/07\/Picture2-3-300x226.jpg 300w, https:\/\/www.care-platform.eu\/wp-content\/uploads\/2025\/07\/Picture2-3-1024x770.jpg 1024w, https:\/\/www.care-platform.eu\/wp-content\/uploads\/2025\/07\/Picture2-3-768x578.jpg 768w, https:\/\/www.care-platform.eu\/wp-content\/uploads\/2025\/07\/Picture2-3.jpg 1327w\" sizes=\"(max-width: 520px) 100vw, 520px\" \/><\/p>\n","protected":false},"excerpt":{"rendered":"<p>W dniach 7\u20138 czerwca 2023 roku partnerzy europejskiego projektu CARE z W\u0142och, Grecji, Cypru, Polski i Irlandii spotkali si\u0119 w Wexford (Irlandia), aby sfinalizowa\u0107 prace nad podr\u0119cznikiem zawieraj\u0105cym praktyczne wskaz\u00f3wki i scenariusze zaj\u0119\u0107 edukacyjnych dotycz\u0105cych prowadzenia kreatywnych warsztat\u00f3w ceramicznych dla m\u0142odzie\u017cy, w szczeg\u00f3lno\u015bci tej z niepe\u0142nosprawno\u015bci\u0105 wzrokow\u0105. Poprzez prac\u0119 z ceramik\u0105 m\u0142odzi ludzie b\u0119d\u0105 mogli odkrywa\u0107 nowe sposoby eksplorowania otoczenia, rozwija\u0107 swoje umiej\u0119tno\u015bci sensoryczne, psychomotoryczne i kinestetyczne, a tak\u017ce wyra\u017ca\u0107 emocje poprzez dzia\u0142ania artystyczne. W tym celu w krajach partnerskich zostan\u0105 zainaugurowane warsztaty ceramiczne, a uczestnicz\u0105ca w nich m\u0142odzie\u017c b\u0119dzie mia\u0142a w p\u00f3\u017aniejszym etapie mo\u017cliwo\u015b\u0107 udzia\u0142u w mi\u0119dzynarodowej wymianie zagranicznej. W najbli\u017cszych miesi\u0105cach partnerzy projektu CARE b\u0119d\u0105 pracowa\u0107 nad: Opracowaniem podr\u0119cznika opisuj\u0105cego, jak prowadzi\u0107 kursy ceramiczne wspieraj\u0105ce rozw\u00f3j umiej\u0119tno\u015bci psychomotorycznych m\u0142odzie\u017cy, zw\u0142aszcza os\u00f3b z niepe\u0142nosprawno\u015bci\u0105 wzrokow\u0105; Organizacj\u0105 mi\u0119dzynarodowego szkolenia dla pracownik\u00f3w m\u0142odzie\u017cowych, kt\u00f3rzy nast\u0119pnie poprowadz\u0105 praktyczne warsztaty ceramiczne z m\u0142odzie\u017c\u0105 z niepe\u0142nosprawno\u015bci\u0105 wzrokow\u0105; Przygotowaniem mi\u0119dzynarodowego szkolenia dla m\u0142odzie\u017cy z niepe\u0142nosprawno\u015bci\u0105 wzrokow\u0105, daj\u0105c im szans\u0119 na podr\u00f3\u017c za granic\u0119 i wymian\u0119 do\u015bwiadcze\u0144 z r\u00f3wie\u015bnikami z kraj\u00f3w partnerskich. Spotkanie w Wexford by\u0142o r\u00f3wnie\u017c doskona\u0142\u0105 okazj\u0105 do zacie\u015bnienia wsp\u00f3\u0142pracy mi\u0119dzy partnerami, wsp\u00f3lnego projektowania kolejnych dzia\u0142a\u0144 oraz podkre\u015blenia wsp\u00f3lnej ch\u0119ci pracy z m\u0142odzie\u017c\u0105 i wspierania jej w procesie rozwoju osobistego i w\u0142\u0105czenia spo\u0142ecznego poprzez nieformalne metody edukacji i praktyk\u0119 artystyczn\u0105 z wykorzystaniem ceramiki. B\u0105d\u017acie z nami na bie\u017c\u0105co! &nbsp;<\/p>\n","protected":false},"author":1,"featured_media":0,"comment_status":"open","ping_status":"open","sticky":false,"template":"","format":"standard","meta":{"_exactmetrics_skip_tracking":false,"_exactmetrics_sitenote_active":false,"_exactmetrics_sitenote_note":"","_exactmetrics_sitenote_category":0,"_monsterinsights_skip_tracking":false,"_monsterinsights_sitenote_active":false,"_monsterinsights_sitenote_note":"","_monsterinsights_sitenote_category":0,"site-sidebar-layout":"default","site-content-layout":"","ast-site-content-layout":"default","site-content-style":"default","site-sidebar-style":"default","ast-global-header-display":"","ast-banner-title-visibility":"","ast-main-header-display":"","ast-hfb-above-header-display":"","ast-hfb-below-header-display":"","ast-hfb-mobile-header-display":"","site-post-title":"","ast-breadcrumbs-content":"","ast-featured-img":"","footer-sml-layout":"","theme-transparent-header-meta":"default","adv-header-id-meta":"","stick-header-meta":"","header-above-stick-meta":"","header-main-stick-meta":"","header-below-stick-meta":"","astra-migrate-meta-layouts":"set","ast-page-background-enabled":"default","ast-page-background-meta":{"desktop":{"background-color":"var(--ast-global-color-4)","background-image":"","background-repeat":"repeat","background-position":"center center","background-size":"auto","background-attachment":"scroll","background-type":"","background-media":"","overlay-type":"","overlay-color":"","overlay-opacity":"","overlay-gradient":""},"tablet":{"background-color":"","background-image":"","background-repeat":"repeat","background-position":"center center","background-size":"auto","background-attachment":"scroll","background-type":"","background-media":"","overlay-type":"","overlay-color":"","overlay-opacity":"","overlay-gradient":""},"mobile":{"background-color":"","background-image":"","background-repeat":"repeat","background-position":"center center","background-size":"auto","background-attachment":"scroll","background-type":"","background-media":"","overlay-type":"","overlay-color":"","overlay-opacity":"","overlay-gradient":""}},"ast-content-background-meta":{"desktop":{"background-color":"var(--ast-global-color-5)","background-image":"","background-repeat":"repeat","background-position":"center center","background-size":"auto","background-attachment":"scroll","background-type":"","background-media":"","overlay-type":"","overlay-color":"","overlay-opacity":"","overlay-gradient":""},"tablet":{"background-color":"var(--ast-global-color-5)","background-image":"","background-repeat":"repeat","background-position":"center center","background-size":"auto","background-attachment":"scroll","background-type":"","background-media":"","overlay-type":"","overlay-color":"","overlay-opacity":"","overlay-gradient":""},"mobile":{"background-color":"var(--ast-global-color-5)","background-image":"","background-repeat":"repeat","background-position":"center center","background-size":"auto","background-attachment":"scroll","background-type":"","background-media":"","overlay-type":"","overlay-color":"","overlay-opacity":"","overlay-gradient":""}},"footnotes":""},"categories":[20],"tags":[],"class_list":["post-3666","post","type-post","status-publish","format-standard","hentry","category-uncategorized-pl"],"yoast_head":"<!-- This site is optimized with the Yoast SEO plugin v25.5 - https:\/\/yoast.com\/wordpress\/plugins\/seo\/ -->\n<title>CARE: zwi\u0119kszanie poczucia w\u0142asnej warto\u015bci i szans na zatrudnienie os\u00f3b z niepe\u0142nosprawno\u015bci\u0105 wzrokow\u0105 poprzez kszta\u0142towanie ich kompetencji psychomotorycznych w pracy z ceramik\u0105. Poznaj najnowsze wie\u015bci z mi\u0119dzynarodowego spotkania w Wexford - C.A.R.E.<\/title>\n<meta name=\"robots\" content=\"index, follow, max-snippet:-1, max-image-preview:large, max-video-preview:-1\" \/>\n<link rel=\"canonical\" href=\"https:\/\/www.care-platform.eu\/index.php\/pl\/2023\/06\/15\/care-zwiekszanie-poczucia-wlasnej-wartosci-i-szans-na-zatrudnienie-osob-z-niepelnosprawnoscia-wzrokowa-poprzez-ksztaltowanie-ich-kompetencji-psychomotorycznych-w-pracy-z-ceramika-poznaj-najnowsze-wi\/\" \/>\n<meta property=\"og:locale\" content=\"en_US\" \/>\n<meta property=\"og:type\" content=\"article\" \/>\n<meta property=\"og:title\" content=\"CARE: zwi\u0119kszanie poczucia w\u0142asnej warto\u015bci i szans na zatrudnienie os\u00f3b z niepe\u0142nosprawno\u015bci\u0105 wzrokow\u0105 poprzez kszta\u0142towanie ich kompetencji psychomotorycznych w pracy z ceramik\u0105. Poznaj najnowsze wie\u015bci z mi\u0119dzynarodowego spotkania w Wexford - C.A.R.E.\" \/>\n<meta property=\"og:description\" content=\"W dniach 7\u20138 czerwca 2023 roku partnerzy europejskiego projektu CARE z W\u0142och, Grecji, Cypru, Polski i Irlandii spotkali si\u0119 w Wexford (Irlandia), aby sfinalizowa\u0107 prace nad podr\u0119cznikiem zawieraj\u0105cym praktyczne wskaz\u00f3wki i scenariusze zaj\u0119\u0107 edukacyjnych dotycz\u0105cych prowadzenia kreatywnych warsztat\u00f3w ceramicznych dla m\u0142odzie\u017cy, w szczeg\u00f3lno\u015bci tej z niepe\u0142nosprawno\u015bci\u0105 wzrokow\u0105. Poprzez prac\u0119 z ceramik\u0105 m\u0142odzi ludzie b\u0119d\u0105 mogli odkrywa\u0107 nowe sposoby eksplorowania otoczenia, rozwija\u0107 swoje umiej\u0119tno\u015bci sensoryczne, psychomotoryczne i kinestetyczne, a tak\u017ce wyra\u017ca\u0107 emocje poprzez dzia\u0142ania artystyczne. W tym celu w krajach partnerskich zostan\u0105 zainaugurowane warsztaty ceramiczne, a uczestnicz\u0105ca w nich m\u0142odzie\u017c b\u0119dzie mia\u0142a w p\u00f3\u017aniejszym etapie mo\u017cliwo\u015b\u0107 udzia\u0142u w mi\u0119dzynarodowej wymianie zagranicznej. W najbli\u017cszych miesi\u0105cach partnerzy projektu CARE b\u0119d\u0105 pracowa\u0107 nad: Opracowaniem podr\u0119cznika opisuj\u0105cego, jak prowadzi\u0107 kursy ceramiczne wspieraj\u0105ce rozw\u00f3j umiej\u0119tno\u015bci psychomotorycznych m\u0142odzie\u017cy, zw\u0142aszcza os\u00f3b z niepe\u0142nosprawno\u015bci\u0105 wzrokow\u0105; Organizacj\u0105 mi\u0119dzynarodowego szkolenia dla pracownik\u00f3w m\u0142odzie\u017cowych, kt\u00f3rzy nast\u0119pnie poprowadz\u0105 praktyczne warsztaty ceramiczne z m\u0142odzie\u017c\u0105 z niepe\u0142nosprawno\u015bci\u0105 wzrokow\u0105; Przygotowaniem mi\u0119dzynarodowego szkolenia dla m\u0142odzie\u017cy z niepe\u0142nosprawno\u015bci\u0105 wzrokow\u0105, daj\u0105c im szans\u0119 na podr\u00f3\u017c za granic\u0119 i wymian\u0119 do\u015bwiadcze\u0144 z r\u00f3wie\u015bnikami z kraj\u00f3w partnerskich. Spotkanie w Wexford by\u0142o r\u00f3wnie\u017c doskona\u0142\u0105 okazj\u0105 do zacie\u015bnienia wsp\u00f3\u0142pracy mi\u0119dzy partnerami, wsp\u00f3lnego projektowania kolejnych dzia\u0142a\u0144 oraz podkre\u015blenia wsp\u00f3lnej ch\u0119ci pracy z m\u0142odzie\u017c\u0105 i wspierania jej w procesie rozwoju osobistego i w\u0142\u0105czenia spo\u0142ecznego poprzez nieformalne metody edukacji i praktyk\u0119 artystyczn\u0105 z wykorzystaniem ceramiki. B\u0105d\u017acie z nami na bie\u017c\u0105co! &nbsp;\" \/>\n<meta property=\"og:url\" content=\"https:\/\/www.care-platform.eu\/index.php\/pl\/2023\/06\/15\/care-zwiekszanie-poczucia-wlasnej-wartosci-i-szans-na-zatrudnienie-osob-z-niepelnosprawnoscia-wzrokowa-poprzez-ksztaltowanie-ich-kompetencji-psychomotorycznych-w-pracy-z-ceramika-poznaj-najnowsze-wi\/\" \/>\n<meta property=\"og:site_name\" content=\"C.A.R.E.\" \/>\n<meta property=\"article:published_time\" content=\"2023-06-15T00:31:49+00:00\" \/>\n<meta property=\"article:modified_time\" content=\"2025-08-02T00:33:42+00:00\" \/>\n<meta property=\"og:image\" content=\"https:\/\/www.care-platform.eu\/wp-content\/uploads\/2025\/07\/Picture1-5.jpg\" \/>\n\t<meta property=\"og:image:width\" content=\"1327\" \/>\n\t<meta property=\"og:image:height\" content=\"996\" \/>\n\t<meta property=\"og:image:type\" content=\"image\/jpeg\" \/>\n<meta name=\"author\" content=\"admin\" \/>\n<meta name=\"twitter:card\" content=\"summary_large_image\" \/>\n<meta name=\"twitter:label1\" content=\"Written by\" \/>\n\t<meta name=\"twitter:data1\" content=\"admin\" \/>\n\t<meta name=\"twitter:label2\" content=\"Est. reading time\" \/>\n\t<meta name=\"twitter:data2\" content=\"2 minutes\" \/>\n<script type=\"application\/ld+json\" class=\"yoast-schema-graph\">{\"@context\":\"https:\/\/schema.org\",\"@graph\":[{\"@type\":\"Article\",\"@id\":\"https:\/\/www.care-platform.eu\/index.php\/pl\/2023\/06\/15\/care-zwiekszanie-poczucia-wlasnej-wartosci-i-szans-na-zatrudnienie-osob-z-niepelnosprawnoscia-wzrokowa-poprzez-ksztaltowanie-ich-kompetencji-psychomotorycznych-w-pracy-z-ceramika-poznaj-najnowsze-wi\/#article\",\"isPartOf\":{\"@id\":\"https:\/\/www.care-platform.eu\/index.php\/pl\/2023\/06\/15\/care-zwiekszanie-poczucia-wlasnej-wartosci-i-szans-na-zatrudnienie-osob-z-niepelnosprawnoscia-wzrokowa-poprzez-ksztaltowanie-ich-kompetencji-psychomotorycznych-w-pracy-z-ceramika-poznaj-najnowsze-wi\/\"},\"author\":{\"name\":\"admin\",\"@id\":\"https:\/\/www.care-platform.eu\/#\/schema\/person\/290df17b1298613ab5025d8b3f4de953\"},\"headline\":\"CARE: zwi\u0119kszanie poczucia w\u0142asnej warto\u015bci i szans na zatrudnienie os\u00f3b z niepe\u0142nosprawno\u015bci\u0105 wzrokow\u0105 poprzez kszta\u0142towanie ich kompetencji psychomotorycznych w pracy z ceramik\u0105. Poznaj najnowsze wie\u015bci z mi\u0119dzynarodowego spotkania w Wexford\",\"datePublished\":\"2023-06-15T00:31:49+00:00\",\"dateModified\":\"2025-08-02T00:33:42+00:00\",\"mainEntityOfPage\":{\"@id\":\"https:\/\/www.care-platform.eu\/index.php\/pl\/2023\/06\/15\/care-zwiekszanie-poczucia-wlasnej-wartosci-i-szans-na-zatrudnienie-osob-z-niepelnosprawnoscia-wzrokowa-poprzez-ksztaltowanie-ich-kompetencji-psychomotorycznych-w-pracy-z-ceramika-poznaj-najnowsze-wi\/\"},\"wordCount\":329,\"commentCount\":0,\"publisher\":{\"@id\":\"https:\/\/www.care-platform.eu\/#organization\"},\"image\":{\"@id\":\"https:\/\/www.care-platform.eu\/index.php\/pl\/2023\/06\/15\/care-zwiekszanie-poczucia-wlasnej-wartosci-i-szans-na-zatrudnienie-osob-z-niepelnosprawnoscia-wzrokowa-poprzez-ksztaltowanie-ich-kompetencji-psychomotorycznych-w-pracy-z-ceramika-poznaj-najnowsze-wi\/#primaryimage\"},\"thumbnailUrl\":\"http:\/\/www.care-platform.eu\/wp-content\/uploads\/2025\/07\/Picture1-5-300x225.jpg\",\"inLanguage\":\"en-US\",\"potentialAction\":[{\"@type\":\"CommentAction\",\"name\":\"Comment\",\"target\":[\"https:\/\/www.care-platform.eu\/index.php\/pl\/2023\/06\/15\/care-zwiekszanie-poczucia-wlasnej-wartosci-i-szans-na-zatrudnienie-osob-z-niepelnosprawnoscia-wzrokowa-poprzez-ksztaltowanie-ich-kompetencji-psychomotorycznych-w-pracy-z-ceramika-poznaj-najnowsze-wi\/#respond\"]}]},{\"@type\":\"WebPage\",\"@id\":\"https:\/\/www.care-platform.eu\/index.php\/pl\/2023\/06\/15\/care-zwiekszanie-poczucia-wlasnej-wartosci-i-szans-na-zatrudnienie-osob-z-niepelnosprawnoscia-wzrokowa-poprzez-ksztaltowanie-ich-kompetencji-psychomotorycznych-w-pracy-z-ceramika-poznaj-najnowsze-wi\/\",\"url\":\"https:\/\/www.care-platform.eu\/index.php\/pl\/2023\/06\/15\/care-zwiekszanie-poczucia-wlasnej-wartosci-i-szans-na-zatrudnienie-osob-z-niepelnosprawnoscia-wzrokowa-poprzez-ksztaltowanie-ich-kompetencji-psychomotorycznych-w-pracy-z-ceramika-poznaj-najnowsze-wi\/\",\"name\":\"CARE: zwi\u0119kszanie poczucia w\u0142asnej warto\u015bci i szans na zatrudnienie os\u00f3b z niepe\u0142nosprawno\u015bci\u0105 wzrokow\u0105 poprzez kszta\u0142towanie ich kompetencji psychomotorycznych w pracy z ceramik\u0105. Poznaj najnowsze wie\u015bci z mi\u0119dzynarodowego spotkania w Wexford - C.A.R.E.\",\"isPartOf\":{\"@id\":\"https:\/\/www.care-platform.eu\/#website\"},\"primaryImageOfPage\":{\"@id\":\"https:\/\/www.care-platform.eu\/index.php\/pl\/2023\/06\/15\/care-zwiekszanie-poczucia-wlasnej-wartosci-i-szans-na-zatrudnienie-osob-z-niepelnosprawnoscia-wzrokowa-poprzez-ksztaltowanie-ich-kompetencji-psychomotorycznych-w-pracy-z-ceramika-poznaj-najnowsze-wi\/#primaryimage\"},\"image\":{\"@id\":\"https:\/\/www.care-platform.eu\/index.php\/pl\/2023\/06\/15\/care-zwiekszanie-poczucia-wlasnej-wartosci-i-szans-na-zatrudnienie-osob-z-niepelnosprawnoscia-wzrokowa-poprzez-ksztaltowanie-ich-kompetencji-psychomotorycznych-w-pracy-z-ceramika-poznaj-najnowsze-wi\/#primaryimage\"},\"thumbnailUrl\":\"http:\/\/www.care-platform.eu\/wp-content\/uploads\/2025\/07\/Picture1-5-300x225.jpg\",\"datePublished\":\"2023-06-15T00:31:49+00:00\",\"dateModified\":\"2025-08-02T00:33:42+00:00\",\"breadcrumb\":{\"@id\":\"https:\/\/www.care-platform.eu\/index.php\/pl\/2023\/06\/15\/care-zwiekszanie-poczucia-wlasnej-wartosci-i-szans-na-zatrudnienie-osob-z-niepelnosprawnoscia-wzrokowa-poprzez-ksztaltowanie-ich-kompetencji-psychomotorycznych-w-pracy-z-ceramika-poznaj-najnowsze-wi\/#breadcrumb\"},\"inLanguage\":\"en-US\",\"potentialAction\":[{\"@type\":\"ReadAction\",\"target\":[\"https:\/\/www.care-platform.eu\/index.php\/pl\/2023\/06\/15\/care-zwiekszanie-poczucia-wlasnej-wartosci-i-szans-na-zatrudnienie-osob-z-niepelnosprawnoscia-wzrokowa-poprzez-ksztaltowanie-ich-kompetencji-psychomotorycznych-w-pracy-z-ceramika-poznaj-najnowsze-wi\/\"]}]},{\"@type\":\"ImageObject\",\"inLanguage\":\"en-US\",\"@id\":\"https:\/\/www.care-platform.eu\/index.php\/pl\/2023\/06\/15\/care-zwiekszanie-poczucia-wlasnej-wartosci-i-szans-na-zatrudnienie-osob-z-niepelnosprawnoscia-wzrokowa-poprzez-ksztaltowanie-ich-kompetencji-psychomotorycznych-w-pracy-z-ceramika-poznaj-najnowsze-wi\/#primaryimage\",\"url\":\"https:\/\/www.care-platform.eu\/wp-content\/uploads\/2025\/07\/Picture1-5.jpg\",\"contentUrl\":\"https:\/\/www.care-platform.eu\/wp-content\/uploads\/2025\/07\/Picture1-5.jpg\",\"width\":1327,\"height\":996},{\"@type\":\"BreadcrumbList\",\"@id\":\"https:\/\/www.care-platform.eu\/index.php\/pl\/2023\/06\/15\/care-zwiekszanie-poczucia-wlasnej-wartosci-i-szans-na-zatrudnienie-osob-z-niepelnosprawnoscia-wzrokowa-poprzez-ksztaltowanie-ich-kompetencji-psychomotorycznych-w-pracy-z-ceramika-poznaj-najnowsze-wi\/#breadcrumb\",\"itemListElement\":[{\"@type\":\"ListItem\",\"position\":1,\"name\":\"Home\",\"item\":\"https:\/\/www.care-platform.eu\/\"},{\"@type\":\"ListItem\",\"position\":2,\"name\":\"CARE: zwi\u0119kszanie poczucia w\u0142asnej warto\u015bci i szans na zatrudnienie os\u00f3b z niepe\u0142nosprawno\u015bci\u0105 wzrokow\u0105 poprzez kszta\u0142towanie ich kompetencji psychomotorycznych w pracy z ceramik\u0105. Poznaj najnowsze wie\u015bci z mi\u0119dzynarodowego spotkania w Wexford\"}]},{\"@type\":\"WebSite\",\"@id\":\"https:\/\/www.care-platform.eu\/#website\",\"url\":\"https:\/\/www.care-platform.eu\/\",\"name\":\"C.A.R.E.\",\"description\":\"\",\"publisher\":{\"@id\":\"https:\/\/www.care-platform.eu\/#organization\"},\"potentialAction\":[{\"@type\":\"SearchAction\",\"target\":{\"@type\":\"EntryPoint\",\"urlTemplate\":\"https:\/\/www.care-platform.eu\/?s={search_term_string}\"},\"query-input\":{\"@type\":\"PropertyValueSpecification\",\"valueRequired\":true,\"valueName\":\"search_term_string\"}}],\"inLanguage\":\"en-US\"},{\"@type\":\"Organization\",\"@id\":\"https:\/\/www.care-platform.eu\/#organization\",\"name\":\"C.A.R.E.\",\"url\":\"https:\/\/www.care-platform.eu\/\",\"logo\":{\"@type\":\"ImageObject\",\"inLanguage\":\"en-US\",\"@id\":\"https:\/\/www.care-platform.eu\/#\/schema\/logo\/image\/\",\"url\":\"https:\/\/www.care-platform.eu\/wp-content\/uploads\/2023\/04\/cropped-cropped-logo-1-1.png\",\"contentUrl\":\"https:\/\/www.care-platform.eu\/wp-content\/uploads\/2023\/04\/cropped-cropped-logo-1-1.png\",\"width\":127,\"height\":153,\"caption\":\"C.A.R.E.\"},\"image\":{\"@id\":\"https:\/\/www.care-platform.eu\/#\/schema\/logo\/image\/\"}},{\"@type\":\"Person\",\"@id\":\"https:\/\/www.care-platform.eu\/#\/schema\/person\/290df17b1298613ab5025d8b3f4de953\",\"name\":\"admin\",\"image\":{\"@type\":\"ImageObject\",\"inLanguage\":\"en-US\",\"@id\":\"https:\/\/www.care-platform.eu\/#\/schema\/person\/image\/\",\"url\":\"https:\/\/secure.gravatar.com\/avatar\/6a10196b803b7bcbcadb30b586c5b2a3841013d254b8676359791fac2b00b403?s=96&d=mm&r=g\",\"contentUrl\":\"https:\/\/secure.gravatar.com\/avatar\/6a10196b803b7bcbcadb30b586c5b2a3841013d254b8676359791fac2b00b403?s=96&d=mm&r=g\",\"caption\":\"admin\"},\"sameAs\":[\"http:\/\/32903897134170577.blog.com.gr\"],\"url\":\"https:\/\/www.care-platform.eu\/index.php\/author\/tourniss_sq4t7cxk\/\"}]}<\/script>\n<!-- \/ Yoast SEO plugin. -->","yoast_head_json":{"title":"CARE: zwi\u0119kszanie poczucia w\u0142asnej warto\u015bci i szans na zatrudnienie os\u00f3b z niepe\u0142nosprawno\u015bci\u0105 wzrokow\u0105 poprzez kszta\u0142towanie ich kompetencji psychomotorycznych w pracy z ceramik\u0105. Poznaj najnowsze wie\u015bci z mi\u0119dzynarodowego spotkania w Wexford - C.A.R.E.","robots":{"index":"index","follow":"follow","max-snippet":"max-snippet:-1","max-image-preview":"max-image-preview:large","max-video-preview":"max-video-preview:-1"},"canonical":"https:\/\/www.care-platform.eu\/index.php\/pl\/2023\/06\/15\/care-zwiekszanie-poczucia-wlasnej-wartosci-i-szans-na-zatrudnienie-osob-z-niepelnosprawnoscia-wzrokowa-poprzez-ksztaltowanie-ich-kompetencji-psychomotorycznych-w-pracy-z-ceramika-poznaj-najnowsze-wi\/","og_locale":"en_US","og_type":"article","og_title":"CARE: zwi\u0119kszanie poczucia w\u0142asnej warto\u015bci i szans na zatrudnienie os\u00f3b z niepe\u0142nosprawno\u015bci\u0105 wzrokow\u0105 poprzez kszta\u0142towanie ich kompetencji psychomotorycznych w pracy z ceramik\u0105. Poznaj najnowsze wie\u015bci z mi\u0119dzynarodowego spotkania w Wexford - C.A.R.E.","og_description":"W dniach 7\u20138 czerwca 2023 roku partnerzy europejskiego projektu CARE z W\u0142och, Grecji, Cypru, Polski i Irlandii spotkali si\u0119 w Wexford (Irlandia), aby sfinalizowa\u0107 prace nad podr\u0119cznikiem zawieraj\u0105cym praktyczne wskaz\u00f3wki i scenariusze zaj\u0119\u0107 edukacyjnych dotycz\u0105cych prowadzenia kreatywnych warsztat\u00f3w ceramicznych dla m\u0142odzie\u017cy, w szczeg\u00f3lno\u015bci tej z niepe\u0142nosprawno\u015bci\u0105 wzrokow\u0105. Poprzez prac\u0119 z ceramik\u0105 m\u0142odzi ludzie b\u0119d\u0105 mogli odkrywa\u0107 nowe sposoby eksplorowania otoczenia, rozwija\u0107 swoje umiej\u0119tno\u015bci sensoryczne, psychomotoryczne i kinestetyczne, a tak\u017ce wyra\u017ca\u0107 emocje poprzez dzia\u0142ania artystyczne. W tym celu w krajach partnerskich zostan\u0105 zainaugurowane warsztaty ceramiczne, a uczestnicz\u0105ca w nich m\u0142odzie\u017c b\u0119dzie mia\u0142a w p\u00f3\u017aniejszym etapie mo\u017cliwo\u015b\u0107 udzia\u0142u w mi\u0119dzynarodowej wymianie zagranicznej. W najbli\u017cszych miesi\u0105cach partnerzy projektu CARE b\u0119d\u0105 pracowa\u0107 nad: Opracowaniem podr\u0119cznika opisuj\u0105cego, jak prowadzi\u0107 kursy ceramiczne wspieraj\u0105ce rozw\u00f3j umiej\u0119tno\u015bci psychomotorycznych m\u0142odzie\u017cy, zw\u0142aszcza os\u00f3b z niepe\u0142nosprawno\u015bci\u0105 wzrokow\u0105; Organizacj\u0105 mi\u0119dzynarodowego szkolenia dla pracownik\u00f3w m\u0142odzie\u017cowych, kt\u00f3rzy nast\u0119pnie poprowadz\u0105 praktyczne warsztaty ceramiczne z m\u0142odzie\u017c\u0105 z niepe\u0142nosprawno\u015bci\u0105 wzrokow\u0105; Przygotowaniem mi\u0119dzynarodowego szkolenia dla m\u0142odzie\u017cy z niepe\u0142nosprawno\u015bci\u0105 wzrokow\u0105, daj\u0105c im szans\u0119 na podr\u00f3\u017c za granic\u0119 i wymian\u0119 do\u015bwiadcze\u0144 z r\u00f3wie\u015bnikami z kraj\u00f3w partnerskich. Spotkanie w Wexford by\u0142o r\u00f3wnie\u017c doskona\u0142\u0105 okazj\u0105 do zacie\u015bnienia wsp\u00f3\u0142pracy mi\u0119dzy partnerami, wsp\u00f3lnego projektowania kolejnych dzia\u0142a\u0144 oraz podkre\u015blenia wsp\u00f3lnej ch\u0119ci pracy z m\u0142odzie\u017c\u0105 i wspierania jej w procesie rozwoju osobistego i w\u0142\u0105czenia spo\u0142ecznego poprzez nieformalne metody edukacji i praktyk\u0119 artystyczn\u0105 z wykorzystaniem ceramiki. B\u0105d\u017acie z nami na bie\u017c\u0105co! &nbsp;","og_url":"https:\/\/www.care-platform.eu\/index.php\/pl\/2023\/06\/15\/care-zwiekszanie-poczucia-wlasnej-wartosci-i-szans-na-zatrudnienie-osob-z-niepelnosprawnoscia-wzrokowa-poprzez-ksztaltowanie-ich-kompetencji-psychomotorycznych-w-pracy-z-ceramika-poznaj-najnowsze-wi\/","og_site_name":"C.A.R.E.","article_published_time":"2023-06-15T00:31:49+00:00","article_modified_time":"2025-08-02T00:33:42+00:00","og_image":[{"width":1327,"height":996,"url":"https:\/\/www.care-platform.eu\/wp-content\/uploads\/2025\/07\/Picture1-5.jpg","type":"image\/jpeg"}],"author":"admin","twitter_card":"summary_large_image","twitter_misc":{"Written by":"admin","Est. reading time":"2 minutes"},"schema":{"@context":"https:\/\/schema.org","@graph":[{"@type":"Article","@id":"https:\/\/www.care-platform.eu\/index.php\/pl\/2023\/06\/15\/care-zwiekszanie-poczucia-wlasnej-wartosci-i-szans-na-zatrudnienie-osob-z-niepelnosprawnoscia-wzrokowa-poprzez-ksztaltowanie-ich-kompetencji-psychomotorycznych-w-pracy-z-ceramika-poznaj-najnowsze-wi\/#article","isPartOf":{"@id":"https:\/\/www.care-platform.eu\/index.php\/pl\/2023\/06\/15\/care-zwiekszanie-poczucia-wlasnej-wartosci-i-szans-na-zatrudnienie-osob-z-niepelnosprawnoscia-wzrokowa-poprzez-ksztaltowanie-ich-kompetencji-psychomotorycznych-w-pracy-z-ceramika-poznaj-najnowsze-wi\/"},"author":{"name":"admin","@id":"https:\/\/www.care-platform.eu\/#\/schema\/person\/290df17b1298613ab5025d8b3f4de953"},"headline":"CARE: zwi\u0119kszanie poczucia w\u0142asnej warto\u015bci i szans na zatrudnienie os\u00f3b z niepe\u0142nosprawno\u015bci\u0105 wzrokow\u0105 poprzez kszta\u0142towanie ich kompetencji psychomotorycznych w pracy z ceramik\u0105. Poznaj najnowsze wie\u015bci z mi\u0119dzynarodowego spotkania w Wexford","datePublished":"2023-06-15T00:31:49+00:00","dateModified":"2025-08-02T00:33:42+00:00","mainEntityOfPage":{"@id":"https:\/\/www.care-platform.eu\/index.php\/pl\/2023\/06\/15\/care-zwiekszanie-poczucia-wlasnej-wartosci-i-szans-na-zatrudnienie-osob-z-niepelnosprawnoscia-wzrokowa-poprzez-ksztaltowanie-ich-kompetencji-psychomotorycznych-w-pracy-z-ceramika-poznaj-najnowsze-wi\/"},"wordCount":329,"commentCount":0,"publisher":{"@id":"https:\/\/www.care-platform.eu\/#organization"},"image":{"@id":"https:\/\/www.care-platform.eu\/index.php\/pl\/2023\/06\/15\/care-zwiekszanie-poczucia-wlasnej-wartosci-i-szans-na-zatrudnienie-osob-z-niepelnosprawnoscia-wzrokowa-poprzez-ksztaltowanie-ich-kompetencji-psychomotorycznych-w-pracy-z-ceramika-poznaj-najnowsze-wi\/#primaryimage"},"thumbnailUrl":"http:\/\/www.care-platform.eu\/wp-content\/uploads\/2025\/07\/Picture1-5-300x225.jpg","inLanguage":"en-US","potentialAction":[{"@type":"CommentAction","name":"Comment","target":["https:\/\/www.care-platform.eu\/index.php\/pl\/2023\/06\/15\/care-zwiekszanie-poczucia-wlasnej-wartosci-i-szans-na-zatrudnienie-osob-z-niepelnosprawnoscia-wzrokowa-poprzez-ksztaltowanie-ich-kompetencji-psychomotorycznych-w-pracy-z-ceramika-poznaj-najnowsze-wi\/#respond"]}]},{"@type":"WebPage","@id":"https:\/\/www.care-platform.eu\/index.php\/pl\/2023\/06\/15\/care-zwiekszanie-poczucia-wlasnej-wartosci-i-szans-na-zatrudnienie-osob-z-niepelnosprawnoscia-wzrokowa-poprzez-ksztaltowanie-ich-kompetencji-psychomotorycznych-w-pracy-z-ceramika-poznaj-najnowsze-wi\/","url":"https:\/\/www.care-platform.eu\/index.php\/pl\/2023\/06\/15\/care-zwiekszanie-poczucia-wlasnej-wartosci-i-szans-na-zatrudnienie-osob-z-niepelnosprawnoscia-wzrokowa-poprzez-ksztaltowanie-ich-kompetencji-psychomotorycznych-w-pracy-z-ceramika-poznaj-najnowsze-wi\/","name":"CARE: zwi\u0119kszanie poczucia w\u0142asnej warto\u015bci i szans na zatrudnienie os\u00f3b z niepe\u0142nosprawno\u015bci\u0105 wzrokow\u0105 poprzez kszta\u0142towanie ich kompetencji psychomotorycznych w pracy z ceramik\u0105. Poznaj najnowsze wie\u015bci z mi\u0119dzynarodowego spotkania w Wexford - C.A.R.E.","isPartOf":{"@id":"https:\/\/www.care-platform.eu\/#website"},"primaryImageOfPage":{"@id":"https:\/\/www.care-platform.eu\/index.php\/pl\/2023\/06\/15\/care-zwiekszanie-poczucia-wlasnej-wartosci-i-szans-na-zatrudnienie-osob-z-niepelnosprawnoscia-wzrokowa-poprzez-ksztaltowanie-ich-kompetencji-psychomotorycznych-w-pracy-z-ceramika-poznaj-najnowsze-wi\/#primaryimage"},"image":{"@id":"https:\/\/www.care-platform.eu\/index.php\/pl\/2023\/06\/15\/care-zwiekszanie-poczucia-wlasnej-wartosci-i-szans-na-zatrudnienie-osob-z-niepelnosprawnoscia-wzrokowa-poprzez-ksztaltowanie-ich-kompetencji-psychomotorycznych-w-pracy-z-ceramika-poznaj-najnowsze-wi\/#primaryimage"},"thumbnailUrl":"http:\/\/www.care-platform.eu\/wp-content\/uploads\/2025\/07\/Picture1-5-300x225.jpg","datePublished":"2023-06-15T00:31:49+00:00","dateModified":"2025-08-02T00:33:42+00:00","breadcrumb":{"@id":"https:\/\/www.care-platform.eu\/index.php\/pl\/2023\/06\/15\/care-zwiekszanie-poczucia-wlasnej-wartosci-i-szans-na-zatrudnienie-osob-z-niepelnosprawnoscia-wzrokowa-poprzez-ksztaltowanie-ich-kompetencji-psychomotorycznych-w-pracy-z-ceramika-poznaj-najnowsze-wi\/#breadcrumb"},"inLanguage":"en-US","potentialAction":[{"@type":"ReadAction","target":["https:\/\/www.care-platform.eu\/index.php\/pl\/2023\/06\/15\/care-zwiekszanie-poczucia-wlasnej-wartosci-i-szans-na-zatrudnienie-osob-z-niepelnosprawnoscia-wzrokowa-poprzez-ksztaltowanie-ich-kompetencji-psychomotorycznych-w-pracy-z-ceramika-poznaj-najnowsze-wi\/"]}]},{"@type":"ImageObject","inLanguage":"en-US","@id":"https:\/\/www.care-platform.eu\/index.php\/pl\/2023\/06\/15\/care-zwiekszanie-poczucia-wlasnej-wartosci-i-szans-na-zatrudnienie-osob-z-niepelnosprawnoscia-wzrokowa-poprzez-ksztaltowanie-ich-kompetencji-psychomotorycznych-w-pracy-z-ceramika-poznaj-najnowsze-wi\/#primaryimage","url":"https:\/\/www.care-platform.eu\/wp-content\/uploads\/2025\/07\/Picture1-5.jpg","contentUrl":"https:\/\/www.care-platform.eu\/wp-content\/uploads\/2025\/07\/Picture1-5.jpg","width":1327,"height":996},{"@type":"BreadcrumbList","@id":"https:\/\/www.care-platform.eu\/index.php\/pl\/2023\/06\/15\/care-zwiekszanie-poczucia-wlasnej-wartosci-i-szans-na-zatrudnienie-osob-z-niepelnosprawnoscia-wzrokowa-poprzez-ksztaltowanie-ich-kompetencji-psychomotorycznych-w-pracy-z-ceramika-poznaj-najnowsze-wi\/#breadcrumb","itemListElement":[{"@type":"ListItem","position":1,"name":"Home","item":"https:\/\/www.care-platform.eu\/"},{"@type":"ListItem","position":2,"name":"CARE: zwi\u0119kszanie poczucia w\u0142asnej warto\u015bci i szans na zatrudnienie os\u00f3b z niepe\u0142nosprawno\u015bci\u0105 wzrokow\u0105 poprzez kszta\u0142towanie ich kompetencji psychomotorycznych w pracy z ceramik\u0105. Poznaj najnowsze wie\u015bci z mi\u0119dzynarodowego spotkania w Wexford"}]},{"@type":"WebSite","@id":"https:\/\/www.care-platform.eu\/#website","url":"https:\/\/www.care-platform.eu\/","name":"C.A.R.E.","description":"","publisher":{"@id":"https:\/\/www.care-platform.eu\/#organization"},"potentialAction":[{"@type":"SearchAction","target":{"@type":"EntryPoint","urlTemplate":"https:\/\/www.care-platform.eu\/?s={search_term_string}"},"query-input":{"@type":"PropertyValueSpecification","valueRequired":true,"valueName":"search_term_string"}}],"inLanguage":"en-US"},{"@type":"Organization","@id":"https:\/\/www.care-platform.eu\/#organization","name":"C.A.R.E.","url":"https:\/\/www.care-platform.eu\/","logo":{"@type":"ImageObject","inLanguage":"en-US","@id":"https:\/\/www.care-platform.eu\/#\/schema\/logo\/image\/","url":"https:\/\/www.care-platform.eu\/wp-content\/uploads\/2023\/04\/cropped-cropped-logo-1-1.png","contentUrl":"https:\/\/www.care-platform.eu\/wp-content\/uploads\/2023\/04\/cropped-cropped-logo-1-1.png","width":127,"height":153,"caption":"C.A.R.E."},"image":{"@id":"https:\/\/www.care-platform.eu\/#\/schema\/logo\/image\/"}},{"@type":"Person","@id":"https:\/\/www.care-platform.eu\/#\/schema\/person\/290df17b1298613ab5025d8b3f4de953","name":"admin","image":{"@type":"ImageObject","inLanguage":"en-US","@id":"https:\/\/www.care-platform.eu\/#\/schema\/person\/image\/","url":"https:\/\/secure.gravatar.com\/avatar\/6a10196b803b7bcbcadb30b586c5b2a3841013d254b8676359791fac2b00b403?s=96&d=mm&r=g","contentUrl":"https:\/\/secure.gravatar.com\/avatar\/6a10196b803b7bcbcadb30b586c5b2a3841013d254b8676359791fac2b00b403?s=96&d=mm&r=g","caption":"admin"},"sameAs":["http:\/\/32903897134170577.blog.com.gr"],"url":"https:\/\/www.care-platform.eu\/index.php\/author\/tourniss_sq4t7cxk\/"}]}},"_links":{"self":[{"href":"https:\/\/www.care-platform.eu\/index.php\/wp-json\/wp\/v2\/posts\/3666","targetHints":{"allow":["GET"]}}],"collection":[{"href":"https:\/\/www.care-platform.eu\/index.php\/wp-json\/wp\/v2\/posts"}],"about":[{"href":"https:\/\/www.care-platform.eu\/index.php\/wp-json\/wp\/v2\/types\/post"}],"author":[{"embeddable":true,"href":"https:\/\/www.care-platform.eu\/index.php\/wp-json\/wp\/v2\/users\/1"}],"replies":[{"embeddable":true,"href":"https:\/\/www.care-platform.eu\/index.php\/wp-json\/wp\/v2\/comments?post=3666"}],"version-history":[{"count":1,"href":"https:\/\/www.care-platform.eu\/index.php\/wp-json\/wp\/v2\/posts\/3666\/revisions"}],"predecessor-version":[{"id":3667,"href":"https:\/\/www.care-platform.eu\/index.php\/wp-json\/wp\/v2\/posts\/3666\/revisions\/3667"}],"wp:attachment":[{"href":"https:\/\/www.care-platform.eu\/index.php\/wp-json\/wp\/v2\/media?parent=3666"}],"wp:term":[{"taxonomy":"category","embeddable":true,"href":"https:\/\/www.care-platform.eu\/index.php\/wp-json\/wp\/v2\/categories?post=3666"},{"taxonomy":"post_tag","embeddable":true,"href":"https:\/\/www.care-platform.eu\/index.php\/wp-json\/wp\/v2\/tags?post=3666"}],"curies":[{"name":"wp","href":"https:\/\/api.w.org\/{rel}","templated":true}]}}