{"id":3668,"date":"2023-11-08T00:34:19","date_gmt":"2023-11-08T00:34:19","guid":{"rendered":"https:\/\/www.care-platform.eu\/?p=3668"},"modified":"2025-08-02T00:36:56","modified_gmt":"2025-08-02T00:36:56","slug":"care-c1-wspolne-szkolenie-kadry","status":"publish","type":"post","link":"https:\/\/www.care-platform.eu\/index.php\/pl\/2023\/11\/08\/care-c1-wspolne-szkolenie-kadry\/","title":{"rendered":"CARE: C1- Wsp\u00f3lne szkolenie kadry"},"content":{"rendered":"<p>Mi\u0119dzynarodowe szkolenie w Polsce dotycz\u0105ce promowania integracji spo\u0142ecznej i zawodowej m\u0142odych os\u00f3b z niepe\u0142nosprawno\u015bci\u0105 wzrokow\u0105\u00a0 poprzez warsztaty ceramiczne.<\/p>\n<p><img fetchpriority=\"high\" decoding=\"async\" class=\"aligncenter wp-image-3577\" src=\"http:\/\/www.care-platform.eu\/wp-content\/uploads\/2025\/07\/Picture1-6-300x128.jpg\" alt=\"\" width=\"620\" height=\"264\" srcset=\"https:\/\/www.care-platform.eu\/wp-content\/uploads\/2025\/07\/Picture1-6-300x128.jpg 300w, https:\/\/www.care-platform.eu\/wp-content\/uploads\/2025\/07\/Picture1-6-1024x437.jpg 1024w, https:\/\/www.care-platform.eu\/wp-content\/uploads\/2025\/07\/Picture1-6-768x327.jpg 768w, https:\/\/www.care-platform.eu\/wp-content\/uploads\/2025\/07\/Picture1-6.jpg 1440w\" sizes=\"(max-width: 620px) 100vw, 620px\" \/><\/p>\n<p>W ramach projektu &#8220;CARE: zwi\u0119kszanie poczucia w\u0142asnej warto\u015bci i\u00a0szans na\u00a0zatrudnienie os\u00f3b z\u00a0niepe\u0142nosprawno\u015bci\u0105 wzrokow\u0105 poprzez kszta\u0142towanie ich kompetencji psychomotorycznych w\u00a0pracy z\u00a0ceramik\u0105&#8221;\u00a0 w dniach 23\u201327 pa\u017adziernika 2023 roku w \u0141odzi odby\u0142o si\u0119 pierwsze mi\u0119dzynarodowe szkolenie. W wydarzeniu wzi\u0119\u0142o udzia\u0142 ponad 20 ceramik\u00f3w i edukator\u00f3w z kraj\u00f3w partnerskich, a jego g\u0142\u00f3wnym celem by\u0142o przygotowanie do prowadzenia warsztat\u00f3w ceramicznych dla m\u0142odzie\u017cy z niepe\u0142nosprawno\u015bci\u0105 wzrokow\u0105.<\/p>\n<p>Podczas pobytu w Polsce uczestnicy wzi\u0119li udzia\u0142 w r\u00f3\u017cnorodnych warsztatach ceramicznych, wsp\u00f3\u0142pracuj\u0105c z profesjonalistami z bran\u017cy sztuki i rzemios\u0142a. Poprzez aktywne zaanga\u017cowanie rozwijali nie tylko sprawno\u015b\u0107 manualn\u0105, lecz tak\u017ce kompetencje spo\u0142eczno-emocjonalne \u2013 w szczeg\u00f3lno\u015bci umiej\u0119tno\u015b\u0107 wyra\u017cania emocji poprzez tworzenie ceramicznych dzie\u0142. Umiej\u0119tno\u015bci te s\u0105 niezwykle istotne w pracy z m\u0142odymi osobami z niepe\u0142nosprawno\u015bci\u0105 wzrokow\u0105, poniewa\u017c pozwalaj\u0105 im wykorzystywa\u0107 ceramik\u0119 jako form\u0119 ekspresji i narz\u0119dzie do budowania relacji spo\u0142ecznych. Tym samym wspieraj\u0105 proces integracji spo\u0142ecznej i otwieraj\u0105 nowe \u015bcie\u017cki zatrudnienia w sektorze sztuki i rzemios\u0142a.<\/p>\n<p>Uczestnicy szkolenia mieli r\u00f3wnie\u017c wyj\u0105tkow\u0105 okazj\u0119 odwiedzi\u0107 o\u015brodek m\u0142odzie\u017cowy, gdzie spotkali si\u0119 z m\u0142odzie\u017c\u0105 z niepe\u0142nosprawno\u015bci\u0105 wzrokow\u0105 i wsp\u00f3lnie prowadzili specjalistyczne warsztaty ceramiczne. Spotkanie to pozwoli\u0142o lepiej zrozumie\u0107 r\u00f3\u017cnorodne formy dysfunkcji wzroku i pog\u0142\u0119bi\u0142o empati\u0119 wobec m\u0142odych os\u00f3b z takimi trudno\u015bciami.<\/p>\n<p>W trakcie szkolenia uczestnicy otrzymali dost\u0119p do materia\u0142\u00f3w edukacyjnych opracowanych w ramach projektu CARE, kt\u00f3re mo\u017cna bezp\u0142atnie pobra\u0107 ze strony internetowej projektu. W\u015br\u00f3d nich znajduje si\u0119 m.in. specjalny podr\u0119cznik zawieraj\u0105cy przejrzyste wskaz\u00f3wki dotycz\u0105ce organizacji warsztat\u00f3w ceramicznych dla m\u0142odzie\u017cy z niepe\u0142nosprawno\u015bci\u0105 wzrokow\u0105 oraz propozycje anga\u017cuj\u0105cych aktywno\u015bci wspieraj\u0105cych rozw\u00f3j umiej\u0119tno\u015bci spo\u0142ecznych.<\/p>\n<p>Wkr\u00f3tce rozpoczn\u0105 si\u0119 r\u00f3wnie\u017c warsztaty ceramiczne dla m\u0142odzie\u017cy z niepe\u0142nosprawno\u015bci\u0105 wzrokow\u0105 w Grecji, Irlandii, Polsce, W\u0142oszech i na Cyprze. Program warsztat\u00f3w zak\u0142ada oko\u0142o 100 godzin zaj\u0119\u0107 praktycznych.<\/p>\n<p><img decoding=\"async\" class=\"aligncenter wp-image-3580\" src=\"http:\/\/www.care-platform.eu\/wp-content\/uploads\/2025\/07\/Picture2-4-300x225.jpg\" alt=\"\" width=\"520\" height=\"391\" srcset=\"https:\/\/www.care-platform.eu\/wp-content\/uploads\/2025\/07\/Picture2-4-300x225.jpg 300w, https:\/\/www.care-platform.eu\/wp-content\/uploads\/2025\/07\/Picture2-4.jpg 507w\" sizes=\"(max-width: 520px) 100vw, 520px\" \/><\/p>\n<p><img decoding=\"async\" class=\"aligncenter wp-image-3579\" src=\"http:\/\/www.care-platform.eu\/wp-content\/uploads\/2025\/07\/Picture3-1-300x225.jpg\" alt=\"\" width=\"520\" height=\"391\" srcset=\"https:\/\/www.care-platform.eu\/wp-content\/uploads\/2025\/07\/Picture3-1-300x225.jpg 300w, https:\/\/www.care-platform.eu\/wp-content\/uploads\/2025\/07\/Picture3-1.jpg 507w\" sizes=\"(max-width: 520px) 100vw, 520px\" \/><\/p>\n<p><img loading=\"lazy\" decoding=\"async\" class=\"aligncenter wp-image-3578\" src=\"http:\/\/www.care-platform.eu\/wp-content\/uploads\/2025\/07\/Picture4-1-225x300.jpg\" alt=\"\" width=\"520\" height=\"693\" srcset=\"https:\/\/www.care-platform.eu\/wp-content\/uploads\/2025\/07\/Picture4-1-225x300.jpg 225w, https:\/\/www.care-platform.eu\/wp-content\/uploads\/2025\/07\/Picture4-1.jpg 597w\" sizes=\"(max-width: 520px) 100vw, 520px\" \/><\/p>\n","protected":false},"excerpt":{"rendered":"<p>Mi\u0119dzynarodowe szkolenie w Polsce dotycz\u0105ce promowania integracji spo\u0142ecznej i zawodowej m\u0142odych os\u00f3b z niepe\u0142nosprawno\u015bci\u0105 wzrokow\u0105\u00a0 poprzez warsztaty ceramiczne. W ramach projektu &#8220;CARE: zwi\u0119kszanie poczucia w\u0142asnej warto\u015bci i\u00a0szans na\u00a0zatrudnienie os\u00f3b z\u00a0niepe\u0142nosprawno\u015bci\u0105 wzrokow\u0105 poprzez kszta\u0142towanie ich kompetencji psychomotorycznych w\u00a0pracy z\u00a0ceramik\u0105&#8221;\u00a0 w dniach 23\u201327 pa\u017adziernika 2023 roku w \u0141odzi odby\u0142o si\u0119 pierwsze mi\u0119dzynarodowe szkolenie. W wydarzeniu wzi\u0119\u0142o udzia\u0142 ponad 20 ceramik\u00f3w i edukator\u00f3w z kraj\u00f3w partnerskich, a jego g\u0142\u00f3wnym celem by\u0142o przygotowanie do prowadzenia warsztat\u00f3w ceramicznych dla m\u0142odzie\u017cy z niepe\u0142nosprawno\u015bci\u0105 wzrokow\u0105. Podczas pobytu w Polsce uczestnicy wzi\u0119li udzia\u0142 w r\u00f3\u017cnorodnych warsztatach ceramicznych, wsp\u00f3\u0142pracuj\u0105c z profesjonalistami z bran\u017cy sztuki i rzemios\u0142a. Poprzez aktywne zaanga\u017cowanie rozwijali nie tylko sprawno\u015b\u0107 manualn\u0105, lecz tak\u017ce kompetencje spo\u0142eczno-emocjonalne \u2013 w szczeg\u00f3lno\u015bci umiej\u0119tno\u015b\u0107 wyra\u017cania emocji poprzez tworzenie ceramicznych dzie\u0142. Umiej\u0119tno\u015bci te s\u0105 niezwykle istotne w pracy z m\u0142odymi osobami z niepe\u0142nosprawno\u015bci\u0105 wzrokow\u0105, poniewa\u017c pozwalaj\u0105 im wykorzystywa\u0107 ceramik\u0119 jako form\u0119 ekspresji i narz\u0119dzie do budowania relacji spo\u0142ecznych. Tym samym wspieraj\u0105 proces integracji spo\u0142ecznej i otwieraj\u0105 nowe \u015bcie\u017cki zatrudnienia w sektorze sztuki i rzemios\u0142a. Uczestnicy szkolenia mieli r\u00f3wnie\u017c wyj\u0105tkow\u0105 okazj\u0119 odwiedzi\u0107 o\u015brodek m\u0142odzie\u017cowy, gdzie spotkali si\u0119 z m\u0142odzie\u017c\u0105 z niepe\u0142nosprawno\u015bci\u0105 wzrokow\u0105 i wsp\u00f3lnie prowadzili specjalistyczne warsztaty ceramiczne. Spotkanie to pozwoli\u0142o lepiej zrozumie\u0107 r\u00f3\u017cnorodne formy dysfunkcji wzroku i pog\u0142\u0119bi\u0142o empati\u0119 wobec m\u0142odych os\u00f3b z takimi trudno\u015bciami. W trakcie szkolenia uczestnicy otrzymali dost\u0119p do materia\u0142\u00f3w edukacyjnych opracowanych w ramach projektu CARE, kt\u00f3re mo\u017cna bezp\u0142atnie pobra\u0107 ze strony internetowej projektu. W\u015br\u00f3d nich znajduje si\u0119 m.in. specjalny podr\u0119cznik zawieraj\u0105cy przejrzyste wskaz\u00f3wki dotycz\u0105ce organizacji warsztat\u00f3w ceramicznych dla m\u0142odzie\u017cy z niepe\u0142nosprawno\u015bci\u0105 wzrokow\u0105 oraz propozycje anga\u017cuj\u0105cych aktywno\u015bci wspieraj\u0105cych rozw\u00f3j umiej\u0119tno\u015bci spo\u0142ecznych. Wkr\u00f3tce rozpoczn\u0105 si\u0119 r\u00f3wnie\u017c warsztaty ceramiczne dla m\u0142odzie\u017cy z niepe\u0142nosprawno\u015bci\u0105 wzrokow\u0105 w Grecji, Irlandii, Polsce, W\u0142oszech i na Cyprze. Program warsztat\u00f3w zak\u0142ada oko\u0142o 100 godzin zaj\u0119\u0107 praktycznych.<\/p>\n","protected":false},"author":1,"featured_media":0,"comment_status":"open","ping_status":"open","sticky":false,"template":"","format":"standard","meta":{"_exactmetrics_skip_tracking":false,"_exactmetrics_sitenote_active":false,"_exactmetrics_sitenote_note":"","_exactmetrics_sitenote_category":0,"_monsterinsights_skip_tracking":false,"_monsterinsights_sitenote_active":false,"_monsterinsights_sitenote_note":"","_monsterinsights_sitenote_category":0,"site-sidebar-layout":"default","site-content-layout":"","ast-site-content-layout":"default","site-content-style":"default","site-sidebar-style":"default","ast-global-header-display":"","ast-banner-title-visibility":"","ast-main-header-display":"","ast-hfb-above-header-display":"","ast-hfb-below-header-display":"","ast-hfb-mobile-header-display":"","site-post-title":"","ast-breadcrumbs-content":"","ast-featured-img":"","footer-sml-layout":"","theme-transparent-header-meta":"default","adv-header-id-meta":"","stick-header-meta":"","header-above-stick-meta":"","header-main-stick-meta":"","header-below-stick-meta":"","astra-migrate-meta-layouts":"set","ast-page-background-enabled":"default","ast-page-background-meta":{"desktop":{"background-color":"var(--ast-global-color-4)","background-image":"","background-repeat":"repeat","background-position":"center center","background-size":"auto","background-attachment":"scroll","background-type":"","background-media":"","overlay-type":"","overlay-color":"","overlay-opacity":"","overlay-gradient":""},"tablet":{"background-color":"","background-image":"","background-repeat":"repeat","background-position":"center center","background-size":"auto","background-attachment":"scroll","background-type":"","background-media":"","overlay-type":"","overlay-color":"","overlay-opacity":"","overlay-gradient":""},"mobile":{"background-color":"","background-image":"","background-repeat":"repeat","background-position":"center center","background-size":"auto","background-attachment":"scroll","background-type":"","background-media":"","overlay-type":"","overlay-color":"","overlay-opacity":"","overlay-gradient":""}},"ast-content-background-meta":{"desktop":{"background-color":"var(--ast-global-color-5)","background-image":"","background-repeat":"repeat","background-position":"center center","background-size":"auto","background-attachment":"scroll","background-type":"","background-media":"","overlay-type":"","overlay-color":"","overlay-opacity":"","overlay-gradient":""},"tablet":{"background-color":"var(--ast-global-color-5)","background-image":"","background-repeat":"repeat","background-position":"center center","background-size":"auto","background-attachment":"scroll","background-type":"","background-media":"","overlay-type":"","overlay-color":"","overlay-opacity":"","overlay-gradient":""},"mobile":{"background-color":"var(--ast-global-color-5)","background-image":"","background-repeat":"repeat","background-position":"center center","background-size":"auto","background-attachment":"scroll","background-type":"","background-media":"","overlay-type":"","overlay-color":"","overlay-opacity":"","overlay-gradient":""}},"footnotes":""},"categories":[20],"tags":[],"class_list":["post-3668","post","type-post","status-publish","format-standard","hentry","category-uncategorized-pl"],"yoast_head":"<!-- This site is optimized with the Yoast SEO plugin v25.5 - https:\/\/yoast.com\/wordpress\/plugins\/seo\/ -->\n<title>CARE: C1- Wsp\u00f3lne szkolenie kadry - C.A.R.E.<\/title>\n<meta name=\"robots\" content=\"index, follow, max-snippet:-1, max-image-preview:large, max-video-preview:-1\" \/>\n<link rel=\"canonical\" href=\"https:\/\/www.care-platform.eu\/index.php\/pl\/2023\/11\/08\/care-c1-wspolne-szkolenie-kadry\/\" \/>\n<meta property=\"og:locale\" content=\"en_US\" \/>\n<meta property=\"og:type\" content=\"article\" \/>\n<meta property=\"og:title\" content=\"CARE: C1- Wsp\u00f3lne szkolenie kadry - C.A.R.E.\" \/>\n<meta property=\"og:description\" content=\"Mi\u0119dzynarodowe szkolenie w Polsce dotycz\u0105ce promowania integracji spo\u0142ecznej i zawodowej m\u0142odych os\u00f3b z niepe\u0142nosprawno\u015bci\u0105 wzrokow\u0105\u00a0 poprzez warsztaty ceramiczne. W ramach projektu &#8220;CARE: zwi\u0119kszanie poczucia w\u0142asnej warto\u015bci i\u00a0szans na\u00a0zatrudnienie os\u00f3b z\u00a0niepe\u0142nosprawno\u015bci\u0105 wzrokow\u0105 poprzez kszta\u0142towanie ich kompetencji psychomotorycznych w\u00a0pracy z\u00a0ceramik\u0105&#8221;\u00a0 w dniach 23\u201327 pa\u017adziernika 2023 roku w \u0141odzi odby\u0142o si\u0119 pierwsze mi\u0119dzynarodowe szkolenie. W wydarzeniu wzi\u0119\u0142o udzia\u0142 ponad 20 ceramik\u00f3w i edukator\u00f3w z kraj\u00f3w partnerskich, a jego g\u0142\u00f3wnym celem by\u0142o przygotowanie do prowadzenia warsztat\u00f3w ceramicznych dla m\u0142odzie\u017cy z niepe\u0142nosprawno\u015bci\u0105 wzrokow\u0105. Podczas pobytu w Polsce uczestnicy wzi\u0119li udzia\u0142 w r\u00f3\u017cnorodnych warsztatach ceramicznych, wsp\u00f3\u0142pracuj\u0105c z profesjonalistami z bran\u017cy sztuki i rzemios\u0142a. Poprzez aktywne zaanga\u017cowanie rozwijali nie tylko sprawno\u015b\u0107 manualn\u0105, lecz tak\u017ce kompetencje spo\u0142eczno-emocjonalne \u2013 w szczeg\u00f3lno\u015bci umiej\u0119tno\u015b\u0107 wyra\u017cania emocji poprzez tworzenie ceramicznych dzie\u0142. Umiej\u0119tno\u015bci te s\u0105 niezwykle istotne w pracy z m\u0142odymi osobami z niepe\u0142nosprawno\u015bci\u0105 wzrokow\u0105, poniewa\u017c pozwalaj\u0105 im wykorzystywa\u0107 ceramik\u0119 jako form\u0119 ekspresji i narz\u0119dzie do budowania relacji spo\u0142ecznych. Tym samym wspieraj\u0105 proces integracji spo\u0142ecznej i otwieraj\u0105 nowe \u015bcie\u017cki zatrudnienia w sektorze sztuki i rzemios\u0142a. Uczestnicy szkolenia mieli r\u00f3wnie\u017c wyj\u0105tkow\u0105 okazj\u0119 odwiedzi\u0107 o\u015brodek m\u0142odzie\u017cowy, gdzie spotkali si\u0119 z m\u0142odzie\u017c\u0105 z niepe\u0142nosprawno\u015bci\u0105 wzrokow\u0105 i wsp\u00f3lnie prowadzili specjalistyczne warsztaty ceramiczne. Spotkanie to pozwoli\u0142o lepiej zrozumie\u0107 r\u00f3\u017cnorodne formy dysfunkcji wzroku i pog\u0142\u0119bi\u0142o empati\u0119 wobec m\u0142odych os\u00f3b z takimi trudno\u015bciami. W trakcie szkolenia uczestnicy otrzymali dost\u0119p do materia\u0142\u00f3w edukacyjnych opracowanych w ramach projektu CARE, kt\u00f3re mo\u017cna bezp\u0142atnie pobra\u0107 ze strony internetowej projektu. W\u015br\u00f3d nich znajduje si\u0119 m.in. specjalny podr\u0119cznik zawieraj\u0105cy przejrzyste wskaz\u00f3wki dotycz\u0105ce organizacji warsztat\u00f3w ceramicznych dla m\u0142odzie\u017cy z niepe\u0142nosprawno\u015bci\u0105 wzrokow\u0105 oraz propozycje anga\u017cuj\u0105cych aktywno\u015bci wspieraj\u0105cych rozw\u00f3j umiej\u0119tno\u015bci spo\u0142ecznych. Wkr\u00f3tce rozpoczn\u0105 si\u0119 r\u00f3wnie\u017c warsztaty ceramiczne dla m\u0142odzie\u017cy z niepe\u0142nosprawno\u015bci\u0105 wzrokow\u0105 w Grecji, Irlandii, Polsce, W\u0142oszech i na Cyprze. Program warsztat\u00f3w zak\u0142ada oko\u0142o 100 godzin zaj\u0119\u0107 praktycznych.\" \/>\n<meta property=\"og:url\" content=\"https:\/\/www.care-platform.eu\/index.php\/pl\/2023\/11\/08\/care-c1-wspolne-szkolenie-kadry\/\" \/>\n<meta property=\"og:site_name\" content=\"C.A.R.E.\" \/>\n<meta property=\"article:published_time\" content=\"2023-11-08T00:34:19+00:00\" \/>\n<meta property=\"article:modified_time\" content=\"2025-08-02T00:36:56+00:00\" \/>\n<meta property=\"og:image\" content=\"https:\/\/www.care-platform.eu\/wp-content\/uploads\/2025\/07\/Picture1-6.jpg\" \/>\n\t<meta property=\"og:image:width\" content=\"1440\" \/>\n\t<meta property=\"og:image:height\" content=\"614\" \/>\n\t<meta property=\"og:image:type\" content=\"image\/jpeg\" \/>\n<meta name=\"author\" content=\"admin\" \/>\n<meta name=\"twitter:card\" content=\"summary_large_image\" \/>\n<meta name=\"twitter:label1\" content=\"Written by\" \/>\n\t<meta name=\"twitter:data1\" content=\"admin\" \/>\n\t<meta name=\"twitter:label2\" content=\"Est. reading time\" \/>\n\t<meta name=\"twitter:data2\" content=\"3 minutes\" \/>\n<script type=\"application\/ld+json\" class=\"yoast-schema-graph\">{\"@context\":\"https:\/\/schema.org\",\"@graph\":[{\"@type\":\"Article\",\"@id\":\"https:\/\/www.care-platform.eu\/index.php\/pl\/2023\/11\/08\/care-c1-wspolne-szkolenie-kadry\/#article\",\"isPartOf\":{\"@id\":\"https:\/\/www.care-platform.eu\/index.php\/pl\/2023\/11\/08\/care-c1-wspolne-szkolenie-kadry\/\"},\"author\":{\"name\":\"admin\",\"@id\":\"https:\/\/www.care-platform.eu\/#\/schema\/person\/290df17b1298613ab5025d8b3f4de953\"},\"headline\":\"CARE: C1- Wsp\u00f3lne szkolenie kadry\",\"datePublished\":\"2023-11-08T00:34:19+00:00\",\"dateModified\":\"2025-08-02T00:36:56+00:00\",\"mainEntityOfPage\":{\"@id\":\"https:\/\/www.care-platform.eu\/index.php\/pl\/2023\/11\/08\/care-c1-wspolne-szkolenie-kadry\/\"},\"wordCount\":388,\"commentCount\":0,\"publisher\":{\"@id\":\"https:\/\/www.care-platform.eu\/#organization\"},\"image\":{\"@id\":\"https:\/\/www.care-platform.eu\/index.php\/pl\/2023\/11\/08\/care-c1-wspolne-szkolenie-kadry\/#primaryimage\"},\"thumbnailUrl\":\"http:\/\/www.care-platform.eu\/wp-content\/uploads\/2025\/07\/Picture1-6-300x128.jpg\",\"inLanguage\":\"en-US\",\"potentialAction\":[{\"@type\":\"CommentAction\",\"name\":\"Comment\",\"target\":[\"https:\/\/www.care-platform.eu\/index.php\/pl\/2023\/11\/08\/care-c1-wspolne-szkolenie-kadry\/#respond\"]}]},{\"@type\":\"WebPage\",\"@id\":\"https:\/\/www.care-platform.eu\/index.php\/pl\/2023\/11\/08\/care-c1-wspolne-szkolenie-kadry\/\",\"url\":\"https:\/\/www.care-platform.eu\/index.php\/pl\/2023\/11\/08\/care-c1-wspolne-szkolenie-kadry\/\",\"name\":\"CARE: C1- Wsp\u00f3lne szkolenie kadry - C.A.R.E.\",\"isPartOf\":{\"@id\":\"https:\/\/www.care-platform.eu\/#website\"},\"primaryImageOfPage\":{\"@id\":\"https:\/\/www.care-platform.eu\/index.php\/pl\/2023\/11\/08\/care-c1-wspolne-szkolenie-kadry\/#primaryimage\"},\"image\":{\"@id\":\"https:\/\/www.care-platform.eu\/index.php\/pl\/2023\/11\/08\/care-c1-wspolne-szkolenie-kadry\/#primaryimage\"},\"thumbnailUrl\":\"http:\/\/www.care-platform.eu\/wp-content\/uploads\/2025\/07\/Picture1-6-300x128.jpg\",\"datePublished\":\"2023-11-08T00:34:19+00:00\",\"dateModified\":\"2025-08-02T00:36:56+00:00\",\"breadcrumb\":{\"@id\":\"https:\/\/www.care-platform.eu\/index.php\/pl\/2023\/11\/08\/care-c1-wspolne-szkolenie-kadry\/#breadcrumb\"},\"inLanguage\":\"en-US\",\"potentialAction\":[{\"@type\":\"ReadAction\",\"target\":[\"https:\/\/www.care-platform.eu\/index.php\/pl\/2023\/11\/08\/care-c1-wspolne-szkolenie-kadry\/\"]}]},{\"@type\":\"ImageObject\",\"inLanguage\":\"en-US\",\"@id\":\"https:\/\/www.care-platform.eu\/index.php\/pl\/2023\/11\/08\/care-c1-wspolne-szkolenie-kadry\/#primaryimage\",\"url\":\"https:\/\/www.care-platform.eu\/wp-content\/uploads\/2025\/07\/Picture1-6.jpg\",\"contentUrl\":\"https:\/\/www.care-platform.eu\/wp-content\/uploads\/2025\/07\/Picture1-6.jpg\",\"width\":1440,\"height\":614},{\"@type\":\"BreadcrumbList\",\"@id\":\"https:\/\/www.care-platform.eu\/index.php\/pl\/2023\/11\/08\/care-c1-wspolne-szkolenie-kadry\/#breadcrumb\",\"itemListElement\":[{\"@type\":\"ListItem\",\"position\":1,\"name\":\"Home\",\"item\":\"https:\/\/www.care-platform.eu\/\"},{\"@type\":\"ListItem\",\"position\":2,\"name\":\"CARE: C1- Wsp\u00f3lne szkolenie kadry\"}]},{\"@type\":\"WebSite\",\"@id\":\"https:\/\/www.care-platform.eu\/#website\",\"url\":\"https:\/\/www.care-platform.eu\/\",\"name\":\"C.A.R.E.\",\"description\":\"\",\"publisher\":{\"@id\":\"https:\/\/www.care-platform.eu\/#organization\"},\"potentialAction\":[{\"@type\":\"SearchAction\",\"target\":{\"@type\":\"EntryPoint\",\"urlTemplate\":\"https:\/\/www.care-platform.eu\/?s={search_term_string}\"},\"query-input\":{\"@type\":\"PropertyValueSpecification\",\"valueRequired\":true,\"valueName\":\"search_term_string\"}}],\"inLanguage\":\"en-US\"},{\"@type\":\"Organization\",\"@id\":\"https:\/\/www.care-platform.eu\/#organization\",\"name\":\"C.A.R.E.\",\"url\":\"https:\/\/www.care-platform.eu\/\",\"logo\":{\"@type\":\"ImageObject\",\"inLanguage\":\"en-US\",\"@id\":\"https:\/\/www.care-platform.eu\/#\/schema\/logo\/image\/\",\"url\":\"https:\/\/www.care-platform.eu\/wp-content\/uploads\/2023\/04\/cropped-cropped-logo-1-1.png\",\"contentUrl\":\"https:\/\/www.care-platform.eu\/wp-content\/uploads\/2023\/04\/cropped-cropped-logo-1-1.png\",\"width\":127,\"height\":153,\"caption\":\"C.A.R.E.\"},\"image\":{\"@id\":\"https:\/\/www.care-platform.eu\/#\/schema\/logo\/image\/\"}},{\"@type\":\"Person\",\"@id\":\"https:\/\/www.care-platform.eu\/#\/schema\/person\/290df17b1298613ab5025d8b3f4de953\",\"name\":\"admin\",\"image\":{\"@type\":\"ImageObject\",\"inLanguage\":\"en-US\",\"@id\":\"https:\/\/www.care-platform.eu\/#\/schema\/person\/image\/\",\"url\":\"https:\/\/secure.gravatar.com\/avatar\/6a10196b803b7bcbcadb30b586c5b2a3841013d254b8676359791fac2b00b403?s=96&d=mm&r=g\",\"contentUrl\":\"https:\/\/secure.gravatar.com\/avatar\/6a10196b803b7bcbcadb30b586c5b2a3841013d254b8676359791fac2b00b403?s=96&d=mm&r=g\",\"caption\":\"admin\"},\"sameAs\":[\"http:\/\/32903897134170577.blog.com.gr\"],\"url\":\"https:\/\/www.care-platform.eu\/index.php\/author\/tourniss_sq4t7cxk\/\"}]}<\/script>\n<!-- \/ Yoast SEO plugin. -->","yoast_head_json":{"title":"CARE: C1- Wsp\u00f3lne szkolenie kadry - C.A.R.E.","robots":{"index":"index","follow":"follow","max-snippet":"max-snippet:-1","max-image-preview":"max-image-preview:large","max-video-preview":"max-video-preview:-1"},"canonical":"https:\/\/www.care-platform.eu\/index.php\/pl\/2023\/11\/08\/care-c1-wspolne-szkolenie-kadry\/","og_locale":"en_US","og_type":"article","og_title":"CARE: C1- Wsp\u00f3lne szkolenie kadry - C.A.R.E.","og_description":"Mi\u0119dzynarodowe szkolenie w Polsce dotycz\u0105ce promowania integracji spo\u0142ecznej i zawodowej m\u0142odych os\u00f3b z niepe\u0142nosprawno\u015bci\u0105 wzrokow\u0105\u00a0 poprzez warsztaty ceramiczne. W ramach projektu &#8220;CARE: zwi\u0119kszanie poczucia w\u0142asnej warto\u015bci i\u00a0szans na\u00a0zatrudnienie os\u00f3b z\u00a0niepe\u0142nosprawno\u015bci\u0105 wzrokow\u0105 poprzez kszta\u0142towanie ich kompetencji psychomotorycznych w\u00a0pracy z\u00a0ceramik\u0105&#8221;\u00a0 w dniach 23\u201327 pa\u017adziernika 2023 roku w \u0141odzi odby\u0142o si\u0119 pierwsze mi\u0119dzynarodowe szkolenie. W wydarzeniu wzi\u0119\u0142o udzia\u0142 ponad 20 ceramik\u00f3w i edukator\u00f3w z kraj\u00f3w partnerskich, a jego g\u0142\u00f3wnym celem by\u0142o przygotowanie do prowadzenia warsztat\u00f3w ceramicznych dla m\u0142odzie\u017cy z niepe\u0142nosprawno\u015bci\u0105 wzrokow\u0105. Podczas pobytu w Polsce uczestnicy wzi\u0119li udzia\u0142 w r\u00f3\u017cnorodnych warsztatach ceramicznych, wsp\u00f3\u0142pracuj\u0105c z profesjonalistami z bran\u017cy sztuki i rzemios\u0142a. Poprzez aktywne zaanga\u017cowanie rozwijali nie tylko sprawno\u015b\u0107 manualn\u0105, lecz tak\u017ce kompetencje spo\u0142eczno-emocjonalne \u2013 w szczeg\u00f3lno\u015bci umiej\u0119tno\u015b\u0107 wyra\u017cania emocji poprzez tworzenie ceramicznych dzie\u0142. Umiej\u0119tno\u015bci te s\u0105 niezwykle istotne w pracy z m\u0142odymi osobami z niepe\u0142nosprawno\u015bci\u0105 wzrokow\u0105, poniewa\u017c pozwalaj\u0105 im wykorzystywa\u0107 ceramik\u0119 jako form\u0119 ekspresji i narz\u0119dzie do budowania relacji spo\u0142ecznych. Tym samym wspieraj\u0105 proces integracji spo\u0142ecznej i otwieraj\u0105 nowe \u015bcie\u017cki zatrudnienia w sektorze sztuki i rzemios\u0142a. Uczestnicy szkolenia mieli r\u00f3wnie\u017c wyj\u0105tkow\u0105 okazj\u0119 odwiedzi\u0107 o\u015brodek m\u0142odzie\u017cowy, gdzie spotkali si\u0119 z m\u0142odzie\u017c\u0105 z niepe\u0142nosprawno\u015bci\u0105 wzrokow\u0105 i wsp\u00f3lnie prowadzili specjalistyczne warsztaty ceramiczne. Spotkanie to pozwoli\u0142o lepiej zrozumie\u0107 r\u00f3\u017cnorodne formy dysfunkcji wzroku i pog\u0142\u0119bi\u0142o empati\u0119 wobec m\u0142odych os\u00f3b z takimi trudno\u015bciami. W trakcie szkolenia uczestnicy otrzymali dost\u0119p do materia\u0142\u00f3w edukacyjnych opracowanych w ramach projektu CARE, kt\u00f3re mo\u017cna bezp\u0142atnie pobra\u0107 ze strony internetowej projektu. W\u015br\u00f3d nich znajduje si\u0119 m.in. specjalny podr\u0119cznik zawieraj\u0105cy przejrzyste wskaz\u00f3wki dotycz\u0105ce organizacji warsztat\u00f3w ceramicznych dla m\u0142odzie\u017cy z niepe\u0142nosprawno\u015bci\u0105 wzrokow\u0105 oraz propozycje anga\u017cuj\u0105cych aktywno\u015bci wspieraj\u0105cych rozw\u00f3j umiej\u0119tno\u015bci spo\u0142ecznych. Wkr\u00f3tce rozpoczn\u0105 si\u0119 r\u00f3wnie\u017c warsztaty ceramiczne dla m\u0142odzie\u017cy z niepe\u0142nosprawno\u015bci\u0105 wzrokow\u0105 w Grecji, Irlandii, Polsce, W\u0142oszech i na Cyprze. Program warsztat\u00f3w zak\u0142ada oko\u0142o 100 godzin zaj\u0119\u0107 praktycznych.","og_url":"https:\/\/www.care-platform.eu\/index.php\/pl\/2023\/11\/08\/care-c1-wspolne-szkolenie-kadry\/","og_site_name":"C.A.R.E.","article_published_time":"2023-11-08T00:34:19+00:00","article_modified_time":"2025-08-02T00:36:56+00:00","og_image":[{"width":1440,"height":614,"url":"https:\/\/www.care-platform.eu\/wp-content\/uploads\/2025\/07\/Picture1-6.jpg","type":"image\/jpeg"}],"author":"admin","twitter_card":"summary_large_image","twitter_misc":{"Written by":"admin","Est. reading time":"3 minutes"},"schema":{"@context":"https:\/\/schema.org","@graph":[{"@type":"Article","@id":"https:\/\/www.care-platform.eu\/index.php\/pl\/2023\/11\/08\/care-c1-wspolne-szkolenie-kadry\/#article","isPartOf":{"@id":"https:\/\/www.care-platform.eu\/index.php\/pl\/2023\/11\/08\/care-c1-wspolne-szkolenie-kadry\/"},"author":{"name":"admin","@id":"https:\/\/www.care-platform.eu\/#\/schema\/person\/290df17b1298613ab5025d8b3f4de953"},"headline":"CARE: C1- Wsp\u00f3lne szkolenie kadry","datePublished":"2023-11-08T00:34:19+00:00","dateModified":"2025-08-02T00:36:56+00:00","mainEntityOfPage":{"@id":"https:\/\/www.care-platform.eu\/index.php\/pl\/2023\/11\/08\/care-c1-wspolne-szkolenie-kadry\/"},"wordCount":388,"commentCount":0,"publisher":{"@id":"https:\/\/www.care-platform.eu\/#organization"},"image":{"@id":"https:\/\/www.care-platform.eu\/index.php\/pl\/2023\/11\/08\/care-c1-wspolne-szkolenie-kadry\/#primaryimage"},"thumbnailUrl":"http:\/\/www.care-platform.eu\/wp-content\/uploads\/2025\/07\/Picture1-6-300x128.jpg","inLanguage":"en-US","potentialAction":[{"@type":"CommentAction","name":"Comment","target":["https:\/\/www.care-platform.eu\/index.php\/pl\/2023\/11\/08\/care-c1-wspolne-szkolenie-kadry\/#respond"]}]},{"@type":"WebPage","@id":"https:\/\/www.care-platform.eu\/index.php\/pl\/2023\/11\/08\/care-c1-wspolne-szkolenie-kadry\/","url":"https:\/\/www.care-platform.eu\/index.php\/pl\/2023\/11\/08\/care-c1-wspolne-szkolenie-kadry\/","name":"CARE: C1- Wsp\u00f3lne szkolenie kadry - C.A.R.E.","isPartOf":{"@id":"https:\/\/www.care-platform.eu\/#website"},"primaryImageOfPage":{"@id":"https:\/\/www.care-platform.eu\/index.php\/pl\/2023\/11\/08\/care-c1-wspolne-szkolenie-kadry\/#primaryimage"},"image":{"@id":"https:\/\/www.care-platform.eu\/index.php\/pl\/2023\/11\/08\/care-c1-wspolne-szkolenie-kadry\/#primaryimage"},"thumbnailUrl":"http:\/\/www.care-platform.eu\/wp-content\/uploads\/2025\/07\/Picture1-6-300x128.jpg","datePublished":"2023-11-08T00:34:19+00:00","dateModified":"2025-08-02T00:36:56+00:00","breadcrumb":{"@id":"https:\/\/www.care-platform.eu\/index.php\/pl\/2023\/11\/08\/care-c1-wspolne-szkolenie-kadry\/#breadcrumb"},"inLanguage":"en-US","potentialAction":[{"@type":"ReadAction","target":["https:\/\/www.care-platform.eu\/index.php\/pl\/2023\/11\/08\/care-c1-wspolne-szkolenie-kadry\/"]}]},{"@type":"ImageObject","inLanguage":"en-US","@id":"https:\/\/www.care-platform.eu\/index.php\/pl\/2023\/11\/08\/care-c1-wspolne-szkolenie-kadry\/#primaryimage","url":"https:\/\/www.care-platform.eu\/wp-content\/uploads\/2025\/07\/Picture1-6.jpg","contentUrl":"https:\/\/www.care-platform.eu\/wp-content\/uploads\/2025\/07\/Picture1-6.jpg","width":1440,"height":614},{"@type":"BreadcrumbList","@id":"https:\/\/www.care-platform.eu\/index.php\/pl\/2023\/11\/08\/care-c1-wspolne-szkolenie-kadry\/#breadcrumb","itemListElement":[{"@type":"ListItem","position":1,"name":"Home","item":"https:\/\/www.care-platform.eu\/"},{"@type":"ListItem","position":2,"name":"CARE: C1- Wsp\u00f3lne szkolenie kadry"}]},{"@type":"WebSite","@id":"https:\/\/www.care-platform.eu\/#website","url":"https:\/\/www.care-platform.eu\/","name":"C.A.R.E.","description":"","publisher":{"@id":"https:\/\/www.care-platform.eu\/#organization"},"potentialAction":[{"@type":"SearchAction","target":{"@type":"EntryPoint","urlTemplate":"https:\/\/www.care-platform.eu\/?s={search_term_string}"},"query-input":{"@type":"PropertyValueSpecification","valueRequired":true,"valueName":"search_term_string"}}],"inLanguage":"en-US"},{"@type":"Organization","@id":"https:\/\/www.care-platform.eu\/#organization","name":"C.A.R.E.","url":"https:\/\/www.care-platform.eu\/","logo":{"@type":"ImageObject","inLanguage":"en-US","@id":"https:\/\/www.care-platform.eu\/#\/schema\/logo\/image\/","url":"https:\/\/www.care-platform.eu\/wp-content\/uploads\/2023\/04\/cropped-cropped-logo-1-1.png","contentUrl":"https:\/\/www.care-platform.eu\/wp-content\/uploads\/2023\/04\/cropped-cropped-logo-1-1.png","width":127,"height":153,"caption":"C.A.R.E."},"image":{"@id":"https:\/\/www.care-platform.eu\/#\/schema\/logo\/image\/"}},{"@type":"Person","@id":"https:\/\/www.care-platform.eu\/#\/schema\/person\/290df17b1298613ab5025d8b3f4de953","name":"admin","image":{"@type":"ImageObject","inLanguage":"en-US","@id":"https:\/\/www.care-platform.eu\/#\/schema\/person\/image\/","url":"https:\/\/secure.gravatar.com\/avatar\/6a10196b803b7bcbcadb30b586c5b2a3841013d254b8676359791fac2b00b403?s=96&d=mm&r=g","contentUrl":"https:\/\/secure.gravatar.com\/avatar\/6a10196b803b7bcbcadb30b586c5b2a3841013d254b8676359791fac2b00b403?s=96&d=mm&r=g","caption":"admin"},"sameAs":["http:\/\/32903897134170577.blog.com.gr"],"url":"https:\/\/www.care-platform.eu\/index.php\/author\/tourniss_sq4t7cxk\/"}]}},"_links":{"self":[{"href":"https:\/\/www.care-platform.eu\/index.php\/wp-json\/wp\/v2\/posts\/3668","targetHints":{"allow":["GET"]}}],"collection":[{"href":"https:\/\/www.care-platform.eu\/index.php\/wp-json\/wp\/v2\/posts"}],"about":[{"href":"https:\/\/www.care-platform.eu\/index.php\/wp-json\/wp\/v2\/types\/post"}],"author":[{"embeddable":true,"href":"https:\/\/www.care-platform.eu\/index.php\/wp-json\/wp\/v2\/users\/1"}],"replies":[{"embeddable":true,"href":"https:\/\/www.care-platform.eu\/index.php\/wp-json\/wp\/v2\/comments?post=3668"}],"version-history":[{"count":1,"href":"https:\/\/www.care-platform.eu\/index.php\/wp-json\/wp\/v2\/posts\/3668\/revisions"}],"predecessor-version":[{"id":3669,"href":"https:\/\/www.care-platform.eu\/index.php\/wp-json\/wp\/v2\/posts\/3668\/revisions\/3669"}],"wp:attachment":[{"href":"https:\/\/www.care-platform.eu\/index.php\/wp-json\/wp\/v2\/media?parent=3668"}],"wp:term":[{"taxonomy":"category","embeddable":true,"href":"https:\/\/www.care-platform.eu\/index.php\/wp-json\/wp\/v2\/categories?post=3668"},{"taxonomy":"post_tag","embeddable":true,"href":"https:\/\/www.care-platform.eu\/index.php\/wp-json\/wp\/v2\/tags?post=3668"}],"curies":[{"name":"wp","href":"https:\/\/api.w.org\/{rel}","templated":true}]}}