{"id":3670,"date":"2023-12-29T14:37:27","date_gmt":"2023-12-29T14:37:27","guid":{"rendered":"https:\/\/www.care-platform.eu\/?p=3670"},"modified":"2025-08-02T00:38:38","modified_gmt":"2025-08-02T00:38:38","slug":"3-festiwal-filmowy-poswiecony-osobom-z-niepelnosprawnosciami-na-cyprze","status":"publish","type":"post","link":"https:\/\/www.care-platform.eu\/index.php\/pl\/2023\/12\/29\/3-festiwal-filmowy-poswiecony-osobom-z-niepelnosprawnosciami-na-cyprze\/","title":{"rendered":"3. Festiwal Filmowy po\u015bwi\u0119cony Osobom z Niepe\u0142nosprawno\u015bciami na Cyprze"},"content":{"rendered":"<p>Nasi cypryjscy partnerzy \u2013 Center for Social Innovation (CSI) \u2013 z okazji Mi\u0119dzynarodowego Dnia Os\u00f3b z Niepe\u0142nosprawno\u015bciami zorganizowali w dniach 2\u20133 grudnia 2023 roku w Nikozji wyj\u0105tkowe wydarzenie: \u201e3. Festiwal Filmowy po\u015bwi\u0119cony Niepe\u0142nosprawno\u015bci\u201d. Ta niepowtarzalna inicjatywa, po\u015bwi\u0119cona integracji, dost\u0119pno\u015bci i wsp\u00f3\u0142pracy, na dobre wpisa\u0142a si\u0119 w kalendarz kulturalny Cypru jako coroczne wydarzenie o rosn\u0105cym znaczeniu.<\/p>\n<p>Celem festiwalu jest stworzenie przestrzeni do \u015bwiadomego spotkania spo\u0142ecze\u0144stwa z tematyk\u0105 niepe\u0142nosprawno\u015bci, dost\u0119pno\u015bci, r\u00f3wnych szans, praw cz\u0142owieka oraz r\u00f3\u017cnorodno\u015bci. Wykorzystuj\u0105c si\u0142\u0119 oddzia\u0142ywania sztuki filmowej, organizatorzy pragn\u0105 nie tylko porusza\u0107 widz\u00f3w, ale te\u017c pog\u0142\u0119bia\u0107 ich refleksj\u0119 poprzez towarzysz\u0105ce wydarzeniom pokazy dzia\u0142ania edukacyjne i informacyjne.<\/p>\n<p>Festiwal wykracza poza sam\u0105 projekcj\u0119 film\u00f3w \u2013 w trakcie przerw pomi\u0119dzy seansami uczestnikom rozdawano broszury informacyjne projektu CARE, kt\u00f3re prezentowa\u0142y jego za\u0142o\u017cenia, cele i dzia\u0142ania na rzecz wspierania m\u0142odzie\u017cy z niepe\u0142nosprawno\u015bci\u0105 wzrokow\u0105 (VI). To wa\u017cny krok w kierunku szerzenia \u015bwiadomo\u015bci i promowania w\u0142\u0105czenia spo\u0142ecznego tej grupy m\u0142odych ludzi.<\/p>\n<p>\u201e3. Festiwal Filmowy po\u015bwi\u0119cony Niepe\u0142nosprawno\u015bci\u201d to nie tylko \u015bwi\u0119to sztuki filmowej, ale r\u00f3wnie\u017c manifest wra\u017cliwo\u015bci spo\u0142ecznej i empatii. Pokazuje, jak kino mo\u017ce inspirowa\u0107 do zmiany, porusza\u0107 najwa\u017cniejsze problemy wsp\u00f3\u0142czesno\u015bci i budowa\u0107 spo\u0142ecze\u0144stwo bardziej otwarte i w\u0142\u0105czaj\u0105ce.<\/p>\n<p><img fetchpriority=\"high\" decoding=\"async\" class=\"aligncenter wp-image-3583\" src=\"http:\/\/www.care-platform.eu\/wp-content\/uploads\/2025\/08\/Picture1-300x300.png\" alt=\"\" width=\"520\" height=\"520\" srcset=\"https:\/\/www.care-platform.eu\/wp-content\/uploads\/2025\/08\/Picture1-300x300.png 300w, https:\/\/www.care-platform.eu\/wp-content\/uploads\/2025\/08\/Picture1-150x150.png 150w, https:\/\/www.care-platform.eu\/wp-content\/uploads\/2025\/08\/Picture1.png 457w\" sizes=\"(max-width: 520px) 100vw, 520px\" \/><\/p>\n","protected":false},"excerpt":{"rendered":"<p>Nasi cypryjscy partnerzy \u2013 Center for Social Innovation (CSI) \u2013 z okazji Mi\u0119dzynarodowego Dnia Os\u00f3b z Niepe\u0142nosprawno\u015bciami zorganizowali w dniach 2\u20133 grudnia 2023 roku w Nikozji wyj\u0105tkowe wydarzenie: \u201e3. Festiwal Filmowy po\u015bwi\u0119cony Niepe\u0142nosprawno\u015bci\u201d. Ta niepowtarzalna inicjatywa, po\u015bwi\u0119cona integracji, dost\u0119pno\u015bci i wsp\u00f3\u0142pracy, na dobre wpisa\u0142a si\u0119 w kalendarz kulturalny Cypru jako coroczne wydarzenie o rosn\u0105cym znaczeniu. Celem festiwalu jest stworzenie przestrzeni do \u015bwiadomego spotkania spo\u0142ecze\u0144stwa z tematyk\u0105 niepe\u0142nosprawno\u015bci, dost\u0119pno\u015bci, r\u00f3wnych szans, praw cz\u0142owieka oraz r\u00f3\u017cnorodno\u015bci. Wykorzystuj\u0105c si\u0142\u0119 oddzia\u0142ywania sztuki filmowej, organizatorzy pragn\u0105 nie tylko porusza\u0107 widz\u00f3w, ale te\u017c pog\u0142\u0119bia\u0107 ich refleksj\u0119 poprzez towarzysz\u0105ce wydarzeniom pokazy dzia\u0142ania edukacyjne i informacyjne. Festiwal wykracza poza sam\u0105 projekcj\u0119 film\u00f3w \u2013 w trakcie przerw pomi\u0119dzy seansami uczestnikom rozdawano broszury informacyjne projektu CARE, kt\u00f3re prezentowa\u0142y jego za\u0142o\u017cenia, cele i dzia\u0142ania na rzecz wspierania m\u0142odzie\u017cy z niepe\u0142nosprawno\u015bci\u0105 wzrokow\u0105 (VI). To wa\u017cny krok w kierunku szerzenia \u015bwiadomo\u015bci i promowania w\u0142\u0105czenia spo\u0142ecznego tej grupy m\u0142odych ludzi. \u201e3. Festiwal Filmowy po\u015bwi\u0119cony Niepe\u0142nosprawno\u015bci\u201d to nie tylko \u015bwi\u0119to sztuki filmowej, ale r\u00f3wnie\u017c manifest wra\u017cliwo\u015bci spo\u0142ecznej i empatii. Pokazuje, jak kino mo\u017ce inspirowa\u0107 do zmiany, porusza\u0107 najwa\u017cniejsze problemy wsp\u00f3\u0142czesno\u015bci i budowa\u0107 spo\u0142ecze\u0144stwo bardziej otwarte i w\u0142\u0105czaj\u0105ce.<\/p>\n","protected":false},"author":1,"featured_media":0,"comment_status":"open","ping_status":"open","sticky":false,"template":"","format":"standard","meta":{"_exactmetrics_skip_tracking":false,"_exactmetrics_sitenote_active":false,"_exactmetrics_sitenote_note":"","_exactmetrics_sitenote_category":0,"_monsterinsights_skip_tracking":false,"_monsterinsights_sitenote_active":false,"_monsterinsights_sitenote_note":"","_monsterinsights_sitenote_category":0,"site-sidebar-layout":"default","site-content-layout":"","ast-site-content-layout":"default","site-content-style":"default","site-sidebar-style":"default","ast-global-header-display":"","ast-banner-title-visibility":"","ast-main-header-display":"","ast-hfb-above-header-display":"","ast-hfb-below-header-display":"","ast-hfb-mobile-header-display":"","site-post-title":"","ast-breadcrumbs-content":"","ast-featured-img":"","footer-sml-layout":"","theme-transparent-header-meta":"default","adv-header-id-meta":"","stick-header-meta":"","header-above-stick-meta":"","header-main-stick-meta":"","header-below-stick-meta":"","astra-migrate-meta-layouts":"set","ast-page-background-enabled":"default","ast-page-background-meta":{"desktop":{"background-color":"var(--ast-global-color-4)","background-image":"","background-repeat":"repeat","background-position":"center center","background-size":"auto","background-attachment":"scroll","background-type":"","background-media":"","overlay-type":"","overlay-color":"","overlay-opacity":"","overlay-gradient":""},"tablet":{"background-color":"","background-image":"","background-repeat":"repeat","background-position":"center center","background-size":"auto","background-attachment":"scroll","background-type":"","background-media":"","overlay-type":"","overlay-color":"","overlay-opacity":"","overlay-gradient":""},"mobile":{"background-color":"","background-image":"","background-repeat":"repeat","background-position":"center center","background-size":"auto","background-attachment":"scroll","background-type":"","background-media":"","overlay-type":"","overlay-color":"","overlay-opacity":"","overlay-gradient":""}},"ast-content-background-meta":{"desktop":{"background-color":"var(--ast-global-color-5)","background-image":"","background-repeat":"repeat","background-position":"center center","background-size":"auto","background-attachment":"scroll","background-type":"","background-media":"","overlay-type":"","overlay-color":"","overlay-opacity":"","overlay-gradient":""},"tablet":{"background-color":"var(--ast-global-color-5)","background-image":"","background-repeat":"repeat","background-position":"center center","background-size":"auto","background-attachment":"scroll","background-type":"","background-media":"","overlay-type":"","overlay-color":"","overlay-opacity":"","overlay-gradient":""},"mobile":{"background-color":"var(--ast-global-color-5)","background-image":"","background-repeat":"repeat","background-position":"center center","background-size":"auto","background-attachment":"scroll","background-type":"","background-media":"","overlay-type":"","overlay-color":"","overlay-opacity":"","overlay-gradient":""}},"footnotes":""},"categories":[20],"tags":[],"class_list":["post-3670","post","type-post","status-publish","format-standard","hentry","category-uncategorized-pl"],"yoast_head":"<!-- This site is optimized with the Yoast SEO plugin v25.5 - https:\/\/yoast.com\/wordpress\/plugins\/seo\/ -->\n<title>3. Festiwal Filmowy po\u015bwi\u0119cony Osobom z Niepe\u0142nosprawno\u015bciami na Cyprze - C.A.R.E.<\/title>\n<meta name=\"robots\" content=\"index, follow, max-snippet:-1, max-image-preview:large, max-video-preview:-1\" \/>\n<link rel=\"canonical\" href=\"https:\/\/www.care-platform.eu\/index.php\/pl\/2023\/12\/29\/3-festiwal-filmowy-poswiecony-osobom-z-niepelnosprawnosciami-na-cyprze\/\" \/>\n<meta property=\"og:locale\" content=\"en_US\" \/>\n<meta property=\"og:type\" content=\"article\" \/>\n<meta property=\"og:title\" content=\"3. Festiwal Filmowy po\u015bwi\u0119cony Osobom z Niepe\u0142nosprawno\u015bciami na Cyprze - C.A.R.E.\" \/>\n<meta property=\"og:description\" content=\"Nasi cypryjscy partnerzy \u2013 Center for Social Innovation (CSI) \u2013 z okazji Mi\u0119dzynarodowego Dnia Os\u00f3b z Niepe\u0142nosprawno\u015bciami zorganizowali w dniach 2\u20133 grudnia 2023 roku w Nikozji wyj\u0105tkowe wydarzenie: \u201e3. Festiwal Filmowy po\u015bwi\u0119cony Niepe\u0142nosprawno\u015bci\u201d. Ta niepowtarzalna inicjatywa, po\u015bwi\u0119cona integracji, dost\u0119pno\u015bci i wsp\u00f3\u0142pracy, na dobre wpisa\u0142a si\u0119 w kalendarz kulturalny Cypru jako coroczne wydarzenie o rosn\u0105cym znaczeniu. Celem festiwalu jest stworzenie przestrzeni do \u015bwiadomego spotkania spo\u0142ecze\u0144stwa z tematyk\u0105 niepe\u0142nosprawno\u015bci, dost\u0119pno\u015bci, r\u00f3wnych szans, praw cz\u0142owieka oraz r\u00f3\u017cnorodno\u015bci. Wykorzystuj\u0105c si\u0142\u0119 oddzia\u0142ywania sztuki filmowej, organizatorzy pragn\u0105 nie tylko porusza\u0107 widz\u00f3w, ale te\u017c pog\u0142\u0119bia\u0107 ich refleksj\u0119 poprzez towarzysz\u0105ce wydarzeniom pokazy dzia\u0142ania edukacyjne i informacyjne. Festiwal wykracza poza sam\u0105 projekcj\u0119 film\u00f3w \u2013 w trakcie przerw pomi\u0119dzy seansami uczestnikom rozdawano broszury informacyjne projektu CARE, kt\u00f3re prezentowa\u0142y jego za\u0142o\u017cenia, cele i dzia\u0142ania na rzecz wspierania m\u0142odzie\u017cy z niepe\u0142nosprawno\u015bci\u0105 wzrokow\u0105 (VI). To wa\u017cny krok w kierunku szerzenia \u015bwiadomo\u015bci i promowania w\u0142\u0105czenia spo\u0142ecznego tej grupy m\u0142odych ludzi. \u201e3. Festiwal Filmowy po\u015bwi\u0119cony Niepe\u0142nosprawno\u015bci\u201d to nie tylko \u015bwi\u0119to sztuki filmowej, ale r\u00f3wnie\u017c manifest wra\u017cliwo\u015bci spo\u0142ecznej i empatii. Pokazuje, jak kino mo\u017ce inspirowa\u0107 do zmiany, porusza\u0107 najwa\u017cniejsze problemy wsp\u00f3\u0142czesno\u015bci i budowa\u0107 spo\u0142ecze\u0144stwo bardziej otwarte i w\u0142\u0105czaj\u0105ce.\" \/>\n<meta property=\"og:url\" content=\"https:\/\/www.care-platform.eu\/index.php\/pl\/2023\/12\/29\/3-festiwal-filmowy-poswiecony-osobom-z-niepelnosprawnosciami-na-cyprze\/\" \/>\n<meta property=\"og:site_name\" content=\"C.A.R.E.\" \/>\n<meta property=\"article:published_time\" content=\"2023-12-29T14:37:27+00:00\" \/>\n<meta property=\"article:modified_time\" content=\"2025-08-02T00:38:38+00:00\" \/>\n<meta property=\"og:image\" content=\"https:\/\/www.care-platform.eu\/wp-content\/uploads\/2025\/08\/Picture1.png\" \/>\n\t<meta property=\"og:image:width\" content=\"457\" \/>\n\t<meta property=\"og:image:height\" content=\"457\" \/>\n\t<meta property=\"og:image:type\" content=\"image\/png\" \/>\n<meta name=\"author\" content=\"admin\" \/>\n<meta name=\"twitter:card\" content=\"summary_large_image\" \/>\n<meta name=\"twitter:label1\" content=\"Written by\" \/>\n\t<meta name=\"twitter:data1\" content=\"admin\" \/>\n\t<meta name=\"twitter:label2\" content=\"Est. reading time\" \/>\n\t<meta name=\"twitter:data2\" content=\"1 minute\" \/>\n<script type=\"application\/ld+json\" class=\"yoast-schema-graph\">{\"@context\":\"https:\/\/schema.org\",\"@graph\":[{\"@type\":\"Article\",\"@id\":\"https:\/\/www.care-platform.eu\/index.php\/pl\/2023\/12\/29\/3-festiwal-filmowy-poswiecony-osobom-z-niepelnosprawnosciami-na-cyprze\/#article\",\"isPartOf\":{\"@id\":\"https:\/\/www.care-platform.eu\/index.php\/pl\/2023\/12\/29\/3-festiwal-filmowy-poswiecony-osobom-z-niepelnosprawnosciami-na-cyprze\/\"},\"author\":{\"name\":\"admin\",\"@id\":\"https:\/\/www.care-platform.eu\/#\/schema\/person\/290df17b1298613ab5025d8b3f4de953\"},\"headline\":\"3. Festiwal Filmowy po\u015bwi\u0119cony Osobom z Niepe\u0142nosprawno\u015bciami na Cyprze\",\"datePublished\":\"2023-12-29T14:37:27+00:00\",\"dateModified\":\"2025-08-02T00:38:38+00:00\",\"mainEntityOfPage\":{\"@id\":\"https:\/\/www.care-platform.eu\/index.php\/pl\/2023\/12\/29\/3-festiwal-filmowy-poswiecony-osobom-z-niepelnosprawnosciami-na-cyprze\/\"},\"wordCount\":252,\"commentCount\":0,\"publisher\":{\"@id\":\"https:\/\/www.care-platform.eu\/#organization\"},\"image\":{\"@id\":\"https:\/\/www.care-platform.eu\/index.php\/pl\/2023\/12\/29\/3-festiwal-filmowy-poswiecony-osobom-z-niepelnosprawnosciami-na-cyprze\/#primaryimage\"},\"thumbnailUrl\":\"http:\/\/www.care-platform.eu\/wp-content\/uploads\/2025\/08\/Picture1-300x300.png\",\"inLanguage\":\"en-US\",\"potentialAction\":[{\"@type\":\"CommentAction\",\"name\":\"Comment\",\"target\":[\"https:\/\/www.care-platform.eu\/index.php\/pl\/2023\/12\/29\/3-festiwal-filmowy-poswiecony-osobom-z-niepelnosprawnosciami-na-cyprze\/#respond\"]}]},{\"@type\":\"WebPage\",\"@id\":\"https:\/\/www.care-platform.eu\/index.php\/pl\/2023\/12\/29\/3-festiwal-filmowy-poswiecony-osobom-z-niepelnosprawnosciami-na-cyprze\/\",\"url\":\"https:\/\/www.care-platform.eu\/index.php\/pl\/2023\/12\/29\/3-festiwal-filmowy-poswiecony-osobom-z-niepelnosprawnosciami-na-cyprze\/\",\"name\":\"3. Festiwal Filmowy po\u015bwi\u0119cony Osobom z Niepe\u0142nosprawno\u015bciami na Cyprze - C.A.R.E.\",\"isPartOf\":{\"@id\":\"https:\/\/www.care-platform.eu\/#website\"},\"primaryImageOfPage\":{\"@id\":\"https:\/\/www.care-platform.eu\/index.php\/pl\/2023\/12\/29\/3-festiwal-filmowy-poswiecony-osobom-z-niepelnosprawnosciami-na-cyprze\/#primaryimage\"},\"image\":{\"@id\":\"https:\/\/www.care-platform.eu\/index.php\/pl\/2023\/12\/29\/3-festiwal-filmowy-poswiecony-osobom-z-niepelnosprawnosciami-na-cyprze\/#primaryimage\"},\"thumbnailUrl\":\"http:\/\/www.care-platform.eu\/wp-content\/uploads\/2025\/08\/Picture1-300x300.png\",\"datePublished\":\"2023-12-29T14:37:27+00:00\",\"dateModified\":\"2025-08-02T00:38:38+00:00\",\"breadcrumb\":{\"@id\":\"https:\/\/www.care-platform.eu\/index.php\/pl\/2023\/12\/29\/3-festiwal-filmowy-poswiecony-osobom-z-niepelnosprawnosciami-na-cyprze\/#breadcrumb\"},\"inLanguage\":\"en-US\",\"potentialAction\":[{\"@type\":\"ReadAction\",\"target\":[\"https:\/\/www.care-platform.eu\/index.php\/pl\/2023\/12\/29\/3-festiwal-filmowy-poswiecony-osobom-z-niepelnosprawnosciami-na-cyprze\/\"]}]},{\"@type\":\"ImageObject\",\"inLanguage\":\"en-US\",\"@id\":\"https:\/\/www.care-platform.eu\/index.php\/pl\/2023\/12\/29\/3-festiwal-filmowy-poswiecony-osobom-z-niepelnosprawnosciami-na-cyprze\/#primaryimage\",\"url\":\"https:\/\/www.care-platform.eu\/wp-content\/uploads\/2025\/08\/Picture1.png\",\"contentUrl\":\"https:\/\/www.care-platform.eu\/wp-content\/uploads\/2025\/08\/Picture1.png\",\"width\":457,\"height\":457},{\"@type\":\"BreadcrumbList\",\"@id\":\"https:\/\/www.care-platform.eu\/index.php\/pl\/2023\/12\/29\/3-festiwal-filmowy-poswiecony-osobom-z-niepelnosprawnosciami-na-cyprze\/#breadcrumb\",\"itemListElement\":[{\"@type\":\"ListItem\",\"position\":1,\"name\":\"Home\",\"item\":\"https:\/\/www.care-platform.eu\/\"},{\"@type\":\"ListItem\",\"position\":2,\"name\":\"3. Festiwal Filmowy po\u015bwi\u0119cony Osobom z Niepe\u0142nosprawno\u015bciami na Cyprze\"}]},{\"@type\":\"WebSite\",\"@id\":\"https:\/\/www.care-platform.eu\/#website\",\"url\":\"https:\/\/www.care-platform.eu\/\",\"name\":\"C.A.R.E.\",\"description\":\"\",\"publisher\":{\"@id\":\"https:\/\/www.care-platform.eu\/#organization\"},\"potentialAction\":[{\"@type\":\"SearchAction\",\"target\":{\"@type\":\"EntryPoint\",\"urlTemplate\":\"https:\/\/www.care-platform.eu\/?s={search_term_string}\"},\"query-input\":{\"@type\":\"PropertyValueSpecification\",\"valueRequired\":true,\"valueName\":\"search_term_string\"}}],\"inLanguage\":\"en-US\"},{\"@type\":\"Organization\",\"@id\":\"https:\/\/www.care-platform.eu\/#organization\",\"name\":\"C.A.R.E.\",\"url\":\"https:\/\/www.care-platform.eu\/\",\"logo\":{\"@type\":\"ImageObject\",\"inLanguage\":\"en-US\",\"@id\":\"https:\/\/www.care-platform.eu\/#\/schema\/logo\/image\/\",\"url\":\"https:\/\/www.care-platform.eu\/wp-content\/uploads\/2023\/04\/cropped-cropped-logo-1-1.png\",\"contentUrl\":\"https:\/\/www.care-platform.eu\/wp-content\/uploads\/2023\/04\/cropped-cropped-logo-1-1.png\",\"width\":127,\"height\":153,\"caption\":\"C.A.R.E.\"},\"image\":{\"@id\":\"https:\/\/www.care-platform.eu\/#\/schema\/logo\/image\/\"}},{\"@type\":\"Person\",\"@id\":\"https:\/\/www.care-platform.eu\/#\/schema\/person\/290df17b1298613ab5025d8b3f4de953\",\"name\":\"admin\",\"image\":{\"@type\":\"ImageObject\",\"inLanguage\":\"en-US\",\"@id\":\"https:\/\/www.care-platform.eu\/#\/schema\/person\/image\/\",\"url\":\"https:\/\/secure.gravatar.com\/avatar\/6a10196b803b7bcbcadb30b586c5b2a3841013d254b8676359791fac2b00b403?s=96&d=mm&r=g\",\"contentUrl\":\"https:\/\/secure.gravatar.com\/avatar\/6a10196b803b7bcbcadb30b586c5b2a3841013d254b8676359791fac2b00b403?s=96&d=mm&r=g\",\"caption\":\"admin\"},\"sameAs\":[\"http:\/\/32903897134170577.blog.com.gr\"],\"url\":\"https:\/\/www.care-platform.eu\/index.php\/author\/tourniss_sq4t7cxk\/\"}]}<\/script>\n<!-- \/ Yoast SEO plugin. -->","yoast_head_json":{"title":"3. Festiwal Filmowy po\u015bwi\u0119cony Osobom z Niepe\u0142nosprawno\u015bciami na Cyprze - C.A.R.E.","robots":{"index":"index","follow":"follow","max-snippet":"max-snippet:-1","max-image-preview":"max-image-preview:large","max-video-preview":"max-video-preview:-1"},"canonical":"https:\/\/www.care-platform.eu\/index.php\/pl\/2023\/12\/29\/3-festiwal-filmowy-poswiecony-osobom-z-niepelnosprawnosciami-na-cyprze\/","og_locale":"en_US","og_type":"article","og_title":"3. Festiwal Filmowy po\u015bwi\u0119cony Osobom z Niepe\u0142nosprawno\u015bciami na Cyprze - C.A.R.E.","og_description":"Nasi cypryjscy partnerzy \u2013 Center for Social Innovation (CSI) \u2013 z okazji Mi\u0119dzynarodowego Dnia Os\u00f3b z Niepe\u0142nosprawno\u015bciami zorganizowali w dniach 2\u20133 grudnia 2023 roku w Nikozji wyj\u0105tkowe wydarzenie: \u201e3. Festiwal Filmowy po\u015bwi\u0119cony Niepe\u0142nosprawno\u015bci\u201d. Ta niepowtarzalna inicjatywa, po\u015bwi\u0119cona integracji, dost\u0119pno\u015bci i wsp\u00f3\u0142pracy, na dobre wpisa\u0142a si\u0119 w kalendarz kulturalny Cypru jako coroczne wydarzenie o rosn\u0105cym znaczeniu. Celem festiwalu jest stworzenie przestrzeni do \u015bwiadomego spotkania spo\u0142ecze\u0144stwa z tematyk\u0105 niepe\u0142nosprawno\u015bci, dost\u0119pno\u015bci, r\u00f3wnych szans, praw cz\u0142owieka oraz r\u00f3\u017cnorodno\u015bci. Wykorzystuj\u0105c si\u0142\u0119 oddzia\u0142ywania sztuki filmowej, organizatorzy pragn\u0105 nie tylko porusza\u0107 widz\u00f3w, ale te\u017c pog\u0142\u0119bia\u0107 ich refleksj\u0119 poprzez towarzysz\u0105ce wydarzeniom pokazy dzia\u0142ania edukacyjne i informacyjne. Festiwal wykracza poza sam\u0105 projekcj\u0119 film\u00f3w \u2013 w trakcie przerw pomi\u0119dzy seansami uczestnikom rozdawano broszury informacyjne projektu CARE, kt\u00f3re prezentowa\u0142y jego za\u0142o\u017cenia, cele i dzia\u0142ania na rzecz wspierania m\u0142odzie\u017cy z niepe\u0142nosprawno\u015bci\u0105 wzrokow\u0105 (VI). To wa\u017cny krok w kierunku szerzenia \u015bwiadomo\u015bci i promowania w\u0142\u0105czenia spo\u0142ecznego tej grupy m\u0142odych ludzi. \u201e3. Festiwal Filmowy po\u015bwi\u0119cony Niepe\u0142nosprawno\u015bci\u201d to nie tylko \u015bwi\u0119to sztuki filmowej, ale r\u00f3wnie\u017c manifest wra\u017cliwo\u015bci spo\u0142ecznej i empatii. Pokazuje, jak kino mo\u017ce inspirowa\u0107 do zmiany, porusza\u0107 najwa\u017cniejsze problemy wsp\u00f3\u0142czesno\u015bci i budowa\u0107 spo\u0142ecze\u0144stwo bardziej otwarte i w\u0142\u0105czaj\u0105ce.","og_url":"https:\/\/www.care-platform.eu\/index.php\/pl\/2023\/12\/29\/3-festiwal-filmowy-poswiecony-osobom-z-niepelnosprawnosciami-na-cyprze\/","og_site_name":"C.A.R.E.","article_published_time":"2023-12-29T14:37:27+00:00","article_modified_time":"2025-08-02T00:38:38+00:00","og_image":[{"width":457,"height":457,"url":"https:\/\/www.care-platform.eu\/wp-content\/uploads\/2025\/08\/Picture1.png","type":"image\/png"}],"author":"admin","twitter_card":"summary_large_image","twitter_misc":{"Written by":"admin","Est. reading time":"1 minute"},"schema":{"@context":"https:\/\/schema.org","@graph":[{"@type":"Article","@id":"https:\/\/www.care-platform.eu\/index.php\/pl\/2023\/12\/29\/3-festiwal-filmowy-poswiecony-osobom-z-niepelnosprawnosciami-na-cyprze\/#article","isPartOf":{"@id":"https:\/\/www.care-platform.eu\/index.php\/pl\/2023\/12\/29\/3-festiwal-filmowy-poswiecony-osobom-z-niepelnosprawnosciami-na-cyprze\/"},"author":{"name":"admin","@id":"https:\/\/www.care-platform.eu\/#\/schema\/person\/290df17b1298613ab5025d8b3f4de953"},"headline":"3. Festiwal Filmowy po\u015bwi\u0119cony Osobom z Niepe\u0142nosprawno\u015bciami na Cyprze","datePublished":"2023-12-29T14:37:27+00:00","dateModified":"2025-08-02T00:38:38+00:00","mainEntityOfPage":{"@id":"https:\/\/www.care-platform.eu\/index.php\/pl\/2023\/12\/29\/3-festiwal-filmowy-poswiecony-osobom-z-niepelnosprawnosciami-na-cyprze\/"},"wordCount":252,"commentCount":0,"publisher":{"@id":"https:\/\/www.care-platform.eu\/#organization"},"image":{"@id":"https:\/\/www.care-platform.eu\/index.php\/pl\/2023\/12\/29\/3-festiwal-filmowy-poswiecony-osobom-z-niepelnosprawnosciami-na-cyprze\/#primaryimage"},"thumbnailUrl":"http:\/\/www.care-platform.eu\/wp-content\/uploads\/2025\/08\/Picture1-300x300.png","inLanguage":"en-US","potentialAction":[{"@type":"CommentAction","name":"Comment","target":["https:\/\/www.care-platform.eu\/index.php\/pl\/2023\/12\/29\/3-festiwal-filmowy-poswiecony-osobom-z-niepelnosprawnosciami-na-cyprze\/#respond"]}]},{"@type":"WebPage","@id":"https:\/\/www.care-platform.eu\/index.php\/pl\/2023\/12\/29\/3-festiwal-filmowy-poswiecony-osobom-z-niepelnosprawnosciami-na-cyprze\/","url":"https:\/\/www.care-platform.eu\/index.php\/pl\/2023\/12\/29\/3-festiwal-filmowy-poswiecony-osobom-z-niepelnosprawnosciami-na-cyprze\/","name":"3. Festiwal Filmowy po\u015bwi\u0119cony Osobom z Niepe\u0142nosprawno\u015bciami na Cyprze - C.A.R.E.","isPartOf":{"@id":"https:\/\/www.care-platform.eu\/#website"},"primaryImageOfPage":{"@id":"https:\/\/www.care-platform.eu\/index.php\/pl\/2023\/12\/29\/3-festiwal-filmowy-poswiecony-osobom-z-niepelnosprawnosciami-na-cyprze\/#primaryimage"},"image":{"@id":"https:\/\/www.care-platform.eu\/index.php\/pl\/2023\/12\/29\/3-festiwal-filmowy-poswiecony-osobom-z-niepelnosprawnosciami-na-cyprze\/#primaryimage"},"thumbnailUrl":"http:\/\/www.care-platform.eu\/wp-content\/uploads\/2025\/08\/Picture1-300x300.png","datePublished":"2023-12-29T14:37:27+00:00","dateModified":"2025-08-02T00:38:38+00:00","breadcrumb":{"@id":"https:\/\/www.care-platform.eu\/index.php\/pl\/2023\/12\/29\/3-festiwal-filmowy-poswiecony-osobom-z-niepelnosprawnosciami-na-cyprze\/#breadcrumb"},"inLanguage":"en-US","potentialAction":[{"@type":"ReadAction","target":["https:\/\/www.care-platform.eu\/index.php\/pl\/2023\/12\/29\/3-festiwal-filmowy-poswiecony-osobom-z-niepelnosprawnosciami-na-cyprze\/"]}]},{"@type":"ImageObject","inLanguage":"en-US","@id":"https:\/\/www.care-platform.eu\/index.php\/pl\/2023\/12\/29\/3-festiwal-filmowy-poswiecony-osobom-z-niepelnosprawnosciami-na-cyprze\/#primaryimage","url":"https:\/\/www.care-platform.eu\/wp-content\/uploads\/2025\/08\/Picture1.png","contentUrl":"https:\/\/www.care-platform.eu\/wp-content\/uploads\/2025\/08\/Picture1.png","width":457,"height":457},{"@type":"BreadcrumbList","@id":"https:\/\/www.care-platform.eu\/index.php\/pl\/2023\/12\/29\/3-festiwal-filmowy-poswiecony-osobom-z-niepelnosprawnosciami-na-cyprze\/#breadcrumb","itemListElement":[{"@type":"ListItem","position":1,"name":"Home","item":"https:\/\/www.care-platform.eu\/"},{"@type":"ListItem","position":2,"name":"3. Festiwal Filmowy po\u015bwi\u0119cony Osobom z Niepe\u0142nosprawno\u015bciami na Cyprze"}]},{"@type":"WebSite","@id":"https:\/\/www.care-platform.eu\/#website","url":"https:\/\/www.care-platform.eu\/","name":"C.A.R.E.","description":"","publisher":{"@id":"https:\/\/www.care-platform.eu\/#organization"},"potentialAction":[{"@type":"SearchAction","target":{"@type":"EntryPoint","urlTemplate":"https:\/\/www.care-platform.eu\/?s={search_term_string}"},"query-input":{"@type":"PropertyValueSpecification","valueRequired":true,"valueName":"search_term_string"}}],"inLanguage":"en-US"},{"@type":"Organization","@id":"https:\/\/www.care-platform.eu\/#organization","name":"C.A.R.E.","url":"https:\/\/www.care-platform.eu\/","logo":{"@type":"ImageObject","inLanguage":"en-US","@id":"https:\/\/www.care-platform.eu\/#\/schema\/logo\/image\/","url":"https:\/\/www.care-platform.eu\/wp-content\/uploads\/2023\/04\/cropped-cropped-logo-1-1.png","contentUrl":"https:\/\/www.care-platform.eu\/wp-content\/uploads\/2023\/04\/cropped-cropped-logo-1-1.png","width":127,"height":153,"caption":"C.A.R.E."},"image":{"@id":"https:\/\/www.care-platform.eu\/#\/schema\/logo\/image\/"}},{"@type":"Person","@id":"https:\/\/www.care-platform.eu\/#\/schema\/person\/290df17b1298613ab5025d8b3f4de953","name":"admin","image":{"@type":"ImageObject","inLanguage":"en-US","@id":"https:\/\/www.care-platform.eu\/#\/schema\/person\/image\/","url":"https:\/\/secure.gravatar.com\/avatar\/6a10196b803b7bcbcadb30b586c5b2a3841013d254b8676359791fac2b00b403?s=96&d=mm&r=g","contentUrl":"https:\/\/secure.gravatar.com\/avatar\/6a10196b803b7bcbcadb30b586c5b2a3841013d254b8676359791fac2b00b403?s=96&d=mm&r=g","caption":"admin"},"sameAs":["http:\/\/32903897134170577.blog.com.gr"],"url":"https:\/\/www.care-platform.eu\/index.php\/author\/tourniss_sq4t7cxk\/"}]}},"_links":{"self":[{"href":"https:\/\/www.care-platform.eu\/index.php\/wp-json\/wp\/v2\/posts\/3670","targetHints":{"allow":["GET"]}}],"collection":[{"href":"https:\/\/www.care-platform.eu\/index.php\/wp-json\/wp\/v2\/posts"}],"about":[{"href":"https:\/\/www.care-platform.eu\/index.php\/wp-json\/wp\/v2\/types\/post"}],"author":[{"embeddable":true,"href":"https:\/\/www.care-platform.eu\/index.php\/wp-json\/wp\/v2\/users\/1"}],"replies":[{"embeddable":true,"href":"https:\/\/www.care-platform.eu\/index.php\/wp-json\/wp\/v2\/comments?post=3670"}],"version-history":[{"count":1,"href":"https:\/\/www.care-platform.eu\/index.php\/wp-json\/wp\/v2\/posts\/3670\/revisions"}],"predecessor-version":[{"id":3671,"href":"https:\/\/www.care-platform.eu\/index.php\/wp-json\/wp\/v2\/posts\/3670\/revisions\/3671"}],"wp:attachment":[{"href":"https:\/\/www.care-platform.eu\/index.php\/wp-json\/wp\/v2\/media?parent=3670"}],"wp:term":[{"taxonomy":"category","embeddable":true,"href":"https:\/\/www.care-platform.eu\/index.php\/wp-json\/wp\/v2\/categories?post=3670"},{"taxonomy":"post_tag","embeddable":true,"href":"https:\/\/www.care-platform.eu\/index.php\/wp-json\/wp\/v2\/tags?post=3670"}],"curies":[{"name":"wp","href":"https:\/\/api.w.org\/{rel}","templated":true}]}}