{"id":3672,"date":"2023-12-04T22:40:12","date_gmt":"2023-12-04T22:40:12","guid":{"rendered":"https:\/\/www.care-platform.eu\/?p=3672"},"modified":"2025-08-02T00:42:03","modified_gmt":"2025-08-02T00:42:03","slug":"projekt-care-na-5-miedzynarodowej-konferencji-alfabetyzm-a-wspolczesne-spoleczenstwo-kreatywnosc-rownosc-dzialania-spoleczne-na-cyprze","status":"publish","type":"post","link":"https:\/\/www.care-platform.eu\/index.php\/pl\/2023\/12\/04\/projekt-care-na-5-miedzynarodowej-konferencji-alfabetyzm-a-wspolczesne-spoleczenstwo-kreatywnosc-rownosc-dzialania-spoleczne-na-cyprze\/","title":{"rendered":"Projekt CARE na 5. Mi\u0119dzynarodowej Konferencji: \u201eAlfabetyzm a wsp\u00f3\u0142czesne spo\u0142ecze\u0144stwo: kreatywno\u015b\u0107, r\u00f3wno\u015b\u0107, dzia\u0142ania spo\u0142eczne\u201d na Cyprze"},"content":{"rendered":"<p>Dnia 4 grudnia 2023 roku, podczas 5. Mi\u0119dzynarodowej Konferencji \u201eAlfabetyzm a wsp\u00f3\u0142czesne spo\u0142ecze\u0144stwo: kreatywno\u015b\u0107, r\u00f3wno\u015b\u0107, dzia\u0142ania spo\u0142eczne\u201d, zorganizowanej przez Cypryjskie Instytuty Pedagogiczne przy wsparciu Ministerstwa Edukacji, Sportu i M\u0142odzie\u017cy Cypru oraz we wsp\u00f3\u0142pracy z Uniwersytetem Cypryjskim, nasi partnerzy z Center for Social Innovation (CSI) zaprezentowali jedn\u0105 z aktywno\u015bci opartych na podr\u0119czniku CARE dotycz\u0105cym prowadzenia warsztat\u00f3w ceramicznych rozwijaj\u0105cych umiej\u0119tno\u015bci psychomotoryczne. Dzia\u0142anie to zosta\u0142o przedstawione jako narz\u0119dzie wspieraj\u0105ce komunikacj\u0119 w\u0142\u0105czaj\u0105c\u0105, zar\u00f3wno w edukacji formalnej, jak i pozaformalnej. W spotkaniu uczestniczyli nauczyciele oraz studenci uczelni wy\u017cszych, kt\u00f3rzy z du\u017cym zainteresowaniem przyj\u0119li propozycj\u0119 w\u0142\u0105czenia dzia\u0142a\u0144 CARE do w\u0142asnych metod dydaktycznych.<\/p>\n<p>Prezentowana aktywno\u015b\u0107 podkre\u015bli\u0142a znaczenie wzmacniania uczni\u00f3w i uczestnik\u00f3w zaj\u0119\u0107 w zakresie prezentowania procesu tw\u00f3rczego oraz znaczenia ich dzie\u0142 artystycznych. Tego typu podej\u015bcie nie tylko rozwija kreatywno\u015b\u0107, ale r\u00f3wnie\u017c doskonali umiej\u0119tno\u015bci autoprezentacji i zwi\u0119ksza pewno\u015b\u0107 siebie.<\/p>\n<p>Obecno\u015b\u0107 projektu CARE na konferencji stanowi wyraz zaanga\u017cowania w promowanie alfabetyzacji, kreatywno\u015bci, r\u00f3wno\u015bci i dzia\u0142a\u0144 spo\u0142ecznych w nowoczesnym systemie edukacji. Wspieraj\u0105c innowacyjne podej\u015bcia do uczenia si\u0119, takie inicjatywy jak CARE przyczyniaj\u0105 si\u0119 do tworzenia bardziej w\u0142\u0105czaj\u0105cego i anga\u017cuj\u0105cego \u015brodowiska edukacyjnego.<\/p>\n<p><img fetchpriority=\"high\" decoding=\"async\" class=\"aligncenter wp-image-3586\" src=\"http:\/\/www.care-platform.eu\/wp-content\/uploads\/2023\/12\/Picture1-300x300.png\" alt=\"\" width=\"520\" height=\"520\" srcset=\"https:\/\/www.care-platform.eu\/wp-content\/uploads\/2023\/12\/Picture1-300x300.png 300w, https:\/\/www.care-platform.eu\/wp-content\/uploads\/2023\/12\/Picture1-150x150.png 150w, https:\/\/www.care-platform.eu\/wp-content\/uploads\/2023\/12\/Picture1.png 579w\" sizes=\"(max-width: 520px) 100vw, 520px\" \/><\/p>\n<p><img decoding=\"async\" class=\"aligncenter wp-image-3585\" src=\"http:\/\/www.care-platform.eu\/wp-content\/uploads\/2023\/12\/Picture2-300x300.png\" alt=\"\" width=\"520\" height=\"520\" srcset=\"https:\/\/www.care-platform.eu\/wp-content\/uploads\/2023\/12\/Picture2-300x300.png 300w, https:\/\/www.care-platform.eu\/wp-content\/uploads\/2023\/12\/Picture2-150x150.png 150w, https:\/\/www.care-platform.eu\/wp-content\/uploads\/2023\/12\/Picture2.png 579w\" sizes=\"(max-width: 520px) 100vw, 520px\" \/><\/p>\n","protected":false},"excerpt":{"rendered":"<p>Dnia 4 grudnia 2023 roku, podczas 5. Mi\u0119dzynarodowej Konferencji \u201eAlfabetyzm a wsp\u00f3\u0142czesne spo\u0142ecze\u0144stwo: kreatywno\u015b\u0107, r\u00f3wno\u015b\u0107, dzia\u0142ania spo\u0142eczne\u201d, zorganizowanej przez Cypryjskie Instytuty Pedagogiczne przy wsparciu Ministerstwa Edukacji, Sportu i M\u0142odzie\u017cy Cypru oraz we wsp\u00f3\u0142pracy z Uniwersytetem Cypryjskim, nasi partnerzy z Center for Social Innovation (CSI) zaprezentowali jedn\u0105 z aktywno\u015bci opartych na podr\u0119czniku CARE dotycz\u0105cym prowadzenia warsztat\u00f3w ceramicznych rozwijaj\u0105cych umiej\u0119tno\u015bci psychomotoryczne. Dzia\u0142anie to zosta\u0142o przedstawione jako narz\u0119dzie wspieraj\u0105ce komunikacj\u0119 w\u0142\u0105czaj\u0105c\u0105, zar\u00f3wno w edukacji formalnej, jak i pozaformalnej. W spotkaniu uczestniczyli nauczyciele oraz studenci uczelni wy\u017cszych, kt\u00f3rzy z du\u017cym zainteresowaniem przyj\u0119li propozycj\u0119 w\u0142\u0105czenia dzia\u0142a\u0144 CARE do w\u0142asnych metod dydaktycznych. Prezentowana aktywno\u015b\u0107 podkre\u015bli\u0142a znaczenie wzmacniania uczni\u00f3w i uczestnik\u00f3w zaj\u0119\u0107 w zakresie prezentowania procesu tw\u00f3rczego oraz znaczenia ich dzie\u0142 artystycznych. Tego typu podej\u015bcie nie tylko rozwija kreatywno\u015b\u0107, ale r\u00f3wnie\u017c doskonali umiej\u0119tno\u015bci autoprezentacji i zwi\u0119ksza pewno\u015b\u0107 siebie. Obecno\u015b\u0107 projektu CARE na konferencji stanowi wyraz zaanga\u017cowania w promowanie alfabetyzacji, kreatywno\u015bci, r\u00f3wno\u015bci i dzia\u0142a\u0144 spo\u0142ecznych w nowoczesnym systemie edukacji. Wspieraj\u0105c innowacyjne podej\u015bcia do uczenia si\u0119, takie inicjatywy jak CARE przyczyniaj\u0105 si\u0119 do tworzenia bardziej w\u0142\u0105czaj\u0105cego i anga\u017cuj\u0105cego \u015brodowiska edukacyjnego.<\/p>\n","protected":false},"author":1,"featured_media":0,"comment_status":"open","ping_status":"open","sticky":false,"template":"","format":"standard","meta":{"_exactmetrics_skip_tracking":false,"_exactmetrics_sitenote_active":false,"_exactmetrics_sitenote_note":"","_exactmetrics_sitenote_category":0,"_monsterinsights_skip_tracking":false,"_monsterinsights_sitenote_active":false,"_monsterinsights_sitenote_note":"","_monsterinsights_sitenote_category":0,"site-sidebar-layout":"default","site-content-layout":"","ast-site-content-layout":"default","site-content-style":"default","site-sidebar-style":"default","ast-global-header-display":"","ast-banner-title-visibility":"","ast-main-header-display":"","ast-hfb-above-header-display":"","ast-hfb-below-header-display":"","ast-hfb-mobile-header-display":"","site-post-title":"","ast-breadcrumbs-content":"","ast-featured-img":"","footer-sml-layout":"","theme-transparent-header-meta":"default","adv-header-id-meta":"","stick-header-meta":"","header-above-stick-meta":"","header-main-stick-meta":"","header-below-stick-meta":"","astra-migrate-meta-layouts":"set","ast-page-background-enabled":"default","ast-page-background-meta":{"desktop":{"background-color":"var(--ast-global-color-4)","background-image":"","background-repeat":"repeat","background-position":"center center","background-size":"auto","background-attachment":"scroll","background-type":"","background-media":"","overlay-type":"","overlay-color":"","overlay-opacity":"","overlay-gradient":""},"tablet":{"background-color":"","background-image":"","background-repeat":"repeat","background-position":"center center","background-size":"auto","background-attachment":"scroll","background-type":"","background-media":"","overlay-type":"","overlay-color":"","overlay-opacity":"","overlay-gradient":""},"mobile":{"background-color":"","background-image":"","background-repeat":"repeat","background-position":"center center","background-size":"auto","background-attachment":"scroll","background-type":"","background-media":"","overlay-type":"","overlay-color":"","overlay-opacity":"","overlay-gradient":""}},"ast-content-background-meta":{"desktop":{"background-color":"var(--ast-global-color-5)","background-image":"","background-repeat":"repeat","background-position":"center center","background-size":"auto","background-attachment":"scroll","background-type":"","background-media":"","overlay-type":"","overlay-color":"","overlay-opacity":"","overlay-gradient":""},"tablet":{"background-color":"var(--ast-global-color-5)","background-image":"","background-repeat":"repeat","background-position":"center center","background-size":"auto","background-attachment":"scroll","background-type":"","background-media":"","overlay-type":"","overlay-color":"","overlay-opacity":"","overlay-gradient":""},"mobile":{"background-color":"var(--ast-global-color-5)","background-image":"","background-repeat":"repeat","background-position":"center center","background-size":"auto","background-attachment":"scroll","background-type":"","background-media":"","overlay-type":"","overlay-color":"","overlay-opacity":"","overlay-gradient":""}},"footnotes":""},"categories":[20],"tags":[],"class_list":["post-3672","post","type-post","status-publish","format-standard","hentry","category-uncategorized-pl"],"yoast_head":"<!-- This site is optimized with the Yoast SEO plugin v25.5 - https:\/\/yoast.com\/wordpress\/plugins\/seo\/ -->\n<title>Projekt CARE na 5. Mi\u0119dzynarodowej Konferencji: \u201eAlfabetyzm a wsp\u00f3\u0142czesne spo\u0142ecze\u0144stwo: kreatywno\u015b\u0107, r\u00f3wno\u015b\u0107, dzia\u0142ania spo\u0142eczne\u201d na Cyprze - C.A.R.E.<\/title>\n<meta name=\"robots\" content=\"index, follow, max-snippet:-1, max-image-preview:large, max-video-preview:-1\" \/>\n<link rel=\"canonical\" href=\"https:\/\/www.care-platform.eu\/index.php\/pl\/2023\/12\/04\/projekt-care-na-5-miedzynarodowej-konferencji-alfabetyzm-a-wspolczesne-spoleczenstwo-kreatywnosc-rownosc-dzialania-spoleczne-na-cyprze\/\" \/>\n<meta property=\"og:locale\" content=\"en_US\" \/>\n<meta property=\"og:type\" content=\"article\" \/>\n<meta property=\"og:title\" content=\"Projekt CARE na 5. Mi\u0119dzynarodowej Konferencji: \u201eAlfabetyzm a wsp\u00f3\u0142czesne spo\u0142ecze\u0144stwo: kreatywno\u015b\u0107, r\u00f3wno\u015b\u0107, dzia\u0142ania spo\u0142eczne\u201d na Cyprze - C.A.R.E.\" \/>\n<meta property=\"og:description\" content=\"Dnia 4 grudnia 2023 roku, podczas 5. Mi\u0119dzynarodowej Konferencji \u201eAlfabetyzm a wsp\u00f3\u0142czesne spo\u0142ecze\u0144stwo: kreatywno\u015b\u0107, r\u00f3wno\u015b\u0107, dzia\u0142ania spo\u0142eczne\u201d, zorganizowanej przez Cypryjskie Instytuty Pedagogiczne przy wsparciu Ministerstwa Edukacji, Sportu i M\u0142odzie\u017cy Cypru oraz we wsp\u00f3\u0142pracy z Uniwersytetem Cypryjskim, nasi partnerzy z Center for Social Innovation (CSI) zaprezentowali jedn\u0105 z aktywno\u015bci opartych na podr\u0119czniku CARE dotycz\u0105cym prowadzenia warsztat\u00f3w ceramicznych rozwijaj\u0105cych umiej\u0119tno\u015bci psychomotoryczne. Dzia\u0142anie to zosta\u0142o przedstawione jako narz\u0119dzie wspieraj\u0105ce komunikacj\u0119 w\u0142\u0105czaj\u0105c\u0105, zar\u00f3wno w edukacji formalnej, jak i pozaformalnej. W spotkaniu uczestniczyli nauczyciele oraz studenci uczelni wy\u017cszych, kt\u00f3rzy z du\u017cym zainteresowaniem przyj\u0119li propozycj\u0119 w\u0142\u0105czenia dzia\u0142a\u0144 CARE do w\u0142asnych metod dydaktycznych. Prezentowana aktywno\u015b\u0107 podkre\u015bli\u0142a znaczenie wzmacniania uczni\u00f3w i uczestnik\u00f3w zaj\u0119\u0107 w zakresie prezentowania procesu tw\u00f3rczego oraz znaczenia ich dzie\u0142 artystycznych. Tego typu podej\u015bcie nie tylko rozwija kreatywno\u015b\u0107, ale r\u00f3wnie\u017c doskonali umiej\u0119tno\u015bci autoprezentacji i zwi\u0119ksza pewno\u015b\u0107 siebie. Obecno\u015b\u0107 projektu CARE na konferencji stanowi wyraz zaanga\u017cowania w promowanie alfabetyzacji, kreatywno\u015bci, r\u00f3wno\u015bci i dzia\u0142a\u0144 spo\u0142ecznych w nowoczesnym systemie edukacji. Wspieraj\u0105c innowacyjne podej\u015bcia do uczenia si\u0119, takie inicjatywy jak CARE przyczyniaj\u0105 si\u0119 do tworzenia bardziej w\u0142\u0105czaj\u0105cego i anga\u017cuj\u0105cego \u015brodowiska edukacyjnego.\" \/>\n<meta property=\"og:url\" content=\"https:\/\/www.care-platform.eu\/index.php\/pl\/2023\/12\/04\/projekt-care-na-5-miedzynarodowej-konferencji-alfabetyzm-a-wspolczesne-spoleczenstwo-kreatywnosc-rownosc-dzialania-spoleczne-na-cyprze\/\" \/>\n<meta property=\"og:site_name\" content=\"C.A.R.E.\" \/>\n<meta property=\"article:published_time\" content=\"2023-12-04T22:40:12+00:00\" \/>\n<meta property=\"article:modified_time\" content=\"2025-08-02T00:42:03+00:00\" \/>\n<meta property=\"og:image\" content=\"https:\/\/www.care-platform.eu\/wp-content\/uploads\/2023\/12\/Picture1.png\" \/>\n\t<meta property=\"og:image:width\" content=\"579\" \/>\n\t<meta property=\"og:image:height\" content=\"579\" \/>\n\t<meta property=\"og:image:type\" content=\"image\/png\" \/>\n<meta name=\"author\" content=\"admin\" \/>\n<meta name=\"twitter:card\" content=\"summary_large_image\" \/>\n<meta name=\"twitter:label1\" content=\"Written by\" \/>\n\t<meta name=\"twitter:data1\" content=\"admin\" \/>\n\t<meta name=\"twitter:label2\" content=\"Est. reading time\" \/>\n\t<meta name=\"twitter:data2\" content=\"2 minutes\" \/>\n<script type=\"application\/ld+json\" class=\"yoast-schema-graph\">{\"@context\":\"https:\/\/schema.org\",\"@graph\":[{\"@type\":\"Article\",\"@id\":\"https:\/\/www.care-platform.eu\/index.php\/pl\/2023\/12\/04\/projekt-care-na-5-miedzynarodowej-konferencji-alfabetyzm-a-wspolczesne-spoleczenstwo-kreatywnosc-rownosc-dzialania-spoleczne-na-cyprze\/#article\",\"isPartOf\":{\"@id\":\"https:\/\/www.care-platform.eu\/index.php\/pl\/2023\/12\/04\/projekt-care-na-5-miedzynarodowej-konferencji-alfabetyzm-a-wspolczesne-spoleczenstwo-kreatywnosc-rownosc-dzialania-spoleczne-na-cyprze\/\"},\"author\":{\"name\":\"admin\",\"@id\":\"https:\/\/www.care-platform.eu\/#\/schema\/person\/290df17b1298613ab5025d8b3f4de953\"},\"headline\":\"Projekt CARE na 5. Mi\u0119dzynarodowej Konferencji: \u201eAlfabetyzm a wsp\u00f3\u0142czesne spo\u0142ecze\u0144stwo: kreatywno\u015b\u0107, r\u00f3wno\u015b\u0107, dzia\u0142ania spo\u0142eczne\u201d na Cyprze\",\"datePublished\":\"2023-12-04T22:40:12+00:00\",\"dateModified\":\"2025-08-02T00:42:03+00:00\",\"mainEntityOfPage\":{\"@id\":\"https:\/\/www.care-platform.eu\/index.php\/pl\/2023\/12\/04\/projekt-care-na-5-miedzynarodowej-konferencji-alfabetyzm-a-wspolczesne-spoleczenstwo-kreatywnosc-rownosc-dzialania-spoleczne-na-cyprze\/\"},\"wordCount\":243,\"commentCount\":0,\"publisher\":{\"@id\":\"https:\/\/www.care-platform.eu\/#organization\"},\"image\":{\"@id\":\"https:\/\/www.care-platform.eu\/index.php\/pl\/2023\/12\/04\/projekt-care-na-5-miedzynarodowej-konferencji-alfabetyzm-a-wspolczesne-spoleczenstwo-kreatywnosc-rownosc-dzialania-spoleczne-na-cyprze\/#primaryimage\"},\"thumbnailUrl\":\"http:\/\/www.care-platform.eu\/wp-content\/uploads\/2023\/12\/Picture1-300x300.png\",\"inLanguage\":\"en-US\",\"potentialAction\":[{\"@type\":\"CommentAction\",\"name\":\"Comment\",\"target\":[\"https:\/\/www.care-platform.eu\/index.php\/pl\/2023\/12\/04\/projekt-care-na-5-miedzynarodowej-konferencji-alfabetyzm-a-wspolczesne-spoleczenstwo-kreatywnosc-rownosc-dzialania-spoleczne-na-cyprze\/#respond\"]}]},{\"@type\":\"WebPage\",\"@id\":\"https:\/\/www.care-platform.eu\/index.php\/pl\/2023\/12\/04\/projekt-care-na-5-miedzynarodowej-konferencji-alfabetyzm-a-wspolczesne-spoleczenstwo-kreatywnosc-rownosc-dzialania-spoleczne-na-cyprze\/\",\"url\":\"https:\/\/www.care-platform.eu\/index.php\/pl\/2023\/12\/04\/projekt-care-na-5-miedzynarodowej-konferencji-alfabetyzm-a-wspolczesne-spoleczenstwo-kreatywnosc-rownosc-dzialania-spoleczne-na-cyprze\/\",\"name\":\"Projekt CARE na 5. Mi\u0119dzynarodowej Konferencji: \u201eAlfabetyzm a wsp\u00f3\u0142czesne spo\u0142ecze\u0144stwo: kreatywno\u015b\u0107, r\u00f3wno\u015b\u0107, dzia\u0142ania spo\u0142eczne\u201d na Cyprze - C.A.R.E.\",\"isPartOf\":{\"@id\":\"https:\/\/www.care-platform.eu\/#website\"},\"primaryImageOfPage\":{\"@id\":\"https:\/\/www.care-platform.eu\/index.php\/pl\/2023\/12\/04\/projekt-care-na-5-miedzynarodowej-konferencji-alfabetyzm-a-wspolczesne-spoleczenstwo-kreatywnosc-rownosc-dzialania-spoleczne-na-cyprze\/#primaryimage\"},\"image\":{\"@id\":\"https:\/\/www.care-platform.eu\/index.php\/pl\/2023\/12\/04\/projekt-care-na-5-miedzynarodowej-konferencji-alfabetyzm-a-wspolczesne-spoleczenstwo-kreatywnosc-rownosc-dzialania-spoleczne-na-cyprze\/#primaryimage\"},\"thumbnailUrl\":\"http:\/\/www.care-platform.eu\/wp-content\/uploads\/2023\/12\/Picture1-300x300.png\",\"datePublished\":\"2023-12-04T22:40:12+00:00\",\"dateModified\":\"2025-08-02T00:42:03+00:00\",\"breadcrumb\":{\"@id\":\"https:\/\/www.care-platform.eu\/index.php\/pl\/2023\/12\/04\/projekt-care-na-5-miedzynarodowej-konferencji-alfabetyzm-a-wspolczesne-spoleczenstwo-kreatywnosc-rownosc-dzialania-spoleczne-na-cyprze\/#breadcrumb\"},\"inLanguage\":\"en-US\",\"potentialAction\":[{\"@type\":\"ReadAction\",\"target\":[\"https:\/\/www.care-platform.eu\/index.php\/pl\/2023\/12\/04\/projekt-care-na-5-miedzynarodowej-konferencji-alfabetyzm-a-wspolczesne-spoleczenstwo-kreatywnosc-rownosc-dzialania-spoleczne-na-cyprze\/\"]}]},{\"@type\":\"ImageObject\",\"inLanguage\":\"en-US\",\"@id\":\"https:\/\/www.care-platform.eu\/index.php\/pl\/2023\/12\/04\/projekt-care-na-5-miedzynarodowej-konferencji-alfabetyzm-a-wspolczesne-spoleczenstwo-kreatywnosc-rownosc-dzialania-spoleczne-na-cyprze\/#primaryimage\",\"url\":\"https:\/\/www.care-platform.eu\/wp-content\/uploads\/2023\/12\/Picture1.png\",\"contentUrl\":\"https:\/\/www.care-platform.eu\/wp-content\/uploads\/2023\/12\/Picture1.png\",\"width\":579,\"height\":579},{\"@type\":\"BreadcrumbList\",\"@id\":\"https:\/\/www.care-platform.eu\/index.php\/pl\/2023\/12\/04\/projekt-care-na-5-miedzynarodowej-konferencji-alfabetyzm-a-wspolczesne-spoleczenstwo-kreatywnosc-rownosc-dzialania-spoleczne-na-cyprze\/#breadcrumb\",\"itemListElement\":[{\"@type\":\"ListItem\",\"position\":1,\"name\":\"Home\",\"item\":\"https:\/\/www.care-platform.eu\/\"},{\"@type\":\"ListItem\",\"position\":2,\"name\":\"Projekt CARE na 5. Mi\u0119dzynarodowej Konferencji: \u201eAlfabetyzm a wsp\u00f3\u0142czesne spo\u0142ecze\u0144stwo: kreatywno\u015b\u0107, r\u00f3wno\u015b\u0107, dzia\u0142ania spo\u0142eczne\u201d na Cyprze\"}]},{\"@type\":\"WebSite\",\"@id\":\"https:\/\/www.care-platform.eu\/#website\",\"url\":\"https:\/\/www.care-platform.eu\/\",\"name\":\"C.A.R.E.\",\"description\":\"\",\"publisher\":{\"@id\":\"https:\/\/www.care-platform.eu\/#organization\"},\"potentialAction\":[{\"@type\":\"SearchAction\",\"target\":{\"@type\":\"EntryPoint\",\"urlTemplate\":\"https:\/\/www.care-platform.eu\/?s={search_term_string}\"},\"query-input\":{\"@type\":\"PropertyValueSpecification\",\"valueRequired\":true,\"valueName\":\"search_term_string\"}}],\"inLanguage\":\"en-US\"},{\"@type\":\"Organization\",\"@id\":\"https:\/\/www.care-platform.eu\/#organization\",\"name\":\"C.A.R.E.\",\"url\":\"https:\/\/www.care-platform.eu\/\",\"logo\":{\"@type\":\"ImageObject\",\"inLanguage\":\"en-US\",\"@id\":\"https:\/\/www.care-platform.eu\/#\/schema\/logo\/image\/\",\"url\":\"https:\/\/www.care-platform.eu\/wp-content\/uploads\/2023\/04\/cropped-cropped-logo-1-1.png\",\"contentUrl\":\"https:\/\/www.care-platform.eu\/wp-content\/uploads\/2023\/04\/cropped-cropped-logo-1-1.png\",\"width\":127,\"height\":153,\"caption\":\"C.A.R.E.\"},\"image\":{\"@id\":\"https:\/\/www.care-platform.eu\/#\/schema\/logo\/image\/\"}},{\"@type\":\"Person\",\"@id\":\"https:\/\/www.care-platform.eu\/#\/schema\/person\/290df17b1298613ab5025d8b3f4de953\",\"name\":\"admin\",\"image\":{\"@type\":\"ImageObject\",\"inLanguage\":\"en-US\",\"@id\":\"https:\/\/www.care-platform.eu\/#\/schema\/person\/image\/\",\"url\":\"https:\/\/secure.gravatar.com\/avatar\/6a10196b803b7bcbcadb30b586c5b2a3841013d254b8676359791fac2b00b403?s=96&d=mm&r=g\",\"contentUrl\":\"https:\/\/secure.gravatar.com\/avatar\/6a10196b803b7bcbcadb30b586c5b2a3841013d254b8676359791fac2b00b403?s=96&d=mm&r=g\",\"caption\":\"admin\"},\"sameAs\":[\"http:\/\/32903897134170577.blog.com.gr\"],\"url\":\"https:\/\/www.care-platform.eu\/index.php\/author\/tourniss_sq4t7cxk\/\"}]}<\/script>\n<!-- \/ Yoast SEO plugin. -->","yoast_head_json":{"title":"Projekt CARE na 5. Mi\u0119dzynarodowej Konferencji: \u201eAlfabetyzm a wsp\u00f3\u0142czesne spo\u0142ecze\u0144stwo: kreatywno\u015b\u0107, r\u00f3wno\u015b\u0107, dzia\u0142ania spo\u0142eczne\u201d na Cyprze - C.A.R.E.","robots":{"index":"index","follow":"follow","max-snippet":"max-snippet:-1","max-image-preview":"max-image-preview:large","max-video-preview":"max-video-preview:-1"},"canonical":"https:\/\/www.care-platform.eu\/index.php\/pl\/2023\/12\/04\/projekt-care-na-5-miedzynarodowej-konferencji-alfabetyzm-a-wspolczesne-spoleczenstwo-kreatywnosc-rownosc-dzialania-spoleczne-na-cyprze\/","og_locale":"en_US","og_type":"article","og_title":"Projekt CARE na 5. Mi\u0119dzynarodowej Konferencji: \u201eAlfabetyzm a wsp\u00f3\u0142czesne spo\u0142ecze\u0144stwo: kreatywno\u015b\u0107, r\u00f3wno\u015b\u0107, dzia\u0142ania spo\u0142eczne\u201d na Cyprze - C.A.R.E.","og_description":"Dnia 4 grudnia 2023 roku, podczas 5. Mi\u0119dzynarodowej Konferencji \u201eAlfabetyzm a wsp\u00f3\u0142czesne spo\u0142ecze\u0144stwo: kreatywno\u015b\u0107, r\u00f3wno\u015b\u0107, dzia\u0142ania spo\u0142eczne\u201d, zorganizowanej przez Cypryjskie Instytuty Pedagogiczne przy wsparciu Ministerstwa Edukacji, Sportu i M\u0142odzie\u017cy Cypru oraz we wsp\u00f3\u0142pracy z Uniwersytetem Cypryjskim, nasi partnerzy z Center for Social Innovation (CSI) zaprezentowali jedn\u0105 z aktywno\u015bci opartych na podr\u0119czniku CARE dotycz\u0105cym prowadzenia warsztat\u00f3w ceramicznych rozwijaj\u0105cych umiej\u0119tno\u015bci psychomotoryczne. Dzia\u0142anie to zosta\u0142o przedstawione jako narz\u0119dzie wspieraj\u0105ce komunikacj\u0119 w\u0142\u0105czaj\u0105c\u0105, zar\u00f3wno w edukacji formalnej, jak i pozaformalnej. W spotkaniu uczestniczyli nauczyciele oraz studenci uczelni wy\u017cszych, kt\u00f3rzy z du\u017cym zainteresowaniem przyj\u0119li propozycj\u0119 w\u0142\u0105czenia dzia\u0142a\u0144 CARE do w\u0142asnych metod dydaktycznych. Prezentowana aktywno\u015b\u0107 podkre\u015bli\u0142a znaczenie wzmacniania uczni\u00f3w i uczestnik\u00f3w zaj\u0119\u0107 w zakresie prezentowania procesu tw\u00f3rczego oraz znaczenia ich dzie\u0142 artystycznych. Tego typu podej\u015bcie nie tylko rozwija kreatywno\u015b\u0107, ale r\u00f3wnie\u017c doskonali umiej\u0119tno\u015bci autoprezentacji i zwi\u0119ksza pewno\u015b\u0107 siebie. Obecno\u015b\u0107 projektu CARE na konferencji stanowi wyraz zaanga\u017cowania w promowanie alfabetyzacji, kreatywno\u015bci, r\u00f3wno\u015bci i dzia\u0142a\u0144 spo\u0142ecznych w nowoczesnym systemie edukacji. Wspieraj\u0105c innowacyjne podej\u015bcia do uczenia si\u0119, takie inicjatywy jak CARE przyczyniaj\u0105 si\u0119 do tworzenia bardziej w\u0142\u0105czaj\u0105cego i anga\u017cuj\u0105cego \u015brodowiska edukacyjnego.","og_url":"https:\/\/www.care-platform.eu\/index.php\/pl\/2023\/12\/04\/projekt-care-na-5-miedzynarodowej-konferencji-alfabetyzm-a-wspolczesne-spoleczenstwo-kreatywnosc-rownosc-dzialania-spoleczne-na-cyprze\/","og_site_name":"C.A.R.E.","article_published_time":"2023-12-04T22:40:12+00:00","article_modified_time":"2025-08-02T00:42:03+00:00","og_image":[{"width":579,"height":579,"url":"https:\/\/www.care-platform.eu\/wp-content\/uploads\/2023\/12\/Picture1.png","type":"image\/png"}],"author":"admin","twitter_card":"summary_large_image","twitter_misc":{"Written by":"admin","Est. reading time":"2 minutes"},"schema":{"@context":"https:\/\/schema.org","@graph":[{"@type":"Article","@id":"https:\/\/www.care-platform.eu\/index.php\/pl\/2023\/12\/04\/projekt-care-na-5-miedzynarodowej-konferencji-alfabetyzm-a-wspolczesne-spoleczenstwo-kreatywnosc-rownosc-dzialania-spoleczne-na-cyprze\/#article","isPartOf":{"@id":"https:\/\/www.care-platform.eu\/index.php\/pl\/2023\/12\/04\/projekt-care-na-5-miedzynarodowej-konferencji-alfabetyzm-a-wspolczesne-spoleczenstwo-kreatywnosc-rownosc-dzialania-spoleczne-na-cyprze\/"},"author":{"name":"admin","@id":"https:\/\/www.care-platform.eu\/#\/schema\/person\/290df17b1298613ab5025d8b3f4de953"},"headline":"Projekt CARE na 5. Mi\u0119dzynarodowej Konferencji: \u201eAlfabetyzm a wsp\u00f3\u0142czesne spo\u0142ecze\u0144stwo: kreatywno\u015b\u0107, r\u00f3wno\u015b\u0107, dzia\u0142ania spo\u0142eczne\u201d na Cyprze","datePublished":"2023-12-04T22:40:12+00:00","dateModified":"2025-08-02T00:42:03+00:00","mainEntityOfPage":{"@id":"https:\/\/www.care-platform.eu\/index.php\/pl\/2023\/12\/04\/projekt-care-na-5-miedzynarodowej-konferencji-alfabetyzm-a-wspolczesne-spoleczenstwo-kreatywnosc-rownosc-dzialania-spoleczne-na-cyprze\/"},"wordCount":243,"commentCount":0,"publisher":{"@id":"https:\/\/www.care-platform.eu\/#organization"},"image":{"@id":"https:\/\/www.care-platform.eu\/index.php\/pl\/2023\/12\/04\/projekt-care-na-5-miedzynarodowej-konferencji-alfabetyzm-a-wspolczesne-spoleczenstwo-kreatywnosc-rownosc-dzialania-spoleczne-na-cyprze\/#primaryimage"},"thumbnailUrl":"http:\/\/www.care-platform.eu\/wp-content\/uploads\/2023\/12\/Picture1-300x300.png","inLanguage":"en-US","potentialAction":[{"@type":"CommentAction","name":"Comment","target":["https:\/\/www.care-platform.eu\/index.php\/pl\/2023\/12\/04\/projekt-care-na-5-miedzynarodowej-konferencji-alfabetyzm-a-wspolczesne-spoleczenstwo-kreatywnosc-rownosc-dzialania-spoleczne-na-cyprze\/#respond"]}]},{"@type":"WebPage","@id":"https:\/\/www.care-platform.eu\/index.php\/pl\/2023\/12\/04\/projekt-care-na-5-miedzynarodowej-konferencji-alfabetyzm-a-wspolczesne-spoleczenstwo-kreatywnosc-rownosc-dzialania-spoleczne-na-cyprze\/","url":"https:\/\/www.care-platform.eu\/index.php\/pl\/2023\/12\/04\/projekt-care-na-5-miedzynarodowej-konferencji-alfabetyzm-a-wspolczesne-spoleczenstwo-kreatywnosc-rownosc-dzialania-spoleczne-na-cyprze\/","name":"Projekt CARE na 5. Mi\u0119dzynarodowej Konferencji: \u201eAlfabetyzm a wsp\u00f3\u0142czesne spo\u0142ecze\u0144stwo: kreatywno\u015b\u0107, r\u00f3wno\u015b\u0107, dzia\u0142ania spo\u0142eczne\u201d na Cyprze - C.A.R.E.","isPartOf":{"@id":"https:\/\/www.care-platform.eu\/#website"},"primaryImageOfPage":{"@id":"https:\/\/www.care-platform.eu\/index.php\/pl\/2023\/12\/04\/projekt-care-na-5-miedzynarodowej-konferencji-alfabetyzm-a-wspolczesne-spoleczenstwo-kreatywnosc-rownosc-dzialania-spoleczne-na-cyprze\/#primaryimage"},"image":{"@id":"https:\/\/www.care-platform.eu\/index.php\/pl\/2023\/12\/04\/projekt-care-na-5-miedzynarodowej-konferencji-alfabetyzm-a-wspolczesne-spoleczenstwo-kreatywnosc-rownosc-dzialania-spoleczne-na-cyprze\/#primaryimage"},"thumbnailUrl":"http:\/\/www.care-platform.eu\/wp-content\/uploads\/2023\/12\/Picture1-300x300.png","datePublished":"2023-12-04T22:40:12+00:00","dateModified":"2025-08-02T00:42:03+00:00","breadcrumb":{"@id":"https:\/\/www.care-platform.eu\/index.php\/pl\/2023\/12\/04\/projekt-care-na-5-miedzynarodowej-konferencji-alfabetyzm-a-wspolczesne-spoleczenstwo-kreatywnosc-rownosc-dzialania-spoleczne-na-cyprze\/#breadcrumb"},"inLanguage":"en-US","potentialAction":[{"@type":"ReadAction","target":["https:\/\/www.care-platform.eu\/index.php\/pl\/2023\/12\/04\/projekt-care-na-5-miedzynarodowej-konferencji-alfabetyzm-a-wspolczesne-spoleczenstwo-kreatywnosc-rownosc-dzialania-spoleczne-na-cyprze\/"]}]},{"@type":"ImageObject","inLanguage":"en-US","@id":"https:\/\/www.care-platform.eu\/index.php\/pl\/2023\/12\/04\/projekt-care-na-5-miedzynarodowej-konferencji-alfabetyzm-a-wspolczesne-spoleczenstwo-kreatywnosc-rownosc-dzialania-spoleczne-na-cyprze\/#primaryimage","url":"https:\/\/www.care-platform.eu\/wp-content\/uploads\/2023\/12\/Picture1.png","contentUrl":"https:\/\/www.care-platform.eu\/wp-content\/uploads\/2023\/12\/Picture1.png","width":579,"height":579},{"@type":"BreadcrumbList","@id":"https:\/\/www.care-platform.eu\/index.php\/pl\/2023\/12\/04\/projekt-care-na-5-miedzynarodowej-konferencji-alfabetyzm-a-wspolczesne-spoleczenstwo-kreatywnosc-rownosc-dzialania-spoleczne-na-cyprze\/#breadcrumb","itemListElement":[{"@type":"ListItem","position":1,"name":"Home","item":"https:\/\/www.care-platform.eu\/"},{"@type":"ListItem","position":2,"name":"Projekt CARE na 5. Mi\u0119dzynarodowej Konferencji: \u201eAlfabetyzm a wsp\u00f3\u0142czesne spo\u0142ecze\u0144stwo: kreatywno\u015b\u0107, r\u00f3wno\u015b\u0107, dzia\u0142ania spo\u0142eczne\u201d na Cyprze"}]},{"@type":"WebSite","@id":"https:\/\/www.care-platform.eu\/#website","url":"https:\/\/www.care-platform.eu\/","name":"C.A.R.E.","description":"","publisher":{"@id":"https:\/\/www.care-platform.eu\/#organization"},"potentialAction":[{"@type":"SearchAction","target":{"@type":"EntryPoint","urlTemplate":"https:\/\/www.care-platform.eu\/?s={search_term_string}"},"query-input":{"@type":"PropertyValueSpecification","valueRequired":true,"valueName":"search_term_string"}}],"inLanguage":"en-US"},{"@type":"Organization","@id":"https:\/\/www.care-platform.eu\/#organization","name":"C.A.R.E.","url":"https:\/\/www.care-platform.eu\/","logo":{"@type":"ImageObject","inLanguage":"en-US","@id":"https:\/\/www.care-platform.eu\/#\/schema\/logo\/image\/","url":"https:\/\/www.care-platform.eu\/wp-content\/uploads\/2023\/04\/cropped-cropped-logo-1-1.png","contentUrl":"https:\/\/www.care-platform.eu\/wp-content\/uploads\/2023\/04\/cropped-cropped-logo-1-1.png","width":127,"height":153,"caption":"C.A.R.E."},"image":{"@id":"https:\/\/www.care-platform.eu\/#\/schema\/logo\/image\/"}},{"@type":"Person","@id":"https:\/\/www.care-platform.eu\/#\/schema\/person\/290df17b1298613ab5025d8b3f4de953","name":"admin","image":{"@type":"ImageObject","inLanguage":"en-US","@id":"https:\/\/www.care-platform.eu\/#\/schema\/person\/image\/","url":"https:\/\/secure.gravatar.com\/avatar\/6a10196b803b7bcbcadb30b586c5b2a3841013d254b8676359791fac2b00b403?s=96&d=mm&r=g","contentUrl":"https:\/\/secure.gravatar.com\/avatar\/6a10196b803b7bcbcadb30b586c5b2a3841013d254b8676359791fac2b00b403?s=96&d=mm&r=g","caption":"admin"},"sameAs":["http:\/\/32903897134170577.blog.com.gr"],"url":"https:\/\/www.care-platform.eu\/index.php\/author\/tourniss_sq4t7cxk\/"}]}},"_links":{"self":[{"href":"https:\/\/www.care-platform.eu\/index.php\/wp-json\/wp\/v2\/posts\/3672","targetHints":{"allow":["GET"]}}],"collection":[{"href":"https:\/\/www.care-platform.eu\/index.php\/wp-json\/wp\/v2\/posts"}],"about":[{"href":"https:\/\/www.care-platform.eu\/index.php\/wp-json\/wp\/v2\/types\/post"}],"author":[{"embeddable":true,"href":"https:\/\/www.care-platform.eu\/index.php\/wp-json\/wp\/v2\/users\/1"}],"replies":[{"embeddable":true,"href":"https:\/\/www.care-platform.eu\/index.php\/wp-json\/wp\/v2\/comments?post=3672"}],"version-history":[{"count":1,"href":"https:\/\/www.care-platform.eu\/index.php\/wp-json\/wp\/v2\/posts\/3672\/revisions"}],"predecessor-version":[{"id":3673,"href":"https:\/\/www.care-platform.eu\/index.php\/wp-json\/wp\/v2\/posts\/3672\/revisions\/3673"}],"wp:attachment":[{"href":"https:\/\/www.care-platform.eu\/index.php\/wp-json\/wp\/v2\/media?parent=3672"}],"wp:term":[{"taxonomy":"category","embeddable":true,"href":"https:\/\/www.care-platform.eu\/index.php\/wp-json\/wp\/v2\/categories?post=3672"},{"taxonomy":"post_tag","embeddable":true,"href":"https:\/\/www.care-platform.eu\/index.php\/wp-json\/wp\/v2\/tags?post=3672"}],"curies":[{"name":"wp","href":"https:\/\/api.w.org\/{rel}","templated":true}]}}