{"id":3701,"date":"2024-06-03T09:40:08","date_gmt":"2024-06-03T09:40:08","guid":{"rendered":"https:\/\/www.care-platform.eu\/?p=3701"},"modified":"2025-08-02T09:42:20","modified_gmt":"2025-08-02T09:42:20","slug":"warsztaty-ceramiczne-care-nowa-sciezka-rozwoju-dla-mlodziezy-z-niepelnosprawnoscia-wzrokowa-w-europie-odkryjmy-niezliczone-korzysci","status":"publish","type":"post","link":"https:\/\/www.care-platform.eu\/index.php\/pl\/2024\/06\/03\/warsztaty-ceramiczne-care-nowa-sciezka-rozwoju-dla-mlodziezy-z-niepelnosprawnoscia-wzrokowa-w-europie-odkryjmy-niezliczone-korzysci\/","title":{"rendered":"Warsztaty ceramiczne CARE \u2013 nowa \u015bcie\u017cka rozwoju dla m\u0142odzie\u017cy z niepe\u0142nosprawno\u015bci\u0105 wzrokow\u0105 w Europie. Odkryjmy niezliczone korzy\u015bci!"},"content":{"rendered":"<p>Warsztaty ceramiczne organizowane w ramach projektu CARE \u2013 <strong>Zwi\u0119kszanie poczucia w\u0142asnej warto\u015bci i\u00a0szans na\u00a0zatrudnienie os\u00f3b z\u00a0niepe\u0142nosprawno\u015bci\u0105 wzrokow\u0105 poprzez kszta\u0142towanie ich kompetencji psychomotorycznych w\u00a0pracy z\u00a0ceramik\u0105 <\/strong>odnosz\u0105 ogromny sukces w\u015br\u00f3d m\u0142odych os\u00f3b z niepe\u0142nosprawno\u015bci\u0105 wzrokow\u0105 w W\u0142oszech, Grecji, na Cyprze, w Polsce i Irlandii. To nie tylko wyj\u0105tkowa okazja do rozwijania umiej\u0119tno\u015bci artystycznych, ale tak\u017ce realna szansa na wzmocnienie kompetencji osobistych, spo\u0142ecznych i zawodowych, a tym samym \u2013 pozycji m\u0142odych uczestnik\u00f3w w lokalnych spo\u0142eczno\u015bciach.<\/p>\n<p>Udzia\u0142 w warsztatach pozwala m\u0142odzie\u017cy odkrywa\u0107 swoj\u0105 sprawczo\u015b\u0107, niezale\u017cno\u015b\u0107 i budowa\u0107 pewno\u015b\u0107 siebie. Tworzenie ceramicznych dzie\u0142 wymaga koncentracji, cierpliwo\u015bci i kreatywno\u015bci \u2013 cech, kt\u00f3re uczestnicy ucz\u0105 si\u0119 rozwija\u0107 i docenia\u0107. Proces tw\u00f3rczy staje si\u0119 przestrzeni\u0105 refleksji, wyra\u017cania emocji i rozwoju osobistego.<\/p>\n<p>Warsztaty prowadzone s\u0105 w duchu wsp\u00f3\u0142pracy \u2013 uczestnicy dziel\u0105 si\u0119 pomys\u0142ami, wspieraj\u0105 nawzajem i ucz\u0105 si\u0119 pracy zespo\u0142owej. To buduje poczucie wsp\u00f3lnoty i przynale\u017cno\u015bci, kt\u00f3re s\u0105 kluczowe dla dobrostanu emocjonalnego i spo\u0142ecznego.<\/p>\n<p>Jednym z najbardziej innowacyjnych element\u00f3w warsztat\u00f3w CARE jest \u015bwiadome podej\u015bcie do ergonomii i postawy cia\u0142a. Praca z glin\u0105 wymaga odpowiednich ruch\u00f3w i pozycji, co sprzyja lepszej koordynacji, \u015bwiadomo\u015bci cia\u0142a i poprawie zdrowia fizycznego. Uczestnicy rozwijaj\u0105 r\u00f3wnie\u017c zaawansowane zdolno\u015bci manualne, kt\u00f3re mog\u0105 mie\u0107 znaczenie tak\u017ce w kontek\u015bcie zawodowym.<\/p>\n<p>Ceramika to tak\u017ce forma sztuki, kt\u00f3ra oferuje niezwyk\u0142\u0105 swobod\u0119 ekspresji. W ramach CARE m\u0142odzi ludzie mog\u0105 rozwija\u0107 wyobra\u017ani\u0119, realizowa\u0107 swoje pomys\u0142y i tworzy\u0107 unikatowe, osobiste dzie\u0142a sztuki. Ka\u017cdy uko\u0144czony przedmiot to pow\u00f3d do dumy, symbol indywidualnego sukcesu \u2013 a ju\u017c wkr\u00f3tce b\u0119dzie mo\u017cna je zobaczy\u0107 podczas publicznych wystaw organizowanych w krajach partnerskich.<\/p>\n<p>Te warsztaty to nie tylko przestrze\u0144 nauki i rozwoju, ale te\u017c platforma do zaprezentowania talentu, kreatywno\u015bci i potencja\u0142u m\u0142odzie\u017cy z niepe\u0142nosprawno\u015bci\u0105 wzrokow\u0105. Publiczne wystawy b\u0119d\u0105 nie tylko \u015bwi\u0119tem ich osi\u0105gni\u0119\u0107, ale r\u00f3wnie\u017c sposobem na zwi\u0119kszenie \u015bwiadomo\u015bci spo\u0142ecznej na temat w\u0142\u0105czenia i r\u00f3\u017cnorodno\u015bci.<\/p>\n<p><img fetchpriority=\"high\" decoding=\"async\" class=\"aligncenter wp-image-3595\" src=\"http:\/\/www.care-platform.eu\/wp-content\/uploads\/2025\/08\/Picture1-225x300.jpg\" alt=\"\" width=\"520\" height=\"693\" srcset=\"https:\/\/www.care-platform.eu\/wp-content\/uploads\/2025\/08\/Picture1-225x300.jpg 225w, https:\/\/www.care-platform.eu\/wp-content\/uploads\/2025\/08\/Picture1.jpg 579w\" sizes=\"(max-width: 520px) 100vw, 520px\" \/><\/p>\n<p><img decoding=\"async\" class=\"aligncenter wp-image-3594\" src=\"http:\/\/www.care-platform.eu\/wp-content\/uploads\/2025\/08\/Picture3-225x300.jpg\" alt=\"\" width=\"520\" height=\"693\" srcset=\"https:\/\/www.care-platform.eu\/wp-content\/uploads\/2025\/08\/Picture3-225x300.jpg 225w, https:\/\/www.care-platform.eu\/wp-content\/uploads\/2025\/08\/Picture3.jpg 579w\" sizes=\"(max-width: 520px) 100vw, 520px\" \/><\/p>\n<p><img decoding=\"async\" class=\"aligncenter wp-image-3593\" src=\"http:\/\/www.care-platform.eu\/wp-content\/uploads\/2025\/08\/Picture4-300x225.jpg\" alt=\"\" width=\"520\" height=\"390\" srcset=\"https:\/\/www.care-platform.eu\/wp-content\/uploads\/2025\/08\/Picture4-300x225.jpg 300w, https:\/\/www.care-platform.eu\/wp-content\/uploads\/2025\/08\/Picture4.jpg 579w\" sizes=\"(max-width: 520px) 100vw, 520px\" \/><\/p>\n","protected":false},"excerpt":{"rendered":"<p>Warsztaty ceramiczne organizowane w ramach projektu CARE \u2013 Zwi\u0119kszanie poczucia w\u0142asnej warto\u015bci i\u00a0szans na\u00a0zatrudnienie os\u00f3b z\u00a0niepe\u0142nosprawno\u015bci\u0105 wzrokow\u0105 poprzez kszta\u0142towanie ich kompetencji psychomotorycznych w\u00a0pracy z\u00a0ceramik\u0105 odnosz\u0105 ogromny sukces w\u015br\u00f3d m\u0142odych os\u00f3b z niepe\u0142nosprawno\u015bci\u0105 wzrokow\u0105 w W\u0142oszech, Grecji, na Cyprze, w Polsce i Irlandii. To nie tylko wyj\u0105tkowa okazja do rozwijania umiej\u0119tno\u015bci artystycznych, ale tak\u017ce realna szansa na wzmocnienie kompetencji osobistych, spo\u0142ecznych i zawodowych, a tym samym \u2013 pozycji m\u0142odych uczestnik\u00f3w w lokalnych spo\u0142eczno\u015bciach. Udzia\u0142 w warsztatach pozwala m\u0142odzie\u017cy odkrywa\u0107 swoj\u0105 sprawczo\u015b\u0107, niezale\u017cno\u015b\u0107 i budowa\u0107 pewno\u015b\u0107 siebie. Tworzenie ceramicznych dzie\u0142 wymaga koncentracji, cierpliwo\u015bci i kreatywno\u015bci \u2013 cech, kt\u00f3re uczestnicy ucz\u0105 si\u0119 rozwija\u0107 i docenia\u0107. Proces tw\u00f3rczy staje si\u0119 przestrzeni\u0105 refleksji, wyra\u017cania emocji i rozwoju osobistego. Warsztaty prowadzone s\u0105 w duchu wsp\u00f3\u0142pracy \u2013 uczestnicy dziel\u0105 si\u0119 pomys\u0142ami, wspieraj\u0105 nawzajem i ucz\u0105 si\u0119 pracy zespo\u0142owej. To buduje poczucie wsp\u00f3lnoty i przynale\u017cno\u015bci, kt\u00f3re s\u0105 kluczowe dla dobrostanu emocjonalnego i spo\u0142ecznego. Jednym z najbardziej innowacyjnych element\u00f3w warsztat\u00f3w CARE jest \u015bwiadome podej\u015bcie do ergonomii i postawy cia\u0142a. Praca z glin\u0105 wymaga odpowiednich ruch\u00f3w i pozycji, co sprzyja lepszej koordynacji, \u015bwiadomo\u015bci cia\u0142a i poprawie zdrowia fizycznego. Uczestnicy rozwijaj\u0105 r\u00f3wnie\u017c zaawansowane zdolno\u015bci manualne, kt\u00f3re mog\u0105 mie\u0107 znaczenie tak\u017ce w kontek\u015bcie zawodowym. Ceramika to tak\u017ce forma sztuki, kt\u00f3ra oferuje niezwyk\u0142\u0105 swobod\u0119 ekspresji. W ramach CARE m\u0142odzi ludzie mog\u0105 rozwija\u0107 wyobra\u017ani\u0119, realizowa\u0107 swoje pomys\u0142y i tworzy\u0107 unikatowe, osobiste dzie\u0142a sztuki. Ka\u017cdy uko\u0144czony przedmiot to pow\u00f3d do dumy, symbol indywidualnego sukcesu \u2013 a ju\u017c wkr\u00f3tce b\u0119dzie mo\u017cna je zobaczy\u0107 podczas publicznych wystaw organizowanych w krajach partnerskich. Te warsztaty to nie tylko przestrze\u0144 nauki i rozwoju, ale te\u017c platforma do zaprezentowania talentu, kreatywno\u015bci i potencja\u0142u m\u0142odzie\u017cy z niepe\u0142nosprawno\u015bci\u0105 wzrokow\u0105. Publiczne wystawy b\u0119d\u0105 nie tylko \u015bwi\u0119tem ich osi\u0105gni\u0119\u0107, ale r\u00f3wnie\u017c sposobem na zwi\u0119kszenie \u015bwiadomo\u015bci spo\u0142ecznej na temat w\u0142\u0105czenia i r\u00f3\u017cnorodno\u015bci.<\/p>\n","protected":false},"author":1,"featured_media":0,"comment_status":"open","ping_status":"open","sticky":false,"template":"","format":"standard","meta":{"_exactmetrics_skip_tracking":false,"_exactmetrics_sitenote_active":false,"_exactmetrics_sitenote_note":"","_exactmetrics_sitenote_category":0,"_monsterinsights_skip_tracking":false,"_monsterinsights_sitenote_active":false,"_monsterinsights_sitenote_note":"","_monsterinsights_sitenote_category":0,"site-sidebar-layout":"default","site-content-layout":"","ast-site-content-layout":"default","site-content-style":"default","site-sidebar-style":"default","ast-global-header-display":"","ast-banner-title-visibility":"","ast-main-header-display":"","ast-hfb-above-header-display":"","ast-hfb-below-header-display":"","ast-hfb-mobile-header-display":"","site-post-title":"","ast-breadcrumbs-content":"","ast-featured-img":"","footer-sml-layout":"","theme-transparent-header-meta":"default","adv-header-id-meta":"","stick-header-meta":"","header-above-stick-meta":"","header-main-stick-meta":"","header-below-stick-meta":"","astra-migrate-meta-layouts":"set","ast-page-background-enabled":"default","ast-page-background-meta":{"desktop":{"background-color":"var(--ast-global-color-4)","background-image":"","background-repeat":"repeat","background-position":"center center","background-size":"auto","background-attachment":"scroll","background-type":"","background-media":"","overlay-type":"","overlay-color":"","overlay-opacity":"","overlay-gradient":""},"tablet":{"background-color":"","background-image":"","background-repeat":"repeat","background-position":"center center","background-size":"auto","background-attachment":"scroll","background-type":"","background-media":"","overlay-type":"","overlay-color":"","overlay-opacity":"","overlay-gradient":""},"mobile":{"background-color":"","background-image":"","background-repeat":"repeat","background-position":"center center","background-size":"auto","background-attachment":"scroll","background-type":"","background-media":"","overlay-type":"","overlay-color":"","overlay-opacity":"","overlay-gradient":""}},"ast-content-background-meta":{"desktop":{"background-color":"var(--ast-global-color-5)","background-image":"","background-repeat":"repeat","background-position":"center center","background-size":"auto","background-attachment":"scroll","background-type":"","background-media":"","overlay-type":"","overlay-color":"","overlay-opacity":"","overlay-gradient":""},"tablet":{"background-color":"var(--ast-global-color-5)","background-image":"","background-repeat":"repeat","background-position":"center center","background-size":"auto","background-attachment":"scroll","background-type":"","background-media":"","overlay-type":"","overlay-color":"","overlay-opacity":"","overlay-gradient":""},"mobile":{"background-color":"var(--ast-global-color-5)","background-image":"","background-repeat":"repeat","background-position":"center center","background-size":"auto","background-attachment":"scroll","background-type":"","background-media":"","overlay-type":"","overlay-color":"","overlay-opacity":"","overlay-gradient":""}},"footnotes":""},"categories":[20],"tags":[],"class_list":["post-3701","post","type-post","status-publish","format-standard","hentry","category-uncategorized-pl"],"yoast_head":"<!-- This site is optimized with the Yoast SEO plugin v25.5 - https:\/\/yoast.com\/wordpress\/plugins\/seo\/ -->\n<title>Warsztaty ceramiczne CARE \u2013 nowa \u015bcie\u017cka rozwoju dla m\u0142odzie\u017cy z niepe\u0142nosprawno\u015bci\u0105 wzrokow\u0105 w Europie. Odkryjmy niezliczone korzy\u015bci! - C.A.R.E.<\/title>\n<meta name=\"robots\" content=\"index, follow, max-snippet:-1, max-image-preview:large, max-video-preview:-1\" \/>\n<link rel=\"canonical\" href=\"https:\/\/www.care-platform.eu\/index.php\/pl\/2024\/06\/03\/warsztaty-ceramiczne-care-nowa-sciezka-rozwoju-dla-mlodziezy-z-niepelnosprawnoscia-wzrokowa-w-europie-odkryjmy-niezliczone-korzysci\/\" \/>\n<meta property=\"og:locale\" content=\"en_US\" \/>\n<meta property=\"og:type\" content=\"article\" \/>\n<meta property=\"og:title\" content=\"Warsztaty ceramiczne CARE \u2013 nowa \u015bcie\u017cka rozwoju dla m\u0142odzie\u017cy z niepe\u0142nosprawno\u015bci\u0105 wzrokow\u0105 w Europie. Odkryjmy niezliczone korzy\u015bci! - C.A.R.E.\" \/>\n<meta property=\"og:description\" content=\"Warsztaty ceramiczne organizowane w ramach projektu CARE \u2013 Zwi\u0119kszanie poczucia w\u0142asnej warto\u015bci i\u00a0szans na\u00a0zatrudnienie os\u00f3b z\u00a0niepe\u0142nosprawno\u015bci\u0105 wzrokow\u0105 poprzez kszta\u0142towanie ich kompetencji psychomotorycznych w\u00a0pracy z\u00a0ceramik\u0105 odnosz\u0105 ogromny sukces w\u015br\u00f3d m\u0142odych os\u00f3b z niepe\u0142nosprawno\u015bci\u0105 wzrokow\u0105 w W\u0142oszech, Grecji, na Cyprze, w Polsce i Irlandii. To nie tylko wyj\u0105tkowa okazja do rozwijania umiej\u0119tno\u015bci artystycznych, ale tak\u017ce realna szansa na wzmocnienie kompetencji osobistych, spo\u0142ecznych i zawodowych, a tym samym \u2013 pozycji m\u0142odych uczestnik\u00f3w w lokalnych spo\u0142eczno\u015bciach. Udzia\u0142 w warsztatach pozwala m\u0142odzie\u017cy odkrywa\u0107 swoj\u0105 sprawczo\u015b\u0107, niezale\u017cno\u015b\u0107 i budowa\u0107 pewno\u015b\u0107 siebie. Tworzenie ceramicznych dzie\u0142 wymaga koncentracji, cierpliwo\u015bci i kreatywno\u015bci \u2013 cech, kt\u00f3re uczestnicy ucz\u0105 si\u0119 rozwija\u0107 i docenia\u0107. Proces tw\u00f3rczy staje si\u0119 przestrzeni\u0105 refleksji, wyra\u017cania emocji i rozwoju osobistego. Warsztaty prowadzone s\u0105 w duchu wsp\u00f3\u0142pracy \u2013 uczestnicy dziel\u0105 si\u0119 pomys\u0142ami, wspieraj\u0105 nawzajem i ucz\u0105 si\u0119 pracy zespo\u0142owej. To buduje poczucie wsp\u00f3lnoty i przynale\u017cno\u015bci, kt\u00f3re s\u0105 kluczowe dla dobrostanu emocjonalnego i spo\u0142ecznego. Jednym z najbardziej innowacyjnych element\u00f3w warsztat\u00f3w CARE jest \u015bwiadome podej\u015bcie do ergonomii i postawy cia\u0142a. Praca z glin\u0105 wymaga odpowiednich ruch\u00f3w i pozycji, co sprzyja lepszej koordynacji, \u015bwiadomo\u015bci cia\u0142a i poprawie zdrowia fizycznego. Uczestnicy rozwijaj\u0105 r\u00f3wnie\u017c zaawansowane zdolno\u015bci manualne, kt\u00f3re mog\u0105 mie\u0107 znaczenie tak\u017ce w kontek\u015bcie zawodowym. Ceramika to tak\u017ce forma sztuki, kt\u00f3ra oferuje niezwyk\u0142\u0105 swobod\u0119 ekspresji. W ramach CARE m\u0142odzi ludzie mog\u0105 rozwija\u0107 wyobra\u017ani\u0119, realizowa\u0107 swoje pomys\u0142y i tworzy\u0107 unikatowe, osobiste dzie\u0142a sztuki. Ka\u017cdy uko\u0144czony przedmiot to pow\u00f3d do dumy, symbol indywidualnego sukcesu \u2013 a ju\u017c wkr\u00f3tce b\u0119dzie mo\u017cna je zobaczy\u0107 podczas publicznych wystaw organizowanych w krajach partnerskich. Te warsztaty to nie tylko przestrze\u0144 nauki i rozwoju, ale te\u017c platforma do zaprezentowania talentu, kreatywno\u015bci i potencja\u0142u m\u0142odzie\u017cy z niepe\u0142nosprawno\u015bci\u0105 wzrokow\u0105. Publiczne wystawy b\u0119d\u0105 nie tylko \u015bwi\u0119tem ich osi\u0105gni\u0119\u0107, ale r\u00f3wnie\u017c sposobem na zwi\u0119kszenie \u015bwiadomo\u015bci spo\u0142ecznej na temat w\u0142\u0105czenia i r\u00f3\u017cnorodno\u015bci.\" \/>\n<meta property=\"og:url\" content=\"https:\/\/www.care-platform.eu\/index.php\/pl\/2024\/06\/03\/warsztaty-ceramiczne-care-nowa-sciezka-rozwoju-dla-mlodziezy-z-niepelnosprawnoscia-wzrokowa-w-europie-odkryjmy-niezliczone-korzysci\/\" \/>\n<meta property=\"og:site_name\" content=\"C.A.R.E.\" \/>\n<meta property=\"article:published_time\" content=\"2024-06-03T09:40:08+00:00\" \/>\n<meta property=\"article:modified_time\" content=\"2025-08-02T09:42:20+00:00\" \/>\n<meta property=\"og:image\" content=\"https:\/\/www.care-platform.eu\/wp-content\/uploads\/2025\/08\/Picture1.jpg\" \/>\n\t<meta property=\"og:image:width\" content=\"579\" \/>\n\t<meta property=\"og:image:height\" content=\"772\" \/>\n\t<meta property=\"og:image:type\" content=\"image\/jpeg\" \/>\n<meta name=\"author\" content=\"admin\" \/>\n<meta name=\"twitter:card\" content=\"summary_large_image\" \/>\n<meta name=\"twitter:label1\" content=\"Written by\" \/>\n\t<meta name=\"twitter:data1\" content=\"admin\" \/>\n\t<meta name=\"twitter:label2\" content=\"Est. reading time\" \/>\n\t<meta name=\"twitter:data2\" content=\"2 minutes\" \/>\n<script type=\"application\/ld+json\" class=\"yoast-schema-graph\">{\"@context\":\"https:\/\/schema.org\",\"@graph\":[{\"@type\":\"Article\",\"@id\":\"https:\/\/www.care-platform.eu\/index.php\/pl\/2024\/06\/03\/warsztaty-ceramiczne-care-nowa-sciezka-rozwoju-dla-mlodziezy-z-niepelnosprawnoscia-wzrokowa-w-europie-odkryjmy-niezliczone-korzysci\/#article\",\"isPartOf\":{\"@id\":\"https:\/\/www.care-platform.eu\/index.php\/pl\/2024\/06\/03\/warsztaty-ceramiczne-care-nowa-sciezka-rozwoju-dla-mlodziezy-z-niepelnosprawnoscia-wzrokowa-w-europie-odkryjmy-niezliczone-korzysci\/\"},\"author\":{\"name\":\"admin\",\"@id\":\"https:\/\/www.care-platform.eu\/#\/schema\/person\/290df17b1298613ab5025d8b3f4de953\"},\"headline\":\"Warsztaty ceramiczne CARE \u2013 nowa \u015bcie\u017cka rozwoju dla m\u0142odzie\u017cy z niepe\u0142nosprawno\u015bci\u0105 wzrokow\u0105 w Europie. Odkryjmy niezliczone korzy\u015bci!\",\"datePublished\":\"2024-06-03T09:40:08+00:00\",\"dateModified\":\"2025-08-02T09:42:20+00:00\",\"mainEntityOfPage\":{\"@id\":\"https:\/\/www.care-platform.eu\/index.php\/pl\/2024\/06\/03\/warsztaty-ceramiczne-care-nowa-sciezka-rozwoju-dla-mlodziezy-z-niepelnosprawnoscia-wzrokowa-w-europie-odkryjmy-niezliczone-korzysci\/\"},\"wordCount\":387,\"commentCount\":0,\"publisher\":{\"@id\":\"https:\/\/www.care-platform.eu\/#organization\"},\"image\":{\"@id\":\"https:\/\/www.care-platform.eu\/index.php\/pl\/2024\/06\/03\/warsztaty-ceramiczne-care-nowa-sciezka-rozwoju-dla-mlodziezy-z-niepelnosprawnoscia-wzrokowa-w-europie-odkryjmy-niezliczone-korzysci\/#primaryimage\"},\"thumbnailUrl\":\"http:\/\/www.care-platform.eu\/wp-content\/uploads\/2025\/08\/Picture1-225x300.jpg\",\"inLanguage\":\"en-US\",\"potentialAction\":[{\"@type\":\"CommentAction\",\"name\":\"Comment\",\"target\":[\"https:\/\/www.care-platform.eu\/index.php\/pl\/2024\/06\/03\/warsztaty-ceramiczne-care-nowa-sciezka-rozwoju-dla-mlodziezy-z-niepelnosprawnoscia-wzrokowa-w-europie-odkryjmy-niezliczone-korzysci\/#respond\"]}]},{\"@type\":\"WebPage\",\"@id\":\"https:\/\/www.care-platform.eu\/index.php\/pl\/2024\/06\/03\/warsztaty-ceramiczne-care-nowa-sciezka-rozwoju-dla-mlodziezy-z-niepelnosprawnoscia-wzrokowa-w-europie-odkryjmy-niezliczone-korzysci\/\",\"url\":\"https:\/\/www.care-platform.eu\/index.php\/pl\/2024\/06\/03\/warsztaty-ceramiczne-care-nowa-sciezka-rozwoju-dla-mlodziezy-z-niepelnosprawnoscia-wzrokowa-w-europie-odkryjmy-niezliczone-korzysci\/\",\"name\":\"Warsztaty ceramiczne CARE \u2013 nowa \u015bcie\u017cka rozwoju dla m\u0142odzie\u017cy z niepe\u0142nosprawno\u015bci\u0105 wzrokow\u0105 w Europie. Odkryjmy niezliczone korzy\u015bci! - C.A.R.E.\",\"isPartOf\":{\"@id\":\"https:\/\/www.care-platform.eu\/#website\"},\"primaryImageOfPage\":{\"@id\":\"https:\/\/www.care-platform.eu\/index.php\/pl\/2024\/06\/03\/warsztaty-ceramiczne-care-nowa-sciezka-rozwoju-dla-mlodziezy-z-niepelnosprawnoscia-wzrokowa-w-europie-odkryjmy-niezliczone-korzysci\/#primaryimage\"},\"image\":{\"@id\":\"https:\/\/www.care-platform.eu\/index.php\/pl\/2024\/06\/03\/warsztaty-ceramiczne-care-nowa-sciezka-rozwoju-dla-mlodziezy-z-niepelnosprawnoscia-wzrokowa-w-europie-odkryjmy-niezliczone-korzysci\/#primaryimage\"},\"thumbnailUrl\":\"http:\/\/www.care-platform.eu\/wp-content\/uploads\/2025\/08\/Picture1-225x300.jpg\",\"datePublished\":\"2024-06-03T09:40:08+00:00\",\"dateModified\":\"2025-08-02T09:42:20+00:00\",\"breadcrumb\":{\"@id\":\"https:\/\/www.care-platform.eu\/index.php\/pl\/2024\/06\/03\/warsztaty-ceramiczne-care-nowa-sciezka-rozwoju-dla-mlodziezy-z-niepelnosprawnoscia-wzrokowa-w-europie-odkryjmy-niezliczone-korzysci\/#breadcrumb\"},\"inLanguage\":\"en-US\",\"potentialAction\":[{\"@type\":\"ReadAction\",\"target\":[\"https:\/\/www.care-platform.eu\/index.php\/pl\/2024\/06\/03\/warsztaty-ceramiczne-care-nowa-sciezka-rozwoju-dla-mlodziezy-z-niepelnosprawnoscia-wzrokowa-w-europie-odkryjmy-niezliczone-korzysci\/\"]}]},{\"@type\":\"ImageObject\",\"inLanguage\":\"en-US\",\"@id\":\"https:\/\/www.care-platform.eu\/index.php\/pl\/2024\/06\/03\/warsztaty-ceramiczne-care-nowa-sciezka-rozwoju-dla-mlodziezy-z-niepelnosprawnoscia-wzrokowa-w-europie-odkryjmy-niezliczone-korzysci\/#primaryimage\",\"url\":\"https:\/\/www.care-platform.eu\/wp-content\/uploads\/2025\/08\/Picture1.jpg\",\"contentUrl\":\"https:\/\/www.care-platform.eu\/wp-content\/uploads\/2025\/08\/Picture1.jpg\",\"width\":579,\"height\":772},{\"@type\":\"BreadcrumbList\",\"@id\":\"https:\/\/www.care-platform.eu\/index.php\/pl\/2024\/06\/03\/warsztaty-ceramiczne-care-nowa-sciezka-rozwoju-dla-mlodziezy-z-niepelnosprawnoscia-wzrokowa-w-europie-odkryjmy-niezliczone-korzysci\/#breadcrumb\",\"itemListElement\":[{\"@type\":\"ListItem\",\"position\":1,\"name\":\"Home\",\"item\":\"https:\/\/www.care-platform.eu\/\"},{\"@type\":\"ListItem\",\"position\":2,\"name\":\"Warsztaty ceramiczne CARE \u2013 nowa \u015bcie\u017cka rozwoju dla m\u0142odzie\u017cy z niepe\u0142nosprawno\u015bci\u0105 wzrokow\u0105 w Europie. Odkryjmy niezliczone korzy\u015bci!\"}]},{\"@type\":\"WebSite\",\"@id\":\"https:\/\/www.care-platform.eu\/#website\",\"url\":\"https:\/\/www.care-platform.eu\/\",\"name\":\"C.A.R.E.\",\"description\":\"\",\"publisher\":{\"@id\":\"https:\/\/www.care-platform.eu\/#organization\"},\"potentialAction\":[{\"@type\":\"SearchAction\",\"target\":{\"@type\":\"EntryPoint\",\"urlTemplate\":\"https:\/\/www.care-platform.eu\/?s={search_term_string}\"},\"query-input\":{\"@type\":\"PropertyValueSpecification\",\"valueRequired\":true,\"valueName\":\"search_term_string\"}}],\"inLanguage\":\"en-US\"},{\"@type\":\"Organization\",\"@id\":\"https:\/\/www.care-platform.eu\/#organization\",\"name\":\"C.A.R.E.\",\"url\":\"https:\/\/www.care-platform.eu\/\",\"logo\":{\"@type\":\"ImageObject\",\"inLanguage\":\"en-US\",\"@id\":\"https:\/\/www.care-platform.eu\/#\/schema\/logo\/image\/\",\"url\":\"https:\/\/www.care-platform.eu\/wp-content\/uploads\/2023\/04\/cropped-cropped-logo-1-1.png\",\"contentUrl\":\"https:\/\/www.care-platform.eu\/wp-content\/uploads\/2023\/04\/cropped-cropped-logo-1-1.png\",\"width\":127,\"height\":153,\"caption\":\"C.A.R.E.\"},\"image\":{\"@id\":\"https:\/\/www.care-platform.eu\/#\/schema\/logo\/image\/\"}},{\"@type\":\"Person\",\"@id\":\"https:\/\/www.care-platform.eu\/#\/schema\/person\/290df17b1298613ab5025d8b3f4de953\",\"name\":\"admin\",\"image\":{\"@type\":\"ImageObject\",\"inLanguage\":\"en-US\",\"@id\":\"https:\/\/www.care-platform.eu\/#\/schema\/person\/image\/\",\"url\":\"https:\/\/secure.gravatar.com\/avatar\/6a10196b803b7bcbcadb30b586c5b2a3841013d254b8676359791fac2b00b403?s=96&d=mm&r=g\",\"contentUrl\":\"https:\/\/secure.gravatar.com\/avatar\/6a10196b803b7bcbcadb30b586c5b2a3841013d254b8676359791fac2b00b403?s=96&d=mm&r=g\",\"caption\":\"admin\"},\"sameAs\":[\"http:\/\/32903897134170577.blog.com.gr\"],\"url\":\"https:\/\/www.care-platform.eu\/index.php\/author\/tourniss_sq4t7cxk\/\"}]}<\/script>\n<!-- \/ Yoast SEO plugin. -->","yoast_head_json":{"title":"Warsztaty ceramiczne CARE \u2013 nowa \u015bcie\u017cka rozwoju dla m\u0142odzie\u017cy z niepe\u0142nosprawno\u015bci\u0105 wzrokow\u0105 w Europie. Odkryjmy niezliczone korzy\u015bci! - C.A.R.E.","robots":{"index":"index","follow":"follow","max-snippet":"max-snippet:-1","max-image-preview":"max-image-preview:large","max-video-preview":"max-video-preview:-1"},"canonical":"https:\/\/www.care-platform.eu\/index.php\/pl\/2024\/06\/03\/warsztaty-ceramiczne-care-nowa-sciezka-rozwoju-dla-mlodziezy-z-niepelnosprawnoscia-wzrokowa-w-europie-odkryjmy-niezliczone-korzysci\/","og_locale":"en_US","og_type":"article","og_title":"Warsztaty ceramiczne CARE \u2013 nowa \u015bcie\u017cka rozwoju dla m\u0142odzie\u017cy z niepe\u0142nosprawno\u015bci\u0105 wzrokow\u0105 w Europie. Odkryjmy niezliczone korzy\u015bci! - C.A.R.E.","og_description":"Warsztaty ceramiczne organizowane w ramach projektu CARE \u2013 Zwi\u0119kszanie poczucia w\u0142asnej warto\u015bci i\u00a0szans na\u00a0zatrudnienie os\u00f3b z\u00a0niepe\u0142nosprawno\u015bci\u0105 wzrokow\u0105 poprzez kszta\u0142towanie ich kompetencji psychomotorycznych w\u00a0pracy z\u00a0ceramik\u0105 odnosz\u0105 ogromny sukces w\u015br\u00f3d m\u0142odych os\u00f3b z niepe\u0142nosprawno\u015bci\u0105 wzrokow\u0105 w W\u0142oszech, Grecji, na Cyprze, w Polsce i Irlandii. To nie tylko wyj\u0105tkowa okazja do rozwijania umiej\u0119tno\u015bci artystycznych, ale tak\u017ce realna szansa na wzmocnienie kompetencji osobistych, spo\u0142ecznych i zawodowych, a tym samym \u2013 pozycji m\u0142odych uczestnik\u00f3w w lokalnych spo\u0142eczno\u015bciach. Udzia\u0142 w warsztatach pozwala m\u0142odzie\u017cy odkrywa\u0107 swoj\u0105 sprawczo\u015b\u0107, niezale\u017cno\u015b\u0107 i budowa\u0107 pewno\u015b\u0107 siebie. Tworzenie ceramicznych dzie\u0142 wymaga koncentracji, cierpliwo\u015bci i kreatywno\u015bci \u2013 cech, kt\u00f3re uczestnicy ucz\u0105 si\u0119 rozwija\u0107 i docenia\u0107. Proces tw\u00f3rczy staje si\u0119 przestrzeni\u0105 refleksji, wyra\u017cania emocji i rozwoju osobistego. Warsztaty prowadzone s\u0105 w duchu wsp\u00f3\u0142pracy \u2013 uczestnicy dziel\u0105 si\u0119 pomys\u0142ami, wspieraj\u0105 nawzajem i ucz\u0105 si\u0119 pracy zespo\u0142owej. To buduje poczucie wsp\u00f3lnoty i przynale\u017cno\u015bci, kt\u00f3re s\u0105 kluczowe dla dobrostanu emocjonalnego i spo\u0142ecznego. Jednym z najbardziej innowacyjnych element\u00f3w warsztat\u00f3w CARE jest \u015bwiadome podej\u015bcie do ergonomii i postawy cia\u0142a. Praca z glin\u0105 wymaga odpowiednich ruch\u00f3w i pozycji, co sprzyja lepszej koordynacji, \u015bwiadomo\u015bci cia\u0142a i poprawie zdrowia fizycznego. Uczestnicy rozwijaj\u0105 r\u00f3wnie\u017c zaawansowane zdolno\u015bci manualne, kt\u00f3re mog\u0105 mie\u0107 znaczenie tak\u017ce w kontek\u015bcie zawodowym. Ceramika to tak\u017ce forma sztuki, kt\u00f3ra oferuje niezwyk\u0142\u0105 swobod\u0119 ekspresji. W ramach CARE m\u0142odzi ludzie mog\u0105 rozwija\u0107 wyobra\u017ani\u0119, realizowa\u0107 swoje pomys\u0142y i tworzy\u0107 unikatowe, osobiste dzie\u0142a sztuki. Ka\u017cdy uko\u0144czony przedmiot to pow\u00f3d do dumy, symbol indywidualnego sukcesu \u2013 a ju\u017c wkr\u00f3tce b\u0119dzie mo\u017cna je zobaczy\u0107 podczas publicznych wystaw organizowanych w krajach partnerskich. Te warsztaty to nie tylko przestrze\u0144 nauki i rozwoju, ale te\u017c platforma do zaprezentowania talentu, kreatywno\u015bci i potencja\u0142u m\u0142odzie\u017cy z niepe\u0142nosprawno\u015bci\u0105 wzrokow\u0105. Publiczne wystawy b\u0119d\u0105 nie tylko \u015bwi\u0119tem ich osi\u0105gni\u0119\u0107, ale r\u00f3wnie\u017c sposobem na zwi\u0119kszenie \u015bwiadomo\u015bci spo\u0142ecznej na temat w\u0142\u0105czenia i r\u00f3\u017cnorodno\u015bci.","og_url":"https:\/\/www.care-platform.eu\/index.php\/pl\/2024\/06\/03\/warsztaty-ceramiczne-care-nowa-sciezka-rozwoju-dla-mlodziezy-z-niepelnosprawnoscia-wzrokowa-w-europie-odkryjmy-niezliczone-korzysci\/","og_site_name":"C.A.R.E.","article_published_time":"2024-06-03T09:40:08+00:00","article_modified_time":"2025-08-02T09:42:20+00:00","og_image":[{"width":579,"height":772,"url":"https:\/\/www.care-platform.eu\/wp-content\/uploads\/2025\/08\/Picture1.jpg","type":"image\/jpeg"}],"author":"admin","twitter_card":"summary_large_image","twitter_misc":{"Written by":"admin","Est. reading time":"2 minutes"},"schema":{"@context":"https:\/\/schema.org","@graph":[{"@type":"Article","@id":"https:\/\/www.care-platform.eu\/index.php\/pl\/2024\/06\/03\/warsztaty-ceramiczne-care-nowa-sciezka-rozwoju-dla-mlodziezy-z-niepelnosprawnoscia-wzrokowa-w-europie-odkryjmy-niezliczone-korzysci\/#article","isPartOf":{"@id":"https:\/\/www.care-platform.eu\/index.php\/pl\/2024\/06\/03\/warsztaty-ceramiczne-care-nowa-sciezka-rozwoju-dla-mlodziezy-z-niepelnosprawnoscia-wzrokowa-w-europie-odkryjmy-niezliczone-korzysci\/"},"author":{"name":"admin","@id":"https:\/\/www.care-platform.eu\/#\/schema\/person\/290df17b1298613ab5025d8b3f4de953"},"headline":"Warsztaty ceramiczne CARE \u2013 nowa \u015bcie\u017cka rozwoju dla m\u0142odzie\u017cy z niepe\u0142nosprawno\u015bci\u0105 wzrokow\u0105 w Europie. Odkryjmy niezliczone korzy\u015bci!","datePublished":"2024-06-03T09:40:08+00:00","dateModified":"2025-08-02T09:42:20+00:00","mainEntityOfPage":{"@id":"https:\/\/www.care-platform.eu\/index.php\/pl\/2024\/06\/03\/warsztaty-ceramiczne-care-nowa-sciezka-rozwoju-dla-mlodziezy-z-niepelnosprawnoscia-wzrokowa-w-europie-odkryjmy-niezliczone-korzysci\/"},"wordCount":387,"commentCount":0,"publisher":{"@id":"https:\/\/www.care-platform.eu\/#organization"},"image":{"@id":"https:\/\/www.care-platform.eu\/index.php\/pl\/2024\/06\/03\/warsztaty-ceramiczne-care-nowa-sciezka-rozwoju-dla-mlodziezy-z-niepelnosprawnoscia-wzrokowa-w-europie-odkryjmy-niezliczone-korzysci\/#primaryimage"},"thumbnailUrl":"http:\/\/www.care-platform.eu\/wp-content\/uploads\/2025\/08\/Picture1-225x300.jpg","inLanguage":"en-US","potentialAction":[{"@type":"CommentAction","name":"Comment","target":["https:\/\/www.care-platform.eu\/index.php\/pl\/2024\/06\/03\/warsztaty-ceramiczne-care-nowa-sciezka-rozwoju-dla-mlodziezy-z-niepelnosprawnoscia-wzrokowa-w-europie-odkryjmy-niezliczone-korzysci\/#respond"]}]},{"@type":"WebPage","@id":"https:\/\/www.care-platform.eu\/index.php\/pl\/2024\/06\/03\/warsztaty-ceramiczne-care-nowa-sciezka-rozwoju-dla-mlodziezy-z-niepelnosprawnoscia-wzrokowa-w-europie-odkryjmy-niezliczone-korzysci\/","url":"https:\/\/www.care-platform.eu\/index.php\/pl\/2024\/06\/03\/warsztaty-ceramiczne-care-nowa-sciezka-rozwoju-dla-mlodziezy-z-niepelnosprawnoscia-wzrokowa-w-europie-odkryjmy-niezliczone-korzysci\/","name":"Warsztaty ceramiczne CARE \u2013 nowa \u015bcie\u017cka rozwoju dla m\u0142odzie\u017cy z niepe\u0142nosprawno\u015bci\u0105 wzrokow\u0105 w Europie. Odkryjmy niezliczone korzy\u015bci! - C.A.R.E.","isPartOf":{"@id":"https:\/\/www.care-platform.eu\/#website"},"primaryImageOfPage":{"@id":"https:\/\/www.care-platform.eu\/index.php\/pl\/2024\/06\/03\/warsztaty-ceramiczne-care-nowa-sciezka-rozwoju-dla-mlodziezy-z-niepelnosprawnoscia-wzrokowa-w-europie-odkryjmy-niezliczone-korzysci\/#primaryimage"},"image":{"@id":"https:\/\/www.care-platform.eu\/index.php\/pl\/2024\/06\/03\/warsztaty-ceramiczne-care-nowa-sciezka-rozwoju-dla-mlodziezy-z-niepelnosprawnoscia-wzrokowa-w-europie-odkryjmy-niezliczone-korzysci\/#primaryimage"},"thumbnailUrl":"http:\/\/www.care-platform.eu\/wp-content\/uploads\/2025\/08\/Picture1-225x300.jpg","datePublished":"2024-06-03T09:40:08+00:00","dateModified":"2025-08-02T09:42:20+00:00","breadcrumb":{"@id":"https:\/\/www.care-platform.eu\/index.php\/pl\/2024\/06\/03\/warsztaty-ceramiczne-care-nowa-sciezka-rozwoju-dla-mlodziezy-z-niepelnosprawnoscia-wzrokowa-w-europie-odkryjmy-niezliczone-korzysci\/#breadcrumb"},"inLanguage":"en-US","potentialAction":[{"@type":"ReadAction","target":["https:\/\/www.care-platform.eu\/index.php\/pl\/2024\/06\/03\/warsztaty-ceramiczne-care-nowa-sciezka-rozwoju-dla-mlodziezy-z-niepelnosprawnoscia-wzrokowa-w-europie-odkryjmy-niezliczone-korzysci\/"]}]},{"@type":"ImageObject","inLanguage":"en-US","@id":"https:\/\/www.care-platform.eu\/index.php\/pl\/2024\/06\/03\/warsztaty-ceramiczne-care-nowa-sciezka-rozwoju-dla-mlodziezy-z-niepelnosprawnoscia-wzrokowa-w-europie-odkryjmy-niezliczone-korzysci\/#primaryimage","url":"https:\/\/www.care-platform.eu\/wp-content\/uploads\/2025\/08\/Picture1.jpg","contentUrl":"https:\/\/www.care-platform.eu\/wp-content\/uploads\/2025\/08\/Picture1.jpg","width":579,"height":772},{"@type":"BreadcrumbList","@id":"https:\/\/www.care-platform.eu\/index.php\/pl\/2024\/06\/03\/warsztaty-ceramiczne-care-nowa-sciezka-rozwoju-dla-mlodziezy-z-niepelnosprawnoscia-wzrokowa-w-europie-odkryjmy-niezliczone-korzysci\/#breadcrumb","itemListElement":[{"@type":"ListItem","position":1,"name":"Home","item":"https:\/\/www.care-platform.eu\/"},{"@type":"ListItem","position":2,"name":"Warsztaty ceramiczne CARE \u2013 nowa \u015bcie\u017cka rozwoju dla m\u0142odzie\u017cy z niepe\u0142nosprawno\u015bci\u0105 wzrokow\u0105 w Europie. Odkryjmy niezliczone korzy\u015bci!"}]},{"@type":"WebSite","@id":"https:\/\/www.care-platform.eu\/#website","url":"https:\/\/www.care-platform.eu\/","name":"C.A.R.E.","description":"","publisher":{"@id":"https:\/\/www.care-platform.eu\/#organization"},"potentialAction":[{"@type":"SearchAction","target":{"@type":"EntryPoint","urlTemplate":"https:\/\/www.care-platform.eu\/?s={search_term_string}"},"query-input":{"@type":"PropertyValueSpecification","valueRequired":true,"valueName":"search_term_string"}}],"inLanguage":"en-US"},{"@type":"Organization","@id":"https:\/\/www.care-platform.eu\/#organization","name":"C.A.R.E.","url":"https:\/\/www.care-platform.eu\/","logo":{"@type":"ImageObject","inLanguage":"en-US","@id":"https:\/\/www.care-platform.eu\/#\/schema\/logo\/image\/","url":"https:\/\/www.care-platform.eu\/wp-content\/uploads\/2023\/04\/cropped-cropped-logo-1-1.png","contentUrl":"https:\/\/www.care-platform.eu\/wp-content\/uploads\/2023\/04\/cropped-cropped-logo-1-1.png","width":127,"height":153,"caption":"C.A.R.E."},"image":{"@id":"https:\/\/www.care-platform.eu\/#\/schema\/logo\/image\/"}},{"@type":"Person","@id":"https:\/\/www.care-platform.eu\/#\/schema\/person\/290df17b1298613ab5025d8b3f4de953","name":"admin","image":{"@type":"ImageObject","inLanguage":"en-US","@id":"https:\/\/www.care-platform.eu\/#\/schema\/person\/image\/","url":"https:\/\/secure.gravatar.com\/avatar\/6a10196b803b7bcbcadb30b586c5b2a3841013d254b8676359791fac2b00b403?s=96&d=mm&r=g","contentUrl":"https:\/\/secure.gravatar.com\/avatar\/6a10196b803b7bcbcadb30b586c5b2a3841013d254b8676359791fac2b00b403?s=96&d=mm&r=g","caption":"admin"},"sameAs":["http:\/\/32903897134170577.blog.com.gr"],"url":"https:\/\/www.care-platform.eu\/index.php\/author\/tourniss_sq4t7cxk\/"}]}},"_links":{"self":[{"href":"https:\/\/www.care-platform.eu\/index.php\/wp-json\/wp\/v2\/posts\/3701","targetHints":{"allow":["GET"]}}],"collection":[{"href":"https:\/\/www.care-platform.eu\/index.php\/wp-json\/wp\/v2\/posts"}],"about":[{"href":"https:\/\/www.care-platform.eu\/index.php\/wp-json\/wp\/v2\/types\/post"}],"author":[{"embeddable":true,"href":"https:\/\/www.care-platform.eu\/index.php\/wp-json\/wp\/v2\/users\/1"}],"replies":[{"embeddable":true,"href":"https:\/\/www.care-platform.eu\/index.php\/wp-json\/wp\/v2\/comments?post=3701"}],"version-history":[{"count":1,"href":"https:\/\/www.care-platform.eu\/index.php\/wp-json\/wp\/v2\/posts\/3701\/revisions"}],"predecessor-version":[{"id":3702,"href":"https:\/\/www.care-platform.eu\/index.php\/wp-json\/wp\/v2\/posts\/3701\/revisions\/3702"}],"wp:attachment":[{"href":"https:\/\/www.care-platform.eu\/index.php\/wp-json\/wp\/v2\/media?parent=3701"}],"wp:term":[{"taxonomy":"category","embeddable":true,"href":"https:\/\/www.care-platform.eu\/index.php\/wp-json\/wp\/v2\/categories?post=3701"},{"taxonomy":"post_tag","embeddable":true,"href":"https:\/\/www.care-platform.eu\/index.php\/wp-json\/wp\/v2\/tags?post=3701"}],"curies":[{"name":"wp","href":"https:\/\/api.w.org\/{rel}","templated":true}]}}