{"id":3703,"date":"2024-05-23T09:43:25","date_gmt":"2024-05-23T09:43:25","guid":{"rendered":"https:\/\/www.care-platform.eu\/?p=3703"},"modified":"2025-08-02T09:45:40","modified_gmt":"2025-08-02T09:45:40","slug":"wzmacnianie-poczucia-wlasnej-wartosci-dzieki-kursowi-ceramicznemu-erasmus","status":"publish","type":"post","link":"https:\/\/www.care-platform.eu\/index.php\/pl\/2024\/05\/23\/wzmacnianie-poczucia-wlasnej-wartosci-dzieki-kursowi-ceramicznemu-erasmus\/","title":{"rendered":"Wzmacnianie poczucia w\u0142asnej warto\u015bci dzi\u0119ki kursowi ceramicznemu Erasmus+"},"content":{"rendered":"<p><em>Projekt CARE w Ierfop \u2013 tw\u00f3rcza przygoda dziesi\u0119ciorga m\u0142odych os\u00f3b z niepe\u0142nosprawno\u015bci\u0105 wzrokow\u0105 trwa!<\/em><\/p>\n<p><em>Od gliny do ceramiki \u2013 pod czujnym okiem mistrza Nanniego Pulliego, dzie\u0142a dziesi\u0119ciorga uczestnik\u00f3w kursu Erasmus+ CARE stopniowo nabieraj\u0105 kszta\u0142tu. Ka\u017cdy wykonany przedmiot opowiada swoj\u0105 histori\u0119, staj\u0105c si\u0119 symbolem zar\u00f3wno indywidualno\u015bci tw\u00f3rcy, jak i uniwersalnego przes\u0142ania projektu CARE o w\u0142\u0105czeniu spo\u0142ecznym i odporno\u015bci.<\/em><\/p>\n<p><em>W\u015br\u00f3d prac mo\u017cna znale\u017a\u0107 zegary z wizerunkiem Sardynii, kubki z has\u0142ami o dost\u0119pno\u015bci, ma\u0142e nuragi, flagi z Czterema Maurami, a tak\u017ce feniksy i motyle \u2013 symbole odrodzenia i si\u0142y w pokonywaniu trudno\u015bci.<\/em><\/p>\n<p><em>Po etapie szkliwienia i wypalania prace zostan\u0105 poddane krystalizacji, co nada im wyj\u0105tkowy po\u0142ysk i zamieni surow\u0105 glin\u0119 w trwa\u0142\u0105 ceramik\u0119.<\/em><\/p>\n<p><strong><em>Wzmacnianie poczucia w\u0142asnej warto\u015bci, sprawno\u015bci manualnej i percepcji<\/em><\/strong><\/p>\n<p><em>Warsztaty by\u0142y nie tylko do\u015bwiadczeniem edukacyjnym, w trakcie, kt\u00f3rego uczestnicy opanowali techniki pracy z glin\u0105, ale r\u00f3wnie\u017c wa\u017cnym do\u015bwiadczeniem spo\u0142ecznym i buduj\u0105cym \u015bwiadomo\u015b\u0107.<\/em><\/p>\n<p><em>Pod opiek\u0105 mistrza Pulliego oraz zespo\u0142u tutor\u00f3w z Ierfop \u2013 Claudii Serry, Alessii Cannas i Franceski Vargiolu \u2013 uczestnicy stworzyli unikatowe, pe\u0142ne artystycznej warto\u015bci dzie\u0142a. <\/em><\/p>\n<p><em>Praca z glin\u0105 i malowanie pomog\u0142y im rozwin\u0105\u0107 sprawno\u015b\u0107 manualn\u0105, wyczucie przestrzeni oraz zwi\u0119kszy\u0107 pewno\u015b\u0107 siebie. Dodatkowo wsp\u00f3lna praca w przestrzeni warsztatowej sprzyja\u0142a integracji \u2013 m\u0142odzie\u017c lepiej si\u0119 pozna\u0142a, nawi\u0105za\u0142a relacje oparte na wzajemnym szacunku i wsparciu.<\/em><\/p>\n<p><em>Projekt b\u0119dzie kontynuowany w czerwcu podczas kolejnych zaj\u0119\u0107 stacjonarnych w siedzibie Ierfop w Cagliari via Platone 1\/3. Tym razem uczestnicy skupi\u0105 si\u0119 na rozwoju przedsi\u0119biorczo\u015bci. Fina\u0142em dzia\u0142a\u0144 b\u0119dzie spotkanie mi\u0119dzynarodowe w pa\u017adzierniku, podczas kt\u00f3rego uczestnicy z r\u00f3\u017cnych kraj\u00f3w stworz\u0105 wsp\u00f3lne dzie\u0142o, kt\u00f3re zostanie zaprezentowane w sta\u0142ej ekspozycji w Cagliari.<\/em><\/p>\n<p><img fetchpriority=\"high\" decoding=\"async\" class=\"aligncenter wp-image-3601\" src=\"http:\/\/www.care-platform.eu\/wp-content\/uploads\/2025\/08\/Picture5-169x300.jpg\" alt=\"\" width=\"520\" height=\"923\" srcset=\"https:\/\/www.care-platform.eu\/wp-content\/uploads\/2025\/08\/Picture5-169x300.jpg 169w, https:\/\/www.care-platform.eu\/wp-content\/uploads\/2025\/08\/Picture5-577x1024.jpg 577w, https:\/\/www.care-platform.eu\/wp-content\/uploads\/2025\/08\/Picture5-768x1363.jpg 768w, https:\/\/www.care-platform.eu\/wp-content\/uploads\/2025\/08\/Picture5-866x1536.jpg 866w, https:\/\/www.care-platform.eu\/wp-content\/uploads\/2025\/08\/Picture5.jpg 869w\" sizes=\"(max-width: 520px) 100vw, 520px\" \/><\/p>\n<p><img decoding=\"async\" class=\"aligncenter wp-image-3600\" src=\"http:\/\/www.care-platform.eu\/wp-content\/uploads\/2025\/08\/Picture6-169x300.jpg\" alt=\"\" width=\"520\" height=\"923\" srcset=\"https:\/\/www.care-platform.eu\/wp-content\/uploads\/2025\/08\/Picture6-169x300.jpg 169w, https:\/\/www.care-platform.eu\/wp-content\/uploads\/2025\/08\/Picture6-577x1024.jpg 577w, https:\/\/www.care-platform.eu\/wp-content\/uploads\/2025\/08\/Picture6-768x1363.jpg 768w, https:\/\/www.care-platform.eu\/wp-content\/uploads\/2025\/08\/Picture6-865x1536.jpg 865w, https:\/\/www.care-platform.eu\/wp-content\/uploads\/2025\/08\/Picture6.jpg 1075w\" sizes=\"(max-width: 520px) 100vw, 520px\" \/><\/p>\n<p><img decoding=\"async\" class=\"aligncenter wp-image-3599\" src=\"http:\/\/www.care-platform.eu\/wp-content\/uploads\/2025\/08\/Picture7-213x300.jpg\" alt=\"\" width=\"520\" height=\"732\" srcset=\"https:\/\/www.care-platform.eu\/wp-content\/uploads\/2025\/08\/Picture7-213x300.jpg 213w, https:\/\/www.care-platform.eu\/wp-content\/uploads\/2025\/08\/Picture7-728x1024.jpg 728w, https:\/\/www.care-platform.eu\/wp-content\/uploads\/2025\/08\/Picture7-768x1081.jpg 768w, https:\/\/www.care-platform.eu\/wp-content\/uploads\/2025\/08\/Picture7-1091x1536.jpg 1091w, https:\/\/www.care-platform.eu\/wp-content\/uploads\/2025\/08\/Picture7.jpg 1348w\" sizes=\"(max-width: 520px) 100vw, 520px\" \/><\/p>\n","protected":false},"excerpt":{"rendered":"<p>Projekt CARE w Ierfop \u2013 tw\u00f3rcza przygoda dziesi\u0119ciorga m\u0142odych os\u00f3b z niepe\u0142nosprawno\u015bci\u0105 wzrokow\u0105 trwa! Od gliny do ceramiki \u2013 pod czujnym okiem mistrza Nanniego Pulliego, dzie\u0142a dziesi\u0119ciorga uczestnik\u00f3w kursu Erasmus+ CARE stopniowo nabieraj\u0105 kszta\u0142tu. Ka\u017cdy wykonany przedmiot opowiada swoj\u0105 histori\u0119, staj\u0105c si\u0119 symbolem zar\u00f3wno indywidualno\u015bci tw\u00f3rcy, jak i uniwersalnego przes\u0142ania projektu CARE o w\u0142\u0105czeniu spo\u0142ecznym i odporno\u015bci. W\u015br\u00f3d prac mo\u017cna znale\u017a\u0107 zegary z wizerunkiem Sardynii, kubki z has\u0142ami o dost\u0119pno\u015bci, ma\u0142e nuragi, flagi z Czterema Maurami, a tak\u017ce feniksy i motyle \u2013 symbole odrodzenia i si\u0142y w pokonywaniu trudno\u015bci. Po etapie szkliwienia i wypalania prace zostan\u0105 poddane krystalizacji, co nada im wyj\u0105tkowy po\u0142ysk i zamieni surow\u0105 glin\u0119 w trwa\u0142\u0105 ceramik\u0119. Wzmacnianie poczucia w\u0142asnej warto\u015bci, sprawno\u015bci manualnej i percepcji Warsztaty by\u0142y nie tylko do\u015bwiadczeniem edukacyjnym, w trakcie, kt\u00f3rego uczestnicy opanowali techniki pracy z glin\u0105, ale r\u00f3wnie\u017c wa\u017cnym do\u015bwiadczeniem spo\u0142ecznym i buduj\u0105cym \u015bwiadomo\u015b\u0107. Pod opiek\u0105 mistrza Pulliego oraz zespo\u0142u tutor\u00f3w z Ierfop \u2013 Claudii Serry, Alessii Cannas i Franceski Vargiolu \u2013 uczestnicy stworzyli unikatowe, pe\u0142ne artystycznej warto\u015bci dzie\u0142a. Praca z glin\u0105 i malowanie pomog\u0142y im rozwin\u0105\u0107 sprawno\u015b\u0107 manualn\u0105, wyczucie przestrzeni oraz zwi\u0119kszy\u0107 pewno\u015b\u0107 siebie. Dodatkowo wsp\u00f3lna praca w przestrzeni warsztatowej sprzyja\u0142a integracji \u2013 m\u0142odzie\u017c lepiej si\u0119 pozna\u0142a, nawi\u0105za\u0142a relacje oparte na wzajemnym szacunku i wsparciu. Projekt b\u0119dzie kontynuowany w czerwcu podczas kolejnych zaj\u0119\u0107 stacjonarnych w siedzibie Ierfop w Cagliari via Platone 1\/3. Tym razem uczestnicy skupi\u0105 si\u0119 na rozwoju przedsi\u0119biorczo\u015bci. Fina\u0142em dzia\u0142a\u0144 b\u0119dzie spotkanie mi\u0119dzynarodowe w pa\u017adzierniku, podczas kt\u00f3rego uczestnicy z r\u00f3\u017cnych kraj\u00f3w stworz\u0105 wsp\u00f3lne dzie\u0142o, kt\u00f3re zostanie zaprezentowane w sta\u0142ej ekspozycji w Cagliari.<\/p>\n","protected":false},"author":1,"featured_media":0,"comment_status":"open","ping_status":"open","sticky":false,"template":"","format":"standard","meta":{"_exactmetrics_skip_tracking":false,"_exactmetrics_sitenote_active":false,"_exactmetrics_sitenote_note":"","_exactmetrics_sitenote_category":0,"_monsterinsights_skip_tracking":false,"_monsterinsights_sitenote_active":false,"_monsterinsights_sitenote_note":"","_monsterinsights_sitenote_category":0,"site-sidebar-layout":"default","site-content-layout":"","ast-site-content-layout":"default","site-content-style":"default","site-sidebar-style":"default","ast-global-header-display":"","ast-banner-title-visibility":"","ast-main-header-display":"","ast-hfb-above-header-display":"","ast-hfb-below-header-display":"","ast-hfb-mobile-header-display":"","site-post-title":"","ast-breadcrumbs-content":"","ast-featured-img":"","footer-sml-layout":"","theme-transparent-header-meta":"default","adv-header-id-meta":"","stick-header-meta":"","header-above-stick-meta":"","header-main-stick-meta":"","header-below-stick-meta":"","astra-migrate-meta-layouts":"set","ast-page-background-enabled":"default","ast-page-background-meta":{"desktop":{"background-color":"var(--ast-global-color-4)","background-image":"","background-repeat":"repeat","background-position":"center center","background-size":"auto","background-attachment":"scroll","background-type":"","background-media":"","overlay-type":"","overlay-color":"","overlay-opacity":"","overlay-gradient":""},"tablet":{"background-color":"","background-image":"","background-repeat":"repeat","background-position":"center center","background-size":"auto","background-attachment":"scroll","background-type":"","background-media":"","overlay-type":"","overlay-color":"","overlay-opacity":"","overlay-gradient":""},"mobile":{"background-color":"","background-image":"","background-repeat":"repeat","background-position":"center center","background-size":"auto","background-attachment":"scroll","background-type":"","background-media":"","overlay-type":"","overlay-color":"","overlay-opacity":"","overlay-gradient":""}},"ast-content-background-meta":{"desktop":{"background-color":"var(--ast-global-color-5)","background-image":"","background-repeat":"repeat","background-position":"center center","background-size":"auto","background-attachment":"scroll","background-type":"","background-media":"","overlay-type":"","overlay-color":"","overlay-opacity":"","overlay-gradient":""},"tablet":{"background-color":"var(--ast-global-color-5)","background-image":"","background-repeat":"repeat","background-position":"center center","background-size":"auto","background-attachment":"scroll","background-type":"","background-media":"","overlay-type":"","overlay-color":"","overlay-opacity":"","overlay-gradient":""},"mobile":{"background-color":"var(--ast-global-color-5)","background-image":"","background-repeat":"repeat","background-position":"center center","background-size":"auto","background-attachment":"scroll","background-type":"","background-media":"","overlay-type":"","overlay-color":"","overlay-opacity":"","overlay-gradient":""}},"footnotes":""},"categories":[20],"tags":[],"class_list":["post-3703","post","type-post","status-publish","format-standard","hentry","category-uncategorized-pl"],"yoast_head":"<!-- This site is optimized with the Yoast SEO plugin v25.5 - https:\/\/yoast.com\/wordpress\/plugins\/seo\/ -->\n<title>Wzmacnianie poczucia w\u0142asnej warto\u015bci dzi\u0119ki kursowi ceramicznemu Erasmus+ - C.A.R.E.<\/title>\n<meta name=\"robots\" content=\"index, follow, max-snippet:-1, max-image-preview:large, max-video-preview:-1\" \/>\n<link rel=\"canonical\" href=\"https:\/\/www.care-platform.eu\/index.php\/pl\/2024\/05\/23\/wzmacnianie-poczucia-wlasnej-wartosci-dzieki-kursowi-ceramicznemu-erasmus\/\" \/>\n<meta property=\"og:locale\" content=\"en_US\" \/>\n<meta property=\"og:type\" content=\"article\" \/>\n<meta property=\"og:title\" content=\"Wzmacnianie poczucia w\u0142asnej warto\u015bci dzi\u0119ki kursowi ceramicznemu Erasmus+ - C.A.R.E.\" \/>\n<meta property=\"og:description\" content=\"Projekt CARE w Ierfop \u2013 tw\u00f3rcza przygoda dziesi\u0119ciorga m\u0142odych os\u00f3b z niepe\u0142nosprawno\u015bci\u0105 wzrokow\u0105 trwa! Od gliny do ceramiki \u2013 pod czujnym okiem mistrza Nanniego Pulliego, dzie\u0142a dziesi\u0119ciorga uczestnik\u00f3w kursu Erasmus+ CARE stopniowo nabieraj\u0105 kszta\u0142tu. Ka\u017cdy wykonany przedmiot opowiada swoj\u0105 histori\u0119, staj\u0105c si\u0119 symbolem zar\u00f3wno indywidualno\u015bci tw\u00f3rcy, jak i uniwersalnego przes\u0142ania projektu CARE o w\u0142\u0105czeniu spo\u0142ecznym i odporno\u015bci. W\u015br\u00f3d prac mo\u017cna znale\u017a\u0107 zegary z wizerunkiem Sardynii, kubki z has\u0142ami o dost\u0119pno\u015bci, ma\u0142e nuragi, flagi z Czterema Maurami, a tak\u017ce feniksy i motyle \u2013 symbole odrodzenia i si\u0142y w pokonywaniu trudno\u015bci. Po etapie szkliwienia i wypalania prace zostan\u0105 poddane krystalizacji, co nada im wyj\u0105tkowy po\u0142ysk i zamieni surow\u0105 glin\u0119 w trwa\u0142\u0105 ceramik\u0119. Wzmacnianie poczucia w\u0142asnej warto\u015bci, sprawno\u015bci manualnej i percepcji Warsztaty by\u0142y nie tylko do\u015bwiadczeniem edukacyjnym, w trakcie, kt\u00f3rego uczestnicy opanowali techniki pracy z glin\u0105, ale r\u00f3wnie\u017c wa\u017cnym do\u015bwiadczeniem spo\u0142ecznym i buduj\u0105cym \u015bwiadomo\u015b\u0107. Pod opiek\u0105 mistrza Pulliego oraz zespo\u0142u tutor\u00f3w z Ierfop \u2013 Claudii Serry, Alessii Cannas i Franceski Vargiolu \u2013 uczestnicy stworzyli unikatowe, pe\u0142ne artystycznej warto\u015bci dzie\u0142a. Praca z glin\u0105 i malowanie pomog\u0142y im rozwin\u0105\u0107 sprawno\u015b\u0107 manualn\u0105, wyczucie przestrzeni oraz zwi\u0119kszy\u0107 pewno\u015b\u0107 siebie. Dodatkowo wsp\u00f3lna praca w przestrzeni warsztatowej sprzyja\u0142a integracji \u2013 m\u0142odzie\u017c lepiej si\u0119 pozna\u0142a, nawi\u0105za\u0142a relacje oparte na wzajemnym szacunku i wsparciu. Projekt b\u0119dzie kontynuowany w czerwcu podczas kolejnych zaj\u0119\u0107 stacjonarnych w siedzibie Ierfop w Cagliari via Platone 1\/3. Tym razem uczestnicy skupi\u0105 si\u0119 na rozwoju przedsi\u0119biorczo\u015bci. Fina\u0142em dzia\u0142a\u0144 b\u0119dzie spotkanie mi\u0119dzynarodowe w pa\u017adzierniku, podczas kt\u00f3rego uczestnicy z r\u00f3\u017cnych kraj\u00f3w stworz\u0105 wsp\u00f3lne dzie\u0142o, kt\u00f3re zostanie zaprezentowane w sta\u0142ej ekspozycji w Cagliari.\" \/>\n<meta property=\"og:url\" content=\"https:\/\/www.care-platform.eu\/index.php\/pl\/2024\/05\/23\/wzmacnianie-poczucia-wlasnej-wartosci-dzieki-kursowi-ceramicznemu-erasmus\/\" \/>\n<meta property=\"og:site_name\" content=\"C.A.R.E.\" \/>\n<meta property=\"article:published_time\" content=\"2024-05-23T09:43:25+00:00\" \/>\n<meta property=\"article:modified_time\" content=\"2025-08-02T09:45:40+00:00\" \/>\n<meta property=\"og:image\" content=\"https:\/\/www.care-platform.eu\/wp-content\/uploads\/2025\/08\/Picture5.jpg\" \/>\n\t<meta property=\"og:image:width\" content=\"869\" \/>\n\t<meta property=\"og:image:height\" content=\"1542\" \/>\n\t<meta property=\"og:image:type\" content=\"image\/jpeg\" \/>\n<meta name=\"author\" content=\"admin\" \/>\n<meta name=\"twitter:card\" content=\"summary_large_image\" \/>\n<meta name=\"twitter:label1\" content=\"Written by\" \/>\n\t<meta name=\"twitter:data1\" content=\"admin\" \/>\n\t<meta name=\"twitter:label2\" content=\"Est. reading time\" \/>\n\t<meta name=\"twitter:data2\" content=\"2 minutes\" \/>\n<script type=\"application\/ld+json\" class=\"yoast-schema-graph\">{\"@context\":\"https:\/\/schema.org\",\"@graph\":[{\"@type\":\"Article\",\"@id\":\"https:\/\/www.care-platform.eu\/index.php\/pl\/2024\/05\/23\/wzmacnianie-poczucia-wlasnej-wartosci-dzieki-kursowi-ceramicznemu-erasmus\/#article\",\"isPartOf\":{\"@id\":\"https:\/\/www.care-platform.eu\/index.php\/pl\/2024\/05\/23\/wzmacnianie-poczucia-wlasnej-wartosci-dzieki-kursowi-ceramicznemu-erasmus\/\"},\"author\":{\"name\":\"admin\",\"@id\":\"https:\/\/www.care-platform.eu\/#\/schema\/person\/290df17b1298613ab5025d8b3f4de953\"},\"headline\":\"Wzmacnianie poczucia w\u0142asnej warto\u015bci dzi\u0119ki kursowi ceramicznemu Erasmus+\",\"datePublished\":\"2024-05-23T09:43:25+00:00\",\"dateModified\":\"2025-08-02T09:45:40+00:00\",\"mainEntityOfPage\":{\"@id\":\"https:\/\/www.care-platform.eu\/index.php\/pl\/2024\/05\/23\/wzmacnianie-poczucia-wlasnej-wartosci-dzieki-kursowi-ceramicznemu-erasmus\/\"},\"wordCount\":326,\"commentCount\":0,\"publisher\":{\"@id\":\"https:\/\/www.care-platform.eu\/#organization\"},\"image\":{\"@id\":\"https:\/\/www.care-platform.eu\/index.php\/pl\/2024\/05\/23\/wzmacnianie-poczucia-wlasnej-wartosci-dzieki-kursowi-ceramicznemu-erasmus\/#primaryimage\"},\"thumbnailUrl\":\"http:\/\/www.care-platform.eu\/wp-content\/uploads\/2025\/08\/Picture5-169x300.jpg\",\"inLanguage\":\"en-US\",\"potentialAction\":[{\"@type\":\"CommentAction\",\"name\":\"Comment\",\"target\":[\"https:\/\/www.care-platform.eu\/index.php\/pl\/2024\/05\/23\/wzmacnianie-poczucia-wlasnej-wartosci-dzieki-kursowi-ceramicznemu-erasmus\/#respond\"]}]},{\"@type\":\"WebPage\",\"@id\":\"https:\/\/www.care-platform.eu\/index.php\/pl\/2024\/05\/23\/wzmacnianie-poczucia-wlasnej-wartosci-dzieki-kursowi-ceramicznemu-erasmus\/\",\"url\":\"https:\/\/www.care-platform.eu\/index.php\/pl\/2024\/05\/23\/wzmacnianie-poczucia-wlasnej-wartosci-dzieki-kursowi-ceramicznemu-erasmus\/\",\"name\":\"Wzmacnianie poczucia w\u0142asnej warto\u015bci dzi\u0119ki kursowi ceramicznemu Erasmus+ - C.A.R.E.\",\"isPartOf\":{\"@id\":\"https:\/\/www.care-platform.eu\/#website\"},\"primaryImageOfPage\":{\"@id\":\"https:\/\/www.care-platform.eu\/index.php\/pl\/2024\/05\/23\/wzmacnianie-poczucia-wlasnej-wartosci-dzieki-kursowi-ceramicznemu-erasmus\/#primaryimage\"},\"image\":{\"@id\":\"https:\/\/www.care-platform.eu\/index.php\/pl\/2024\/05\/23\/wzmacnianie-poczucia-wlasnej-wartosci-dzieki-kursowi-ceramicznemu-erasmus\/#primaryimage\"},\"thumbnailUrl\":\"http:\/\/www.care-platform.eu\/wp-content\/uploads\/2025\/08\/Picture5-169x300.jpg\",\"datePublished\":\"2024-05-23T09:43:25+00:00\",\"dateModified\":\"2025-08-02T09:45:40+00:00\",\"breadcrumb\":{\"@id\":\"https:\/\/www.care-platform.eu\/index.php\/pl\/2024\/05\/23\/wzmacnianie-poczucia-wlasnej-wartosci-dzieki-kursowi-ceramicznemu-erasmus\/#breadcrumb\"},\"inLanguage\":\"en-US\",\"potentialAction\":[{\"@type\":\"ReadAction\",\"target\":[\"https:\/\/www.care-platform.eu\/index.php\/pl\/2024\/05\/23\/wzmacnianie-poczucia-wlasnej-wartosci-dzieki-kursowi-ceramicznemu-erasmus\/\"]}]},{\"@type\":\"ImageObject\",\"inLanguage\":\"en-US\",\"@id\":\"https:\/\/www.care-platform.eu\/index.php\/pl\/2024\/05\/23\/wzmacnianie-poczucia-wlasnej-wartosci-dzieki-kursowi-ceramicznemu-erasmus\/#primaryimage\",\"url\":\"https:\/\/www.care-platform.eu\/wp-content\/uploads\/2025\/08\/Picture5.jpg\",\"contentUrl\":\"https:\/\/www.care-platform.eu\/wp-content\/uploads\/2025\/08\/Picture5.jpg\",\"width\":869,\"height\":1542},{\"@type\":\"BreadcrumbList\",\"@id\":\"https:\/\/www.care-platform.eu\/index.php\/pl\/2024\/05\/23\/wzmacnianie-poczucia-wlasnej-wartosci-dzieki-kursowi-ceramicznemu-erasmus\/#breadcrumb\",\"itemListElement\":[{\"@type\":\"ListItem\",\"position\":1,\"name\":\"Home\",\"item\":\"https:\/\/www.care-platform.eu\/\"},{\"@type\":\"ListItem\",\"position\":2,\"name\":\"Wzmacnianie poczucia w\u0142asnej warto\u015bci dzi\u0119ki kursowi ceramicznemu Erasmus+\"}]},{\"@type\":\"WebSite\",\"@id\":\"https:\/\/www.care-platform.eu\/#website\",\"url\":\"https:\/\/www.care-platform.eu\/\",\"name\":\"C.A.R.E.\",\"description\":\"\",\"publisher\":{\"@id\":\"https:\/\/www.care-platform.eu\/#organization\"},\"potentialAction\":[{\"@type\":\"SearchAction\",\"target\":{\"@type\":\"EntryPoint\",\"urlTemplate\":\"https:\/\/www.care-platform.eu\/?s={search_term_string}\"},\"query-input\":{\"@type\":\"PropertyValueSpecification\",\"valueRequired\":true,\"valueName\":\"search_term_string\"}}],\"inLanguage\":\"en-US\"},{\"@type\":\"Organization\",\"@id\":\"https:\/\/www.care-platform.eu\/#organization\",\"name\":\"C.A.R.E.\",\"url\":\"https:\/\/www.care-platform.eu\/\",\"logo\":{\"@type\":\"ImageObject\",\"inLanguage\":\"en-US\",\"@id\":\"https:\/\/www.care-platform.eu\/#\/schema\/logo\/image\/\",\"url\":\"https:\/\/www.care-platform.eu\/wp-content\/uploads\/2023\/04\/cropped-cropped-logo-1-1.png\",\"contentUrl\":\"https:\/\/www.care-platform.eu\/wp-content\/uploads\/2023\/04\/cropped-cropped-logo-1-1.png\",\"width\":127,\"height\":153,\"caption\":\"C.A.R.E.\"},\"image\":{\"@id\":\"https:\/\/www.care-platform.eu\/#\/schema\/logo\/image\/\"}},{\"@type\":\"Person\",\"@id\":\"https:\/\/www.care-platform.eu\/#\/schema\/person\/290df17b1298613ab5025d8b3f4de953\",\"name\":\"admin\",\"image\":{\"@type\":\"ImageObject\",\"inLanguage\":\"en-US\",\"@id\":\"https:\/\/www.care-platform.eu\/#\/schema\/person\/image\/\",\"url\":\"https:\/\/secure.gravatar.com\/avatar\/6a10196b803b7bcbcadb30b586c5b2a3841013d254b8676359791fac2b00b403?s=96&d=mm&r=g\",\"contentUrl\":\"https:\/\/secure.gravatar.com\/avatar\/6a10196b803b7bcbcadb30b586c5b2a3841013d254b8676359791fac2b00b403?s=96&d=mm&r=g\",\"caption\":\"admin\"},\"sameAs\":[\"http:\/\/32903897134170577.blog.com.gr\"],\"url\":\"https:\/\/www.care-platform.eu\/index.php\/author\/tourniss_sq4t7cxk\/\"}]}<\/script>\n<!-- \/ Yoast SEO plugin. -->","yoast_head_json":{"title":"Wzmacnianie poczucia w\u0142asnej warto\u015bci dzi\u0119ki kursowi ceramicznemu Erasmus+ - C.A.R.E.","robots":{"index":"index","follow":"follow","max-snippet":"max-snippet:-1","max-image-preview":"max-image-preview:large","max-video-preview":"max-video-preview:-1"},"canonical":"https:\/\/www.care-platform.eu\/index.php\/pl\/2024\/05\/23\/wzmacnianie-poczucia-wlasnej-wartosci-dzieki-kursowi-ceramicznemu-erasmus\/","og_locale":"en_US","og_type":"article","og_title":"Wzmacnianie poczucia w\u0142asnej warto\u015bci dzi\u0119ki kursowi ceramicznemu Erasmus+ - C.A.R.E.","og_description":"Projekt CARE w Ierfop \u2013 tw\u00f3rcza przygoda dziesi\u0119ciorga m\u0142odych os\u00f3b z niepe\u0142nosprawno\u015bci\u0105 wzrokow\u0105 trwa! Od gliny do ceramiki \u2013 pod czujnym okiem mistrza Nanniego Pulliego, dzie\u0142a dziesi\u0119ciorga uczestnik\u00f3w kursu Erasmus+ CARE stopniowo nabieraj\u0105 kszta\u0142tu. Ka\u017cdy wykonany przedmiot opowiada swoj\u0105 histori\u0119, staj\u0105c si\u0119 symbolem zar\u00f3wno indywidualno\u015bci tw\u00f3rcy, jak i uniwersalnego przes\u0142ania projektu CARE o w\u0142\u0105czeniu spo\u0142ecznym i odporno\u015bci. W\u015br\u00f3d prac mo\u017cna znale\u017a\u0107 zegary z wizerunkiem Sardynii, kubki z has\u0142ami o dost\u0119pno\u015bci, ma\u0142e nuragi, flagi z Czterema Maurami, a tak\u017ce feniksy i motyle \u2013 symbole odrodzenia i si\u0142y w pokonywaniu trudno\u015bci. Po etapie szkliwienia i wypalania prace zostan\u0105 poddane krystalizacji, co nada im wyj\u0105tkowy po\u0142ysk i zamieni surow\u0105 glin\u0119 w trwa\u0142\u0105 ceramik\u0119. Wzmacnianie poczucia w\u0142asnej warto\u015bci, sprawno\u015bci manualnej i percepcji Warsztaty by\u0142y nie tylko do\u015bwiadczeniem edukacyjnym, w trakcie, kt\u00f3rego uczestnicy opanowali techniki pracy z glin\u0105, ale r\u00f3wnie\u017c wa\u017cnym do\u015bwiadczeniem spo\u0142ecznym i buduj\u0105cym \u015bwiadomo\u015b\u0107. Pod opiek\u0105 mistrza Pulliego oraz zespo\u0142u tutor\u00f3w z Ierfop \u2013 Claudii Serry, Alessii Cannas i Franceski Vargiolu \u2013 uczestnicy stworzyli unikatowe, pe\u0142ne artystycznej warto\u015bci dzie\u0142a. Praca z glin\u0105 i malowanie pomog\u0142y im rozwin\u0105\u0107 sprawno\u015b\u0107 manualn\u0105, wyczucie przestrzeni oraz zwi\u0119kszy\u0107 pewno\u015b\u0107 siebie. Dodatkowo wsp\u00f3lna praca w przestrzeni warsztatowej sprzyja\u0142a integracji \u2013 m\u0142odzie\u017c lepiej si\u0119 pozna\u0142a, nawi\u0105za\u0142a relacje oparte na wzajemnym szacunku i wsparciu. Projekt b\u0119dzie kontynuowany w czerwcu podczas kolejnych zaj\u0119\u0107 stacjonarnych w siedzibie Ierfop w Cagliari via Platone 1\/3. Tym razem uczestnicy skupi\u0105 si\u0119 na rozwoju przedsi\u0119biorczo\u015bci. Fina\u0142em dzia\u0142a\u0144 b\u0119dzie spotkanie mi\u0119dzynarodowe w pa\u017adzierniku, podczas kt\u00f3rego uczestnicy z r\u00f3\u017cnych kraj\u00f3w stworz\u0105 wsp\u00f3lne dzie\u0142o, kt\u00f3re zostanie zaprezentowane w sta\u0142ej ekspozycji w Cagliari.","og_url":"https:\/\/www.care-platform.eu\/index.php\/pl\/2024\/05\/23\/wzmacnianie-poczucia-wlasnej-wartosci-dzieki-kursowi-ceramicznemu-erasmus\/","og_site_name":"C.A.R.E.","article_published_time":"2024-05-23T09:43:25+00:00","article_modified_time":"2025-08-02T09:45:40+00:00","og_image":[{"width":869,"height":1542,"url":"https:\/\/www.care-platform.eu\/wp-content\/uploads\/2025\/08\/Picture5.jpg","type":"image\/jpeg"}],"author":"admin","twitter_card":"summary_large_image","twitter_misc":{"Written by":"admin","Est. reading time":"2 minutes"},"schema":{"@context":"https:\/\/schema.org","@graph":[{"@type":"Article","@id":"https:\/\/www.care-platform.eu\/index.php\/pl\/2024\/05\/23\/wzmacnianie-poczucia-wlasnej-wartosci-dzieki-kursowi-ceramicznemu-erasmus\/#article","isPartOf":{"@id":"https:\/\/www.care-platform.eu\/index.php\/pl\/2024\/05\/23\/wzmacnianie-poczucia-wlasnej-wartosci-dzieki-kursowi-ceramicznemu-erasmus\/"},"author":{"name":"admin","@id":"https:\/\/www.care-platform.eu\/#\/schema\/person\/290df17b1298613ab5025d8b3f4de953"},"headline":"Wzmacnianie poczucia w\u0142asnej warto\u015bci dzi\u0119ki kursowi ceramicznemu Erasmus+","datePublished":"2024-05-23T09:43:25+00:00","dateModified":"2025-08-02T09:45:40+00:00","mainEntityOfPage":{"@id":"https:\/\/www.care-platform.eu\/index.php\/pl\/2024\/05\/23\/wzmacnianie-poczucia-wlasnej-wartosci-dzieki-kursowi-ceramicznemu-erasmus\/"},"wordCount":326,"commentCount":0,"publisher":{"@id":"https:\/\/www.care-platform.eu\/#organization"},"image":{"@id":"https:\/\/www.care-platform.eu\/index.php\/pl\/2024\/05\/23\/wzmacnianie-poczucia-wlasnej-wartosci-dzieki-kursowi-ceramicznemu-erasmus\/#primaryimage"},"thumbnailUrl":"http:\/\/www.care-platform.eu\/wp-content\/uploads\/2025\/08\/Picture5-169x300.jpg","inLanguage":"en-US","potentialAction":[{"@type":"CommentAction","name":"Comment","target":["https:\/\/www.care-platform.eu\/index.php\/pl\/2024\/05\/23\/wzmacnianie-poczucia-wlasnej-wartosci-dzieki-kursowi-ceramicznemu-erasmus\/#respond"]}]},{"@type":"WebPage","@id":"https:\/\/www.care-platform.eu\/index.php\/pl\/2024\/05\/23\/wzmacnianie-poczucia-wlasnej-wartosci-dzieki-kursowi-ceramicznemu-erasmus\/","url":"https:\/\/www.care-platform.eu\/index.php\/pl\/2024\/05\/23\/wzmacnianie-poczucia-wlasnej-wartosci-dzieki-kursowi-ceramicznemu-erasmus\/","name":"Wzmacnianie poczucia w\u0142asnej warto\u015bci dzi\u0119ki kursowi ceramicznemu Erasmus+ - C.A.R.E.","isPartOf":{"@id":"https:\/\/www.care-platform.eu\/#website"},"primaryImageOfPage":{"@id":"https:\/\/www.care-platform.eu\/index.php\/pl\/2024\/05\/23\/wzmacnianie-poczucia-wlasnej-wartosci-dzieki-kursowi-ceramicznemu-erasmus\/#primaryimage"},"image":{"@id":"https:\/\/www.care-platform.eu\/index.php\/pl\/2024\/05\/23\/wzmacnianie-poczucia-wlasnej-wartosci-dzieki-kursowi-ceramicznemu-erasmus\/#primaryimage"},"thumbnailUrl":"http:\/\/www.care-platform.eu\/wp-content\/uploads\/2025\/08\/Picture5-169x300.jpg","datePublished":"2024-05-23T09:43:25+00:00","dateModified":"2025-08-02T09:45:40+00:00","breadcrumb":{"@id":"https:\/\/www.care-platform.eu\/index.php\/pl\/2024\/05\/23\/wzmacnianie-poczucia-wlasnej-wartosci-dzieki-kursowi-ceramicznemu-erasmus\/#breadcrumb"},"inLanguage":"en-US","potentialAction":[{"@type":"ReadAction","target":["https:\/\/www.care-platform.eu\/index.php\/pl\/2024\/05\/23\/wzmacnianie-poczucia-wlasnej-wartosci-dzieki-kursowi-ceramicznemu-erasmus\/"]}]},{"@type":"ImageObject","inLanguage":"en-US","@id":"https:\/\/www.care-platform.eu\/index.php\/pl\/2024\/05\/23\/wzmacnianie-poczucia-wlasnej-wartosci-dzieki-kursowi-ceramicznemu-erasmus\/#primaryimage","url":"https:\/\/www.care-platform.eu\/wp-content\/uploads\/2025\/08\/Picture5.jpg","contentUrl":"https:\/\/www.care-platform.eu\/wp-content\/uploads\/2025\/08\/Picture5.jpg","width":869,"height":1542},{"@type":"BreadcrumbList","@id":"https:\/\/www.care-platform.eu\/index.php\/pl\/2024\/05\/23\/wzmacnianie-poczucia-wlasnej-wartosci-dzieki-kursowi-ceramicznemu-erasmus\/#breadcrumb","itemListElement":[{"@type":"ListItem","position":1,"name":"Home","item":"https:\/\/www.care-platform.eu\/"},{"@type":"ListItem","position":2,"name":"Wzmacnianie poczucia w\u0142asnej warto\u015bci dzi\u0119ki kursowi ceramicznemu Erasmus+"}]},{"@type":"WebSite","@id":"https:\/\/www.care-platform.eu\/#website","url":"https:\/\/www.care-platform.eu\/","name":"C.A.R.E.","description":"","publisher":{"@id":"https:\/\/www.care-platform.eu\/#organization"},"potentialAction":[{"@type":"SearchAction","target":{"@type":"EntryPoint","urlTemplate":"https:\/\/www.care-platform.eu\/?s={search_term_string}"},"query-input":{"@type":"PropertyValueSpecification","valueRequired":true,"valueName":"search_term_string"}}],"inLanguage":"en-US"},{"@type":"Organization","@id":"https:\/\/www.care-platform.eu\/#organization","name":"C.A.R.E.","url":"https:\/\/www.care-platform.eu\/","logo":{"@type":"ImageObject","inLanguage":"en-US","@id":"https:\/\/www.care-platform.eu\/#\/schema\/logo\/image\/","url":"https:\/\/www.care-platform.eu\/wp-content\/uploads\/2023\/04\/cropped-cropped-logo-1-1.png","contentUrl":"https:\/\/www.care-platform.eu\/wp-content\/uploads\/2023\/04\/cropped-cropped-logo-1-1.png","width":127,"height":153,"caption":"C.A.R.E."},"image":{"@id":"https:\/\/www.care-platform.eu\/#\/schema\/logo\/image\/"}},{"@type":"Person","@id":"https:\/\/www.care-platform.eu\/#\/schema\/person\/290df17b1298613ab5025d8b3f4de953","name":"admin","image":{"@type":"ImageObject","inLanguage":"en-US","@id":"https:\/\/www.care-platform.eu\/#\/schema\/person\/image\/","url":"https:\/\/secure.gravatar.com\/avatar\/6a10196b803b7bcbcadb30b586c5b2a3841013d254b8676359791fac2b00b403?s=96&d=mm&r=g","contentUrl":"https:\/\/secure.gravatar.com\/avatar\/6a10196b803b7bcbcadb30b586c5b2a3841013d254b8676359791fac2b00b403?s=96&d=mm&r=g","caption":"admin"},"sameAs":["http:\/\/32903897134170577.blog.com.gr"],"url":"https:\/\/www.care-platform.eu\/index.php\/author\/tourniss_sq4t7cxk\/"}]}},"_links":{"self":[{"href":"https:\/\/www.care-platform.eu\/index.php\/wp-json\/wp\/v2\/posts\/3703","targetHints":{"allow":["GET"]}}],"collection":[{"href":"https:\/\/www.care-platform.eu\/index.php\/wp-json\/wp\/v2\/posts"}],"about":[{"href":"https:\/\/www.care-platform.eu\/index.php\/wp-json\/wp\/v2\/types\/post"}],"author":[{"embeddable":true,"href":"https:\/\/www.care-platform.eu\/index.php\/wp-json\/wp\/v2\/users\/1"}],"replies":[{"embeddable":true,"href":"https:\/\/www.care-platform.eu\/index.php\/wp-json\/wp\/v2\/comments?post=3703"}],"version-history":[{"count":1,"href":"https:\/\/www.care-platform.eu\/index.php\/wp-json\/wp\/v2\/posts\/3703\/revisions"}],"predecessor-version":[{"id":3704,"href":"https:\/\/www.care-platform.eu\/index.php\/wp-json\/wp\/v2\/posts\/3703\/revisions\/3704"}],"wp:attachment":[{"href":"https:\/\/www.care-platform.eu\/index.php\/wp-json\/wp\/v2\/media?parent=3703"}],"wp:term":[{"taxonomy":"category","embeddable":true,"href":"https:\/\/www.care-platform.eu\/index.php\/wp-json\/wp\/v2\/categories?post=3703"},{"taxonomy":"post_tag","embeddable":true,"href":"https:\/\/www.care-platform.eu\/index.php\/wp-json\/wp\/v2\/tags?post=3703"}],"curies":[{"name":"wp","href":"https:\/\/api.w.org\/{rel}","templated":true}]}}