{"id":3705,"date":"2024-06-04T09:46:16","date_gmt":"2024-06-04T09:46:16","guid":{"rendered":"https:\/\/www.care-platform.eu\/?p=3705"},"modified":"2025-08-02T09:48:38","modified_gmt":"2025-08-02T09:48:38","slug":"wspieranie-kreatywnosci-warsztaty-ceramiczne-i-inicjatywy-wlaczajace-w-nikozji","status":"publish","type":"post","link":"https:\/\/www.care-platform.eu\/index.php\/pl\/2024\/06\/04\/wspieranie-kreatywnosci-warsztaty-ceramiczne-i-inicjatywy-wlaczajace-w-nikozji\/","title":{"rendered":"Wspieranie kreatywno\u015bci \u2013 warsztaty ceramiczne i inicjatywy w\u0142\u0105czaj\u0105ce w Nikozji"},"content":{"rendered":"<p>W ramach projektu CARE na Cyprze, po d\u0142ugim okresie przygotowa\u0144, w lutym rozpocz\u0119to warsztaty ceramiczne z udzia\u0142em m\u0142odzie\u017cy z niepe\u0142nosprawno\u015bci\u0105 wzrokow\u0105 (VI). Od tego czasu uczestnicy regularnie spotykaj\u0105 si\u0119 w pracowni Kuns Studio, po\u0142o\u017conej w samym sercu Nikozji, gdzie \u2013 wspierani przez ceramika, trener\u00f3w i specjalist\u00f3w ds. niepe\u0142nosprawno\u015bci wzrokowej \u2013 tworz\u0105 unikatowe dzie\u0142a sztuki. Pod has\u0142em \u201eZamek, kt\u00f3ry skrywamy w sobie\u201d, m\u0142odzie\u017c realizuje zar\u00f3wno indywidualne, jak i grupowe prace artystyczne. Efektem ko\u0144cowym b\u0119dzie instalacja z\u0142o\u017cona z wie\u017c, mur\u00f3w i postaci, kt\u00f3ra zostanie zaprezentowana w przestrzeni publicznej w formie sta\u0142ej ekspozycji. Symboliczne mury reprezentuj\u0105 ochron\u0119 i wsp\u00f3lnot\u0119, a jednocze\u015bnie nawi\u0105zuj\u0105 do historii Starego Miasta w Nikozji, otoczonego zabytkowymi Murami Weneckimi \u2013 jednym z najwa\u017cniejszych dziedzictw kulturowych miasta.<\/p>\n<p>Warsztaty ceramiczne to jednak nie tylko praca z glin\u0105. Uczestnicy bior\u0105 udzia\u0142 r\u00f3wnie\u017c w r\u00f3\u017cnorodnych dzia\u0142aniach rozwijaj\u0105cych kompetencje prezentacyjne, komunikacyjne, kulturowe oraz przedsi\u0119biorcze. Jednym z wa\u017cnych wydarze\u0144 by\u0142a prezentacja ich prac podczas Forum R\u00f3\u017cnorodno\u015bci 2024 na placu Eleftheria. Forum to stanowi inkluzywn\u0105 przestrze\u0144 dialogu, skupion\u0105 wok\u00f3\u0142 zagadnie\u0144 r\u00f3\u017cnorodno\u015bci, r\u00f3wno\u015bci i w\u0142\u0105czenia spo\u0142ecznego (DEI) w miejscu pracy i \u017cyciu spo\u0142ecznym. Po konferencji, podczas Diversity Fair, m\u0142odzie\u017c dzieli\u0142a si\u0119 swoimi do\u015bwiadczeniami i inicjatywami na rzecz budowania spo\u0142ecze\u0144stwa otwartego i r\u00f3\u017cnorodnego.<\/p>\n<p>Cho\u0107 warsztaty ceramiczne zako\u0144cz\u0105 si\u0119 w czerwcu, projekt CARE b\u0119dzie kontynuowany tak\u017ce jesieni\u0105. We wrze\u015bniu uczestnicy wezm\u0105 udzia\u0142 w wizycie studyjnej w Zbiorach Archeologicznych Fundacji Kulturalnej Banku Cypru, seminarium o przedsi\u0119biorczo\u015bci oraz festiwalu Access4All w Limassol.<\/p>\n<p>CSI przygotowa\u0142 dla m\u0142odzie\u017cy bogaty i holistyczny program, kt\u00f3ry pozwala do\u015bwiadczy\u0107 procesu tworzenia ceramiki w szerokim kontek\u015bcie edukacyjnym i spo\u0142ecznym. Rado\u015b\u0107 uczestnik\u00f3w i ich post\u0119py s\u0105 najlepszym dowodem na to, jak du\u017ce znaczenie ma sztuka jako narz\u0119dzie rozwoju i w\u0142\u0105czenia spo\u0142ecznego.<\/p>\n<p><img fetchpriority=\"high\" decoding=\"async\" class=\"aligncenter wp-image-3606\" src=\"http:\/\/www.care-platform.eu\/wp-content\/uploads\/2025\/08\/Picture1-1-225x300.jpg\" alt=\"\" width=\"520\" height=\"694\" srcset=\"https:\/\/www.care-platform.eu\/wp-content\/uploads\/2025\/08\/Picture1-1-225x300.jpg 225w, https:\/\/www.care-platform.eu\/wp-content\/uploads\/2025\/08\/Picture1-1-768x1024.jpg 768w, https:\/\/www.care-platform.eu\/wp-content\/uploads\/2025\/08\/Picture1-1-1152x1536.jpg 1152w, https:\/\/www.care-platform.eu\/wp-content\/uploads\/2025\/08\/Picture1-1.jpg 1327w\" sizes=\"(max-width: 520px) 100vw, 520px\" \/><\/p>\n<p><img decoding=\"async\" class=\"aligncenter wp-image-3605\" src=\"http:\/\/www.care-platform.eu\/wp-content\/uploads\/2025\/08\/Picture2-300x225.jpg\" alt=\"\" width=\"520\" height=\"390\" srcset=\"https:\/\/www.care-platform.eu\/wp-content\/uploads\/2025\/08\/Picture2-300x225.jpg 300w, https:\/\/www.care-platform.eu\/wp-content\/uploads\/2025\/08\/Picture2-1024x769.jpg 1024w, https:\/\/www.care-platform.eu\/wp-content\/uploads\/2025\/08\/Picture2-768x576.jpg 768w, https:\/\/www.care-platform.eu\/wp-content\/uploads\/2025\/08\/Picture2.jpg 1327w\" sizes=\"(max-width: 520px) 100vw, 520px\" \/><\/p>\n<p><img decoding=\"async\" class=\"aligncenter wp-image-3604\" src=\"http:\/\/www.care-platform.eu\/wp-content\/uploads\/2025\/08\/Picture3-1-225x300.jpg\" alt=\"\" width=\"520\" height=\"694\" srcset=\"https:\/\/www.care-platform.eu\/wp-content\/uploads\/2025\/08\/Picture3-1-225x300.jpg 225w, https:\/\/www.care-platform.eu\/wp-content\/uploads\/2025\/08\/Picture3-1-768x1024.jpg 768w, https:\/\/www.care-platform.eu\/wp-content\/uploads\/2025\/08\/Picture3-1-1152x1536.jpg 1152w, https:\/\/www.care-platform.eu\/wp-content\/uploads\/2025\/08\/Picture3-1.jpg 1327w\" sizes=\"(max-width: 520px) 100vw, 520px\" \/><\/p>\n","protected":false},"excerpt":{"rendered":"<p>W ramach projektu CARE na Cyprze, po d\u0142ugim okresie przygotowa\u0144, w lutym rozpocz\u0119to warsztaty ceramiczne z udzia\u0142em m\u0142odzie\u017cy z niepe\u0142nosprawno\u015bci\u0105 wzrokow\u0105 (VI). Od tego czasu uczestnicy regularnie spotykaj\u0105 si\u0119 w pracowni Kuns Studio, po\u0142o\u017conej w samym sercu Nikozji, gdzie \u2013 wspierani przez ceramika, trener\u00f3w i specjalist\u00f3w ds. niepe\u0142nosprawno\u015bci wzrokowej \u2013 tworz\u0105 unikatowe dzie\u0142a sztuki. Pod has\u0142em \u201eZamek, kt\u00f3ry skrywamy w sobie\u201d, m\u0142odzie\u017c realizuje zar\u00f3wno indywidualne, jak i grupowe prace artystyczne. Efektem ko\u0144cowym b\u0119dzie instalacja z\u0142o\u017cona z wie\u017c, mur\u00f3w i postaci, kt\u00f3ra zostanie zaprezentowana w przestrzeni publicznej w formie sta\u0142ej ekspozycji. Symboliczne mury reprezentuj\u0105 ochron\u0119 i wsp\u00f3lnot\u0119, a jednocze\u015bnie nawi\u0105zuj\u0105 do historii Starego Miasta w Nikozji, otoczonego zabytkowymi Murami Weneckimi \u2013 jednym z najwa\u017cniejszych dziedzictw kulturowych miasta. Warsztaty ceramiczne to jednak nie tylko praca z glin\u0105. Uczestnicy bior\u0105 udzia\u0142 r\u00f3wnie\u017c w r\u00f3\u017cnorodnych dzia\u0142aniach rozwijaj\u0105cych kompetencje prezentacyjne, komunikacyjne, kulturowe oraz przedsi\u0119biorcze. Jednym z wa\u017cnych wydarze\u0144 by\u0142a prezentacja ich prac podczas Forum R\u00f3\u017cnorodno\u015bci 2024 na placu Eleftheria. Forum to stanowi inkluzywn\u0105 przestrze\u0144 dialogu, skupion\u0105 wok\u00f3\u0142 zagadnie\u0144 r\u00f3\u017cnorodno\u015bci, r\u00f3wno\u015bci i w\u0142\u0105czenia spo\u0142ecznego (DEI) w miejscu pracy i \u017cyciu spo\u0142ecznym. Po konferencji, podczas Diversity Fair, m\u0142odzie\u017c dzieli\u0142a si\u0119 swoimi do\u015bwiadczeniami i inicjatywami na rzecz budowania spo\u0142ecze\u0144stwa otwartego i r\u00f3\u017cnorodnego. Cho\u0107 warsztaty ceramiczne zako\u0144cz\u0105 si\u0119 w czerwcu, projekt CARE b\u0119dzie kontynuowany tak\u017ce jesieni\u0105. We wrze\u015bniu uczestnicy wezm\u0105 udzia\u0142 w wizycie studyjnej w Zbiorach Archeologicznych Fundacji Kulturalnej Banku Cypru, seminarium o przedsi\u0119biorczo\u015bci oraz festiwalu Access4All w Limassol. CSI przygotowa\u0142 dla m\u0142odzie\u017cy bogaty i holistyczny program, kt\u00f3ry pozwala do\u015bwiadczy\u0107 procesu tworzenia ceramiki w szerokim kontek\u015bcie edukacyjnym i spo\u0142ecznym. Rado\u015b\u0107 uczestnik\u00f3w i ich post\u0119py s\u0105 najlepszym dowodem na to, jak du\u017ce znaczenie ma sztuka jako narz\u0119dzie rozwoju i w\u0142\u0105czenia spo\u0142ecznego.<\/p>\n","protected":false},"author":1,"featured_media":0,"comment_status":"open","ping_status":"open","sticky":false,"template":"","format":"standard","meta":{"_exactmetrics_skip_tracking":false,"_exactmetrics_sitenote_active":false,"_exactmetrics_sitenote_note":"","_exactmetrics_sitenote_category":0,"_monsterinsights_skip_tracking":false,"_monsterinsights_sitenote_active":false,"_monsterinsights_sitenote_note":"","_monsterinsights_sitenote_category":0,"site-sidebar-layout":"default","site-content-layout":"","ast-site-content-layout":"default","site-content-style":"default","site-sidebar-style":"default","ast-global-header-display":"","ast-banner-title-visibility":"","ast-main-header-display":"","ast-hfb-above-header-display":"","ast-hfb-below-header-display":"","ast-hfb-mobile-header-display":"","site-post-title":"","ast-breadcrumbs-content":"","ast-featured-img":"","footer-sml-layout":"","theme-transparent-header-meta":"default","adv-header-id-meta":"","stick-header-meta":"","header-above-stick-meta":"","header-main-stick-meta":"","header-below-stick-meta":"","astra-migrate-meta-layouts":"set","ast-page-background-enabled":"default","ast-page-background-meta":{"desktop":{"background-color":"var(--ast-global-color-4)","background-image":"","background-repeat":"repeat","background-position":"center center","background-size":"auto","background-attachment":"scroll","background-type":"","background-media":"","overlay-type":"","overlay-color":"","overlay-opacity":"","overlay-gradient":""},"tablet":{"background-color":"","background-image":"","background-repeat":"repeat","background-position":"center center","background-size":"auto","background-attachment":"scroll","background-type":"","background-media":"","overlay-type":"","overlay-color":"","overlay-opacity":"","overlay-gradient":""},"mobile":{"background-color":"","background-image":"","background-repeat":"repeat","background-position":"center center","background-size":"auto","background-attachment":"scroll","background-type":"","background-media":"","overlay-type":"","overlay-color":"","overlay-opacity":"","overlay-gradient":""}},"ast-content-background-meta":{"desktop":{"background-color":"var(--ast-global-color-5)","background-image":"","background-repeat":"repeat","background-position":"center center","background-size":"auto","background-attachment":"scroll","background-type":"","background-media":"","overlay-type":"","overlay-color":"","overlay-opacity":"","overlay-gradient":""},"tablet":{"background-color":"var(--ast-global-color-5)","background-image":"","background-repeat":"repeat","background-position":"center center","background-size":"auto","background-attachment":"scroll","background-type":"","background-media":"","overlay-type":"","overlay-color":"","overlay-opacity":"","overlay-gradient":""},"mobile":{"background-color":"var(--ast-global-color-5)","background-image":"","background-repeat":"repeat","background-position":"center center","background-size":"auto","background-attachment":"scroll","background-type":"","background-media":"","overlay-type":"","overlay-color":"","overlay-opacity":"","overlay-gradient":""}},"footnotes":""},"categories":[20],"tags":[],"class_list":["post-3705","post","type-post","status-publish","format-standard","hentry","category-uncategorized-pl"],"yoast_head":"<!-- This site is optimized with the Yoast SEO plugin v25.5 - https:\/\/yoast.com\/wordpress\/plugins\/seo\/ -->\n<title>Wspieranie kreatywno\u015bci \u2013 warsztaty ceramiczne i inicjatywy w\u0142\u0105czaj\u0105ce w Nikozji - C.A.R.E.<\/title>\n<meta name=\"robots\" content=\"index, follow, max-snippet:-1, max-image-preview:large, max-video-preview:-1\" \/>\n<link rel=\"canonical\" href=\"https:\/\/www.care-platform.eu\/index.php\/pl\/2024\/06\/04\/wspieranie-kreatywnosci-warsztaty-ceramiczne-i-inicjatywy-wlaczajace-w-nikozji\/\" \/>\n<meta property=\"og:locale\" content=\"en_US\" \/>\n<meta property=\"og:type\" content=\"article\" \/>\n<meta property=\"og:title\" content=\"Wspieranie kreatywno\u015bci \u2013 warsztaty ceramiczne i inicjatywy w\u0142\u0105czaj\u0105ce w Nikozji - C.A.R.E.\" \/>\n<meta property=\"og:description\" content=\"W ramach projektu CARE na Cyprze, po d\u0142ugim okresie przygotowa\u0144, w lutym rozpocz\u0119to warsztaty ceramiczne z udzia\u0142em m\u0142odzie\u017cy z niepe\u0142nosprawno\u015bci\u0105 wzrokow\u0105 (VI). Od tego czasu uczestnicy regularnie spotykaj\u0105 si\u0119 w pracowni Kuns Studio, po\u0142o\u017conej w samym sercu Nikozji, gdzie \u2013 wspierani przez ceramika, trener\u00f3w i specjalist\u00f3w ds. niepe\u0142nosprawno\u015bci wzrokowej \u2013 tworz\u0105 unikatowe dzie\u0142a sztuki. Pod has\u0142em \u201eZamek, kt\u00f3ry skrywamy w sobie\u201d, m\u0142odzie\u017c realizuje zar\u00f3wno indywidualne, jak i grupowe prace artystyczne. Efektem ko\u0144cowym b\u0119dzie instalacja z\u0142o\u017cona z wie\u017c, mur\u00f3w i postaci, kt\u00f3ra zostanie zaprezentowana w przestrzeni publicznej w formie sta\u0142ej ekspozycji. Symboliczne mury reprezentuj\u0105 ochron\u0119 i wsp\u00f3lnot\u0119, a jednocze\u015bnie nawi\u0105zuj\u0105 do historii Starego Miasta w Nikozji, otoczonego zabytkowymi Murami Weneckimi \u2013 jednym z najwa\u017cniejszych dziedzictw kulturowych miasta. Warsztaty ceramiczne to jednak nie tylko praca z glin\u0105. Uczestnicy bior\u0105 udzia\u0142 r\u00f3wnie\u017c w r\u00f3\u017cnorodnych dzia\u0142aniach rozwijaj\u0105cych kompetencje prezentacyjne, komunikacyjne, kulturowe oraz przedsi\u0119biorcze. Jednym z wa\u017cnych wydarze\u0144 by\u0142a prezentacja ich prac podczas Forum R\u00f3\u017cnorodno\u015bci 2024 na placu Eleftheria. Forum to stanowi inkluzywn\u0105 przestrze\u0144 dialogu, skupion\u0105 wok\u00f3\u0142 zagadnie\u0144 r\u00f3\u017cnorodno\u015bci, r\u00f3wno\u015bci i w\u0142\u0105czenia spo\u0142ecznego (DEI) w miejscu pracy i \u017cyciu spo\u0142ecznym. Po konferencji, podczas Diversity Fair, m\u0142odzie\u017c dzieli\u0142a si\u0119 swoimi do\u015bwiadczeniami i inicjatywami na rzecz budowania spo\u0142ecze\u0144stwa otwartego i r\u00f3\u017cnorodnego. Cho\u0107 warsztaty ceramiczne zako\u0144cz\u0105 si\u0119 w czerwcu, projekt CARE b\u0119dzie kontynuowany tak\u017ce jesieni\u0105. We wrze\u015bniu uczestnicy wezm\u0105 udzia\u0142 w wizycie studyjnej w Zbiorach Archeologicznych Fundacji Kulturalnej Banku Cypru, seminarium o przedsi\u0119biorczo\u015bci oraz festiwalu Access4All w Limassol. CSI przygotowa\u0142 dla m\u0142odzie\u017cy bogaty i holistyczny program, kt\u00f3ry pozwala do\u015bwiadczy\u0107 procesu tworzenia ceramiki w szerokim kontek\u015bcie edukacyjnym i spo\u0142ecznym. Rado\u015b\u0107 uczestnik\u00f3w i ich post\u0119py s\u0105 najlepszym dowodem na to, jak du\u017ce znaczenie ma sztuka jako narz\u0119dzie rozwoju i w\u0142\u0105czenia spo\u0142ecznego.\" \/>\n<meta property=\"og:url\" content=\"https:\/\/www.care-platform.eu\/index.php\/pl\/2024\/06\/04\/wspieranie-kreatywnosci-warsztaty-ceramiczne-i-inicjatywy-wlaczajace-w-nikozji\/\" \/>\n<meta property=\"og:site_name\" content=\"C.A.R.E.\" \/>\n<meta property=\"article:published_time\" content=\"2024-06-04T09:46:16+00:00\" \/>\n<meta property=\"article:modified_time\" content=\"2025-08-02T09:48:38+00:00\" \/>\n<meta property=\"og:image\" content=\"https:\/\/www.care-platform.eu\/wp-content\/uploads\/2025\/08\/Picture1-1.jpg\" \/>\n\t<meta property=\"og:image:width\" content=\"1327\" \/>\n\t<meta property=\"og:image:height\" content=\"1770\" \/>\n\t<meta property=\"og:image:type\" content=\"image\/jpeg\" \/>\n<meta name=\"author\" content=\"admin\" \/>\n<meta name=\"twitter:card\" content=\"summary_large_image\" \/>\n<meta name=\"twitter:label1\" content=\"Written by\" \/>\n\t<meta name=\"twitter:data1\" content=\"admin\" \/>\n\t<meta name=\"twitter:label2\" content=\"Est. reading time\" \/>\n\t<meta name=\"twitter:data2\" content=\"2 minutes\" \/>\n<script type=\"application\/ld+json\" class=\"yoast-schema-graph\">{\"@context\":\"https:\/\/schema.org\",\"@graph\":[{\"@type\":\"Article\",\"@id\":\"https:\/\/www.care-platform.eu\/index.php\/pl\/2024\/06\/04\/wspieranie-kreatywnosci-warsztaty-ceramiczne-i-inicjatywy-wlaczajace-w-nikozji\/#article\",\"isPartOf\":{\"@id\":\"https:\/\/www.care-platform.eu\/index.php\/pl\/2024\/06\/04\/wspieranie-kreatywnosci-warsztaty-ceramiczne-i-inicjatywy-wlaczajace-w-nikozji\/\"},\"author\":{\"name\":\"admin\",\"@id\":\"https:\/\/www.care-platform.eu\/#\/schema\/person\/290df17b1298613ab5025d8b3f4de953\"},\"headline\":\"Wspieranie kreatywno\u015bci \u2013 warsztaty ceramiczne i inicjatywy w\u0142\u0105czaj\u0105ce w Nikozji\",\"datePublished\":\"2024-06-04T09:46:16+00:00\",\"dateModified\":\"2025-08-02T09:48:38+00:00\",\"mainEntityOfPage\":{\"@id\":\"https:\/\/www.care-platform.eu\/index.php\/pl\/2024\/06\/04\/wspieranie-kreatywnosci-warsztaty-ceramiczne-i-inicjatywy-wlaczajace-w-nikozji\/\"},\"wordCount\":349,\"commentCount\":0,\"publisher\":{\"@id\":\"https:\/\/www.care-platform.eu\/#organization\"},\"image\":{\"@id\":\"https:\/\/www.care-platform.eu\/index.php\/pl\/2024\/06\/04\/wspieranie-kreatywnosci-warsztaty-ceramiczne-i-inicjatywy-wlaczajace-w-nikozji\/#primaryimage\"},\"thumbnailUrl\":\"http:\/\/www.care-platform.eu\/wp-content\/uploads\/2025\/08\/Picture1-1-225x300.jpg\",\"inLanguage\":\"en-US\",\"potentialAction\":[{\"@type\":\"CommentAction\",\"name\":\"Comment\",\"target\":[\"https:\/\/www.care-platform.eu\/index.php\/pl\/2024\/06\/04\/wspieranie-kreatywnosci-warsztaty-ceramiczne-i-inicjatywy-wlaczajace-w-nikozji\/#respond\"]}]},{\"@type\":\"WebPage\",\"@id\":\"https:\/\/www.care-platform.eu\/index.php\/pl\/2024\/06\/04\/wspieranie-kreatywnosci-warsztaty-ceramiczne-i-inicjatywy-wlaczajace-w-nikozji\/\",\"url\":\"https:\/\/www.care-platform.eu\/index.php\/pl\/2024\/06\/04\/wspieranie-kreatywnosci-warsztaty-ceramiczne-i-inicjatywy-wlaczajace-w-nikozji\/\",\"name\":\"Wspieranie kreatywno\u015bci \u2013 warsztaty ceramiczne i inicjatywy w\u0142\u0105czaj\u0105ce w Nikozji - C.A.R.E.\",\"isPartOf\":{\"@id\":\"https:\/\/www.care-platform.eu\/#website\"},\"primaryImageOfPage\":{\"@id\":\"https:\/\/www.care-platform.eu\/index.php\/pl\/2024\/06\/04\/wspieranie-kreatywnosci-warsztaty-ceramiczne-i-inicjatywy-wlaczajace-w-nikozji\/#primaryimage\"},\"image\":{\"@id\":\"https:\/\/www.care-platform.eu\/index.php\/pl\/2024\/06\/04\/wspieranie-kreatywnosci-warsztaty-ceramiczne-i-inicjatywy-wlaczajace-w-nikozji\/#primaryimage\"},\"thumbnailUrl\":\"http:\/\/www.care-platform.eu\/wp-content\/uploads\/2025\/08\/Picture1-1-225x300.jpg\",\"datePublished\":\"2024-06-04T09:46:16+00:00\",\"dateModified\":\"2025-08-02T09:48:38+00:00\",\"breadcrumb\":{\"@id\":\"https:\/\/www.care-platform.eu\/index.php\/pl\/2024\/06\/04\/wspieranie-kreatywnosci-warsztaty-ceramiczne-i-inicjatywy-wlaczajace-w-nikozji\/#breadcrumb\"},\"inLanguage\":\"en-US\",\"potentialAction\":[{\"@type\":\"ReadAction\",\"target\":[\"https:\/\/www.care-platform.eu\/index.php\/pl\/2024\/06\/04\/wspieranie-kreatywnosci-warsztaty-ceramiczne-i-inicjatywy-wlaczajace-w-nikozji\/\"]}]},{\"@type\":\"ImageObject\",\"inLanguage\":\"en-US\",\"@id\":\"https:\/\/www.care-platform.eu\/index.php\/pl\/2024\/06\/04\/wspieranie-kreatywnosci-warsztaty-ceramiczne-i-inicjatywy-wlaczajace-w-nikozji\/#primaryimage\",\"url\":\"https:\/\/www.care-platform.eu\/wp-content\/uploads\/2025\/08\/Picture1-1.jpg\",\"contentUrl\":\"https:\/\/www.care-platform.eu\/wp-content\/uploads\/2025\/08\/Picture1-1.jpg\",\"width\":1327,\"height\":1770},{\"@type\":\"BreadcrumbList\",\"@id\":\"https:\/\/www.care-platform.eu\/index.php\/pl\/2024\/06\/04\/wspieranie-kreatywnosci-warsztaty-ceramiczne-i-inicjatywy-wlaczajace-w-nikozji\/#breadcrumb\",\"itemListElement\":[{\"@type\":\"ListItem\",\"position\":1,\"name\":\"Home\",\"item\":\"https:\/\/www.care-platform.eu\/\"},{\"@type\":\"ListItem\",\"position\":2,\"name\":\"Wspieranie kreatywno\u015bci \u2013 warsztaty ceramiczne i inicjatywy w\u0142\u0105czaj\u0105ce w Nikozji\"}]},{\"@type\":\"WebSite\",\"@id\":\"https:\/\/www.care-platform.eu\/#website\",\"url\":\"https:\/\/www.care-platform.eu\/\",\"name\":\"C.A.R.E.\",\"description\":\"\",\"publisher\":{\"@id\":\"https:\/\/www.care-platform.eu\/#organization\"},\"potentialAction\":[{\"@type\":\"SearchAction\",\"target\":{\"@type\":\"EntryPoint\",\"urlTemplate\":\"https:\/\/www.care-platform.eu\/?s={search_term_string}\"},\"query-input\":{\"@type\":\"PropertyValueSpecification\",\"valueRequired\":true,\"valueName\":\"search_term_string\"}}],\"inLanguage\":\"en-US\"},{\"@type\":\"Organization\",\"@id\":\"https:\/\/www.care-platform.eu\/#organization\",\"name\":\"C.A.R.E.\",\"url\":\"https:\/\/www.care-platform.eu\/\",\"logo\":{\"@type\":\"ImageObject\",\"inLanguage\":\"en-US\",\"@id\":\"https:\/\/www.care-platform.eu\/#\/schema\/logo\/image\/\",\"url\":\"https:\/\/www.care-platform.eu\/wp-content\/uploads\/2023\/04\/cropped-cropped-logo-1-1.png\",\"contentUrl\":\"https:\/\/www.care-platform.eu\/wp-content\/uploads\/2023\/04\/cropped-cropped-logo-1-1.png\",\"width\":127,\"height\":153,\"caption\":\"C.A.R.E.\"},\"image\":{\"@id\":\"https:\/\/www.care-platform.eu\/#\/schema\/logo\/image\/\"}},{\"@type\":\"Person\",\"@id\":\"https:\/\/www.care-platform.eu\/#\/schema\/person\/290df17b1298613ab5025d8b3f4de953\",\"name\":\"admin\",\"image\":{\"@type\":\"ImageObject\",\"inLanguage\":\"en-US\",\"@id\":\"https:\/\/www.care-platform.eu\/#\/schema\/person\/image\/\",\"url\":\"https:\/\/secure.gravatar.com\/avatar\/6a10196b803b7bcbcadb30b586c5b2a3841013d254b8676359791fac2b00b403?s=96&d=mm&r=g\",\"contentUrl\":\"https:\/\/secure.gravatar.com\/avatar\/6a10196b803b7bcbcadb30b586c5b2a3841013d254b8676359791fac2b00b403?s=96&d=mm&r=g\",\"caption\":\"admin\"},\"sameAs\":[\"http:\/\/32903897134170577.blog.com.gr\"],\"url\":\"https:\/\/www.care-platform.eu\/index.php\/author\/tourniss_sq4t7cxk\/\"}]}<\/script>\n<!-- \/ Yoast SEO plugin. -->","yoast_head_json":{"title":"Wspieranie kreatywno\u015bci \u2013 warsztaty ceramiczne i inicjatywy w\u0142\u0105czaj\u0105ce w Nikozji - C.A.R.E.","robots":{"index":"index","follow":"follow","max-snippet":"max-snippet:-1","max-image-preview":"max-image-preview:large","max-video-preview":"max-video-preview:-1"},"canonical":"https:\/\/www.care-platform.eu\/index.php\/pl\/2024\/06\/04\/wspieranie-kreatywnosci-warsztaty-ceramiczne-i-inicjatywy-wlaczajace-w-nikozji\/","og_locale":"en_US","og_type":"article","og_title":"Wspieranie kreatywno\u015bci \u2013 warsztaty ceramiczne i inicjatywy w\u0142\u0105czaj\u0105ce w Nikozji - C.A.R.E.","og_description":"W ramach projektu CARE na Cyprze, po d\u0142ugim okresie przygotowa\u0144, w lutym rozpocz\u0119to warsztaty ceramiczne z udzia\u0142em m\u0142odzie\u017cy z niepe\u0142nosprawno\u015bci\u0105 wzrokow\u0105 (VI). Od tego czasu uczestnicy regularnie spotykaj\u0105 si\u0119 w pracowni Kuns Studio, po\u0142o\u017conej w samym sercu Nikozji, gdzie \u2013 wspierani przez ceramika, trener\u00f3w i specjalist\u00f3w ds. niepe\u0142nosprawno\u015bci wzrokowej \u2013 tworz\u0105 unikatowe dzie\u0142a sztuki. Pod has\u0142em \u201eZamek, kt\u00f3ry skrywamy w sobie\u201d, m\u0142odzie\u017c realizuje zar\u00f3wno indywidualne, jak i grupowe prace artystyczne. Efektem ko\u0144cowym b\u0119dzie instalacja z\u0142o\u017cona z wie\u017c, mur\u00f3w i postaci, kt\u00f3ra zostanie zaprezentowana w przestrzeni publicznej w formie sta\u0142ej ekspozycji. Symboliczne mury reprezentuj\u0105 ochron\u0119 i wsp\u00f3lnot\u0119, a jednocze\u015bnie nawi\u0105zuj\u0105 do historii Starego Miasta w Nikozji, otoczonego zabytkowymi Murami Weneckimi \u2013 jednym z najwa\u017cniejszych dziedzictw kulturowych miasta. Warsztaty ceramiczne to jednak nie tylko praca z glin\u0105. Uczestnicy bior\u0105 udzia\u0142 r\u00f3wnie\u017c w r\u00f3\u017cnorodnych dzia\u0142aniach rozwijaj\u0105cych kompetencje prezentacyjne, komunikacyjne, kulturowe oraz przedsi\u0119biorcze. Jednym z wa\u017cnych wydarze\u0144 by\u0142a prezentacja ich prac podczas Forum R\u00f3\u017cnorodno\u015bci 2024 na placu Eleftheria. Forum to stanowi inkluzywn\u0105 przestrze\u0144 dialogu, skupion\u0105 wok\u00f3\u0142 zagadnie\u0144 r\u00f3\u017cnorodno\u015bci, r\u00f3wno\u015bci i w\u0142\u0105czenia spo\u0142ecznego (DEI) w miejscu pracy i \u017cyciu spo\u0142ecznym. Po konferencji, podczas Diversity Fair, m\u0142odzie\u017c dzieli\u0142a si\u0119 swoimi do\u015bwiadczeniami i inicjatywami na rzecz budowania spo\u0142ecze\u0144stwa otwartego i r\u00f3\u017cnorodnego. Cho\u0107 warsztaty ceramiczne zako\u0144cz\u0105 si\u0119 w czerwcu, projekt CARE b\u0119dzie kontynuowany tak\u017ce jesieni\u0105. We wrze\u015bniu uczestnicy wezm\u0105 udzia\u0142 w wizycie studyjnej w Zbiorach Archeologicznych Fundacji Kulturalnej Banku Cypru, seminarium o przedsi\u0119biorczo\u015bci oraz festiwalu Access4All w Limassol. CSI przygotowa\u0142 dla m\u0142odzie\u017cy bogaty i holistyczny program, kt\u00f3ry pozwala do\u015bwiadczy\u0107 procesu tworzenia ceramiki w szerokim kontek\u015bcie edukacyjnym i spo\u0142ecznym. Rado\u015b\u0107 uczestnik\u00f3w i ich post\u0119py s\u0105 najlepszym dowodem na to, jak du\u017ce znaczenie ma sztuka jako narz\u0119dzie rozwoju i w\u0142\u0105czenia spo\u0142ecznego.","og_url":"https:\/\/www.care-platform.eu\/index.php\/pl\/2024\/06\/04\/wspieranie-kreatywnosci-warsztaty-ceramiczne-i-inicjatywy-wlaczajace-w-nikozji\/","og_site_name":"C.A.R.E.","article_published_time":"2024-06-04T09:46:16+00:00","article_modified_time":"2025-08-02T09:48:38+00:00","og_image":[{"width":1327,"height":1770,"url":"https:\/\/www.care-platform.eu\/wp-content\/uploads\/2025\/08\/Picture1-1.jpg","type":"image\/jpeg"}],"author":"admin","twitter_card":"summary_large_image","twitter_misc":{"Written by":"admin","Est. reading time":"2 minutes"},"schema":{"@context":"https:\/\/schema.org","@graph":[{"@type":"Article","@id":"https:\/\/www.care-platform.eu\/index.php\/pl\/2024\/06\/04\/wspieranie-kreatywnosci-warsztaty-ceramiczne-i-inicjatywy-wlaczajace-w-nikozji\/#article","isPartOf":{"@id":"https:\/\/www.care-platform.eu\/index.php\/pl\/2024\/06\/04\/wspieranie-kreatywnosci-warsztaty-ceramiczne-i-inicjatywy-wlaczajace-w-nikozji\/"},"author":{"name":"admin","@id":"https:\/\/www.care-platform.eu\/#\/schema\/person\/290df17b1298613ab5025d8b3f4de953"},"headline":"Wspieranie kreatywno\u015bci \u2013 warsztaty ceramiczne i inicjatywy w\u0142\u0105czaj\u0105ce w Nikozji","datePublished":"2024-06-04T09:46:16+00:00","dateModified":"2025-08-02T09:48:38+00:00","mainEntityOfPage":{"@id":"https:\/\/www.care-platform.eu\/index.php\/pl\/2024\/06\/04\/wspieranie-kreatywnosci-warsztaty-ceramiczne-i-inicjatywy-wlaczajace-w-nikozji\/"},"wordCount":349,"commentCount":0,"publisher":{"@id":"https:\/\/www.care-platform.eu\/#organization"},"image":{"@id":"https:\/\/www.care-platform.eu\/index.php\/pl\/2024\/06\/04\/wspieranie-kreatywnosci-warsztaty-ceramiczne-i-inicjatywy-wlaczajace-w-nikozji\/#primaryimage"},"thumbnailUrl":"http:\/\/www.care-platform.eu\/wp-content\/uploads\/2025\/08\/Picture1-1-225x300.jpg","inLanguage":"en-US","potentialAction":[{"@type":"CommentAction","name":"Comment","target":["https:\/\/www.care-platform.eu\/index.php\/pl\/2024\/06\/04\/wspieranie-kreatywnosci-warsztaty-ceramiczne-i-inicjatywy-wlaczajace-w-nikozji\/#respond"]}]},{"@type":"WebPage","@id":"https:\/\/www.care-platform.eu\/index.php\/pl\/2024\/06\/04\/wspieranie-kreatywnosci-warsztaty-ceramiczne-i-inicjatywy-wlaczajace-w-nikozji\/","url":"https:\/\/www.care-platform.eu\/index.php\/pl\/2024\/06\/04\/wspieranie-kreatywnosci-warsztaty-ceramiczne-i-inicjatywy-wlaczajace-w-nikozji\/","name":"Wspieranie kreatywno\u015bci \u2013 warsztaty ceramiczne i inicjatywy w\u0142\u0105czaj\u0105ce w Nikozji - C.A.R.E.","isPartOf":{"@id":"https:\/\/www.care-platform.eu\/#website"},"primaryImageOfPage":{"@id":"https:\/\/www.care-platform.eu\/index.php\/pl\/2024\/06\/04\/wspieranie-kreatywnosci-warsztaty-ceramiczne-i-inicjatywy-wlaczajace-w-nikozji\/#primaryimage"},"image":{"@id":"https:\/\/www.care-platform.eu\/index.php\/pl\/2024\/06\/04\/wspieranie-kreatywnosci-warsztaty-ceramiczne-i-inicjatywy-wlaczajace-w-nikozji\/#primaryimage"},"thumbnailUrl":"http:\/\/www.care-platform.eu\/wp-content\/uploads\/2025\/08\/Picture1-1-225x300.jpg","datePublished":"2024-06-04T09:46:16+00:00","dateModified":"2025-08-02T09:48:38+00:00","breadcrumb":{"@id":"https:\/\/www.care-platform.eu\/index.php\/pl\/2024\/06\/04\/wspieranie-kreatywnosci-warsztaty-ceramiczne-i-inicjatywy-wlaczajace-w-nikozji\/#breadcrumb"},"inLanguage":"en-US","potentialAction":[{"@type":"ReadAction","target":["https:\/\/www.care-platform.eu\/index.php\/pl\/2024\/06\/04\/wspieranie-kreatywnosci-warsztaty-ceramiczne-i-inicjatywy-wlaczajace-w-nikozji\/"]}]},{"@type":"ImageObject","inLanguage":"en-US","@id":"https:\/\/www.care-platform.eu\/index.php\/pl\/2024\/06\/04\/wspieranie-kreatywnosci-warsztaty-ceramiczne-i-inicjatywy-wlaczajace-w-nikozji\/#primaryimage","url":"https:\/\/www.care-platform.eu\/wp-content\/uploads\/2025\/08\/Picture1-1.jpg","contentUrl":"https:\/\/www.care-platform.eu\/wp-content\/uploads\/2025\/08\/Picture1-1.jpg","width":1327,"height":1770},{"@type":"BreadcrumbList","@id":"https:\/\/www.care-platform.eu\/index.php\/pl\/2024\/06\/04\/wspieranie-kreatywnosci-warsztaty-ceramiczne-i-inicjatywy-wlaczajace-w-nikozji\/#breadcrumb","itemListElement":[{"@type":"ListItem","position":1,"name":"Home","item":"https:\/\/www.care-platform.eu\/"},{"@type":"ListItem","position":2,"name":"Wspieranie kreatywno\u015bci \u2013 warsztaty ceramiczne i inicjatywy w\u0142\u0105czaj\u0105ce w Nikozji"}]},{"@type":"WebSite","@id":"https:\/\/www.care-platform.eu\/#website","url":"https:\/\/www.care-platform.eu\/","name":"C.A.R.E.","description":"","publisher":{"@id":"https:\/\/www.care-platform.eu\/#organization"},"potentialAction":[{"@type":"SearchAction","target":{"@type":"EntryPoint","urlTemplate":"https:\/\/www.care-platform.eu\/?s={search_term_string}"},"query-input":{"@type":"PropertyValueSpecification","valueRequired":true,"valueName":"search_term_string"}}],"inLanguage":"en-US"},{"@type":"Organization","@id":"https:\/\/www.care-platform.eu\/#organization","name":"C.A.R.E.","url":"https:\/\/www.care-platform.eu\/","logo":{"@type":"ImageObject","inLanguage":"en-US","@id":"https:\/\/www.care-platform.eu\/#\/schema\/logo\/image\/","url":"https:\/\/www.care-platform.eu\/wp-content\/uploads\/2023\/04\/cropped-cropped-logo-1-1.png","contentUrl":"https:\/\/www.care-platform.eu\/wp-content\/uploads\/2023\/04\/cropped-cropped-logo-1-1.png","width":127,"height":153,"caption":"C.A.R.E."},"image":{"@id":"https:\/\/www.care-platform.eu\/#\/schema\/logo\/image\/"}},{"@type":"Person","@id":"https:\/\/www.care-platform.eu\/#\/schema\/person\/290df17b1298613ab5025d8b3f4de953","name":"admin","image":{"@type":"ImageObject","inLanguage":"en-US","@id":"https:\/\/www.care-platform.eu\/#\/schema\/person\/image\/","url":"https:\/\/secure.gravatar.com\/avatar\/6a10196b803b7bcbcadb30b586c5b2a3841013d254b8676359791fac2b00b403?s=96&d=mm&r=g","contentUrl":"https:\/\/secure.gravatar.com\/avatar\/6a10196b803b7bcbcadb30b586c5b2a3841013d254b8676359791fac2b00b403?s=96&d=mm&r=g","caption":"admin"},"sameAs":["http:\/\/32903897134170577.blog.com.gr"],"url":"https:\/\/www.care-platform.eu\/index.php\/author\/tourniss_sq4t7cxk\/"}]}},"_links":{"self":[{"href":"https:\/\/www.care-platform.eu\/index.php\/wp-json\/wp\/v2\/posts\/3705","targetHints":{"allow":["GET"]}}],"collection":[{"href":"https:\/\/www.care-platform.eu\/index.php\/wp-json\/wp\/v2\/posts"}],"about":[{"href":"https:\/\/www.care-platform.eu\/index.php\/wp-json\/wp\/v2\/types\/post"}],"author":[{"embeddable":true,"href":"https:\/\/www.care-platform.eu\/index.php\/wp-json\/wp\/v2\/users\/1"}],"replies":[{"embeddable":true,"href":"https:\/\/www.care-platform.eu\/index.php\/wp-json\/wp\/v2\/comments?post=3705"}],"version-history":[{"count":1,"href":"https:\/\/www.care-platform.eu\/index.php\/wp-json\/wp\/v2\/posts\/3705\/revisions"}],"predecessor-version":[{"id":3706,"href":"https:\/\/www.care-platform.eu\/index.php\/wp-json\/wp\/v2\/posts\/3705\/revisions\/3706"}],"wp:attachment":[{"href":"https:\/\/www.care-platform.eu\/index.php\/wp-json\/wp\/v2\/media?parent=3705"}],"wp:term":[{"taxonomy":"category","embeddable":true,"href":"https:\/\/www.care-platform.eu\/index.php\/wp-json\/wp\/v2\/categories?post=3705"},{"taxonomy":"post_tag","embeddable":true,"href":"https:\/\/www.care-platform.eu\/index.php\/wp-json\/wp\/v2\/tags?post=3705"}],"curies":[{"name":"wp","href":"https:\/\/api.w.org\/{rel}","templated":true}]}}