{"id":3709,"date":"2025-07-09T09:53:47","date_gmt":"2025-07-09T09:53:47","guid":{"rendered":"https:\/\/www.care-platform.eu\/?p=3709"},"modified":"2025-08-02T09:55:35","modified_gmt":"2025-08-02T09:55:35","slug":"wydarzenie-upowszechniajace-w-palermo-sztuka-integracja-i-innowacja-na-rzecz-mlodziezy-z-niepelnosprawnoscia-wzrokowa","status":"publish","type":"post","link":"https:\/\/www.care-platform.eu\/index.php\/pl\/2025\/07\/09\/wydarzenie-upowszechniajace-w-palermo-sztuka-integracja-i-innowacja-na-rzecz-mlodziezy-z-niepelnosprawnoscia-wzrokowa\/","title":{"rendered":"Wydarzenie upowszechniaj\u0105ce  w Palermo \u2013 sztuka, integracja i innowacja na rzecz m\u0142odzie\u017cy z niepe\u0142nosprawno\u015bci\u0105 wzrokow\u0105"},"content":{"rendered":"<p>12 grudnia 2024 roku, w Palermo odby\u0142a si\u0119 konferencja ko\u0144cowa europejskiego projektu CARE, zorganizowana przez PRISM Impresa Sociale srl we wsp\u00f3\u0142pracy z Regionalnym Centrum Projektowania i Renowacji. To wydarzenie by\u0142o zwie\u0144czeniem trzyletniej inicjatywy, kt\u00f3ra otworzy\u0142a nowe horyzonty dla m\u0142odzie\u017cy z niepe\u0142nosprawno\u015bci\u0105 wzrokow\u0105 w ca\u0142ej Europie.<\/p>\n<p>Projekt CARE, koordynowany przez I.E.R.P.O.F. i realizowany we wsp\u00f3\u0142pracy z PRISM Impresa Sociale srl i innymi europejskimi partnerami, trwa ju\u017c trzy lata i anga\u017cuje niewidom\u0105 i niedowidz\u0105c\u0105 m\u0142odzie\u017c z W\u0142och, Polski, Cypru, Irlandii i Grecji w podr\u00f3\u017c pe\u0142n\u0105 artystycznych eksploracji i integracji spo\u0142ecznej poprzez sztuk\u0119 ceramiczn\u0105.<\/p>\n<p>W trakcie trwania projektu uczestnicy uczestniczyli w warsztatach ceramiki dotykowej prowadzonych przez sycylijsk\u0105 ceramiczk\u0119 Soni\u0119 Geraci, gdzie pracowali z glin\u0105 jako narz\u0119dziem ekspresji i kreatywno\u015bci. Celem projektu by\u0142o rozwini\u0119cie umiej\u0119tno\u015bci manualnych, relacyjnych i komunikacyjnych poprzez umo\u017cliwienie uczestnikom interakcji z materia\u0142ami poprzez dotyk, przekszta\u0142caj\u0105c ich d\u0142onie w narz\u0119dzia percepcji.<\/p>\n<p>Ich dzie\u0142a by\u0142y prezentowane przez miesi\u0105c w Palazzo Montalbo, a obecnie w Zwi\u0105zku Niewidomych w Palermo, poniewa\u017c wystawa stanowi centralny element projektu CARE. Wydarzenie upowszechniaj\u0105ce by\u0142o okazj\u0105 do \u015bwi\u0119towania rezultat\u00f3w tej inkluzywnej i interdyscyplinarnej inicjatywy, kt\u00f3ra z powodzeniem \u0142\u0105czy sztuk\u0119, dost\u0119pno\u015b\u0107 i rozw\u00f3j osobisty.<\/p>\n<p>W konferencji g\u0142os zabrali czo\u0142owi przedstawiciele \u015bwiata edukacji, or\u0119downictwa os\u00f3b niepe\u0142nosprawnych i dziedzictwa kulturowego, m.in.:<\/p>\n<ul>\n<li>Alessandra De Caro, Dyrektor Regionalnego Centrum Projektowania i Renowacji w Palermo<\/li>\n<li>Maria Concetta Cusimano, Dyrektor Regionalnego Centrum Wsparcia Edukacyjnego ds. Tyflologii W\u0142oskiej Federacji Os\u00f3b Niewidomych<\/li>\n<li>Alessandro Melillo, Prezes PRISM Impresa Sociale<\/li>\n<li>Tommaso Di Gesaro, Prezes Zwi\u0105zku Os\u00f3b Niewidomych i S\u0142abowidz\u0105cych w Palermo oraz Instytutu Florio-Salamone<\/li>\n<\/ul>\n<p>Koordynatorka projekt\u00f3w europejskich z ramienia PRISM \u2013 Laura La Scala \u2013 zaprezentowa\u0142a etapy realizacji dzia\u0142a\u0144, podkre\u015blaj\u0105c wzrost kompetencji uczestnik\u00f3w w zakresie percepcji dotykowej, sprawno\u015bci motorycznej oraz interakcji spo\u0142ecznej.<\/p>\n<p>Projekt CARE pokaza\u0142, jak mo\u017cna skutecznie \u0142\u0105czy\u0107 edukacj\u0119 w\u0142\u0105czaj\u0105c\u0105, rozw\u00f3j osobisty i sztuk\u0119 w spos\u00f3b dost\u0119pny i anga\u017cuj\u0105cy. Stanowi modelowy przyk\u0142ad dzia\u0142a\u0144 na rzecz r\u00f3wnych szans i tw\u00f3rczej ekspresji m\u0142odzie\u017cy z niepe\u0142nosprawno\u015bci\u0105 wzrokow\u0105 w Europie \u2013 z potencja\u0142em do dalszego wykorzystania i adaptacji w innych kontekstach edukacyjnych.<\/p>\n<p><img fetchpriority=\"high\" decoding=\"async\" class=\"aligncenter wp-image-3543\" src=\"http:\/\/www.care-platform.eu\/wp-content\/uploads\/2025\/07\/Picture1-300x200.jpg\" alt=\"\" width=\"520\" height=\"347\" srcset=\"https:\/\/www.care-platform.eu\/wp-content\/uploads\/2025\/07\/Picture1-300x200.jpg 300w, https:\/\/www.care-platform.eu\/wp-content\/uploads\/2025\/07\/Picture1-1024x682.jpg 1024w, https:\/\/www.care-platform.eu\/wp-content\/uploads\/2025\/07\/Picture1-768x512.jpg 768w, https:\/\/www.care-platform.eu\/wp-content\/uploads\/2025\/07\/Picture1.jpg 1472w\" sizes=\"(max-width: 520px) 100vw, 520px\" \/><\/p>\n<p><img decoding=\"async\" class=\"aligncenter wp-image-3542\" src=\"http:\/\/www.care-platform.eu\/wp-content\/uploads\/2025\/07\/Picture2-300x217.jpg\" alt=\"\" width=\"520\" height=\"376\" srcset=\"https:\/\/www.care-platform.eu\/wp-content\/uploads\/2025\/07\/Picture2-300x217.jpg 300w, https:\/\/www.care-platform.eu\/wp-content\/uploads\/2025\/07\/Picture2-1024x741.jpg 1024w, https:\/\/www.care-platform.eu\/wp-content\/uploads\/2025\/07\/Picture2-768x556.jpg 768w, https:\/\/www.care-platform.eu\/wp-content\/uploads\/2025\/07\/Picture2.jpg 1472w\" sizes=\"(max-width: 520px) 100vw, 520px\" \/><\/p>\n","protected":false},"excerpt":{"rendered":"<p>12 grudnia 2024 roku, w Palermo odby\u0142a si\u0119 konferencja ko\u0144cowa europejskiego projektu CARE, zorganizowana przez PRISM Impresa Sociale srl we wsp\u00f3\u0142pracy z Regionalnym Centrum Projektowania i Renowacji. To wydarzenie by\u0142o zwie\u0144czeniem trzyletniej inicjatywy, kt\u00f3ra otworzy\u0142a nowe horyzonty dla m\u0142odzie\u017cy z niepe\u0142nosprawno\u015bci\u0105 wzrokow\u0105 w ca\u0142ej Europie. Projekt CARE, koordynowany przez I.E.R.P.O.F. i realizowany we wsp\u00f3\u0142pracy z PRISM Impresa Sociale srl i innymi europejskimi partnerami, trwa ju\u017c trzy lata i anga\u017cuje niewidom\u0105 i niedowidz\u0105c\u0105 m\u0142odzie\u017c z W\u0142och, Polski, Cypru, Irlandii i Grecji w podr\u00f3\u017c pe\u0142n\u0105 artystycznych eksploracji i integracji spo\u0142ecznej poprzez sztuk\u0119 ceramiczn\u0105. W trakcie trwania projektu uczestnicy uczestniczyli w warsztatach ceramiki dotykowej prowadzonych przez sycylijsk\u0105 ceramiczk\u0119 Soni\u0119 Geraci, gdzie pracowali z glin\u0105 jako narz\u0119dziem ekspresji i kreatywno\u015bci. Celem projektu by\u0142o rozwini\u0119cie umiej\u0119tno\u015bci manualnych, relacyjnych i komunikacyjnych poprzez umo\u017cliwienie uczestnikom interakcji z materia\u0142ami poprzez dotyk, przekszta\u0142caj\u0105c ich d\u0142onie w narz\u0119dzia percepcji. Ich dzie\u0142a by\u0142y prezentowane przez miesi\u0105c w Palazzo Montalbo, a obecnie w Zwi\u0105zku Niewidomych w Palermo, poniewa\u017c wystawa stanowi centralny element projektu CARE. Wydarzenie upowszechniaj\u0105ce by\u0142o okazj\u0105 do \u015bwi\u0119towania rezultat\u00f3w tej inkluzywnej i interdyscyplinarnej inicjatywy, kt\u00f3ra z powodzeniem \u0142\u0105czy sztuk\u0119, dost\u0119pno\u015b\u0107 i rozw\u00f3j osobisty. W konferencji g\u0142os zabrali czo\u0142owi przedstawiciele \u015bwiata edukacji, or\u0119downictwa os\u00f3b niepe\u0142nosprawnych i dziedzictwa kulturowego, m.in.: Alessandra De Caro, Dyrektor Regionalnego Centrum Projektowania i Renowacji w Palermo Maria Concetta Cusimano, Dyrektor Regionalnego Centrum Wsparcia Edukacyjnego ds. Tyflologii W\u0142oskiej Federacji Os\u00f3b Niewidomych Alessandro Melillo, Prezes PRISM Impresa Sociale Tommaso Di Gesaro, Prezes Zwi\u0105zku Os\u00f3b Niewidomych i S\u0142abowidz\u0105cych w Palermo oraz Instytutu Florio-Salamone Koordynatorka projekt\u00f3w europejskich z ramienia PRISM \u2013 Laura La Scala \u2013 zaprezentowa\u0142a etapy realizacji dzia\u0142a\u0144, podkre\u015blaj\u0105c wzrost kompetencji uczestnik\u00f3w w zakresie percepcji dotykowej, sprawno\u015bci motorycznej oraz interakcji spo\u0142ecznej. Projekt CARE pokaza\u0142, jak mo\u017cna skutecznie \u0142\u0105czy\u0107 edukacj\u0119 w\u0142\u0105czaj\u0105c\u0105, rozw\u00f3j osobisty i sztuk\u0119 w spos\u00f3b dost\u0119pny i anga\u017cuj\u0105cy. Stanowi modelowy przyk\u0142ad dzia\u0142a\u0144 na rzecz r\u00f3wnych szans i tw\u00f3rczej ekspresji m\u0142odzie\u017cy z niepe\u0142nosprawno\u015bci\u0105 wzrokow\u0105 w Europie \u2013 z potencja\u0142em do dalszego wykorzystania i adaptacji w innych kontekstach edukacyjnych.<\/p>\n","protected":false},"author":1,"featured_media":0,"comment_status":"open","ping_status":"open","sticky":false,"template":"","format":"standard","meta":{"_exactmetrics_skip_tracking":false,"_exactmetrics_sitenote_active":false,"_exactmetrics_sitenote_note":"","_exactmetrics_sitenote_category":0,"_monsterinsights_skip_tracking":false,"_monsterinsights_sitenote_active":false,"_monsterinsights_sitenote_note":"","_monsterinsights_sitenote_category":0,"site-sidebar-layout":"default","site-content-layout":"","ast-site-content-layout":"default","site-content-style":"default","site-sidebar-style":"default","ast-global-header-display":"","ast-banner-title-visibility":"","ast-main-header-display":"","ast-hfb-above-header-display":"","ast-hfb-below-header-display":"","ast-hfb-mobile-header-display":"","site-post-title":"","ast-breadcrumbs-content":"","ast-featured-img":"","footer-sml-layout":"","theme-transparent-header-meta":"default","adv-header-id-meta":"","stick-header-meta":"","header-above-stick-meta":"","header-main-stick-meta":"","header-below-stick-meta":"","astra-migrate-meta-layouts":"set","ast-page-background-enabled":"default","ast-page-background-meta":{"desktop":{"background-color":"var(--ast-global-color-4)","background-image":"","background-repeat":"repeat","background-position":"center center","background-size":"auto","background-attachment":"scroll","background-type":"","background-media":"","overlay-type":"","overlay-color":"","overlay-opacity":"","overlay-gradient":""},"tablet":{"background-color":"","background-image":"","background-repeat":"repeat","background-position":"center center","background-size":"auto","background-attachment":"scroll","background-type":"","background-media":"","overlay-type":"","overlay-color":"","overlay-opacity":"","overlay-gradient":""},"mobile":{"background-color":"","background-image":"","background-repeat":"repeat","background-position":"center center","background-size":"auto","background-attachment":"scroll","background-type":"","background-media":"","overlay-type":"","overlay-color":"","overlay-opacity":"","overlay-gradient":""}},"ast-content-background-meta":{"desktop":{"background-color":"var(--ast-global-color-5)","background-image":"","background-repeat":"repeat","background-position":"center center","background-size":"auto","background-attachment":"scroll","background-type":"","background-media":"","overlay-type":"","overlay-color":"","overlay-opacity":"","overlay-gradient":""},"tablet":{"background-color":"var(--ast-global-color-5)","background-image":"","background-repeat":"repeat","background-position":"center center","background-size":"auto","background-attachment":"scroll","background-type":"","background-media":"","overlay-type":"","overlay-color":"","overlay-opacity":"","overlay-gradient":""},"mobile":{"background-color":"var(--ast-global-color-5)","background-image":"","background-repeat":"repeat","background-position":"center center","background-size":"auto","background-attachment":"scroll","background-type":"","background-media":"","overlay-type":"","overlay-color":"","overlay-opacity":"","overlay-gradient":""}},"footnotes":""},"categories":[20],"tags":[],"class_list":["post-3709","post","type-post","status-publish","format-standard","hentry","category-uncategorized-pl"],"yoast_head":"<!-- This site is optimized with the Yoast SEO plugin v25.5 - https:\/\/yoast.com\/wordpress\/plugins\/seo\/ -->\n<title>Wydarzenie upowszechniaj\u0105ce w Palermo \u2013 sztuka, integracja i innowacja na rzecz m\u0142odzie\u017cy z niepe\u0142nosprawno\u015bci\u0105 wzrokow\u0105 - C.A.R.E.<\/title>\n<meta name=\"robots\" content=\"index, follow, max-snippet:-1, max-image-preview:large, max-video-preview:-1\" \/>\n<link rel=\"canonical\" href=\"https:\/\/www.care-platform.eu\/index.php\/pl\/2025\/07\/09\/wydarzenie-upowszechniajace-w-palermo-sztuka-integracja-i-innowacja-na-rzecz-mlodziezy-z-niepelnosprawnoscia-wzrokowa\/\" \/>\n<meta property=\"og:locale\" content=\"en_US\" \/>\n<meta property=\"og:type\" content=\"article\" \/>\n<meta property=\"og:title\" content=\"Wydarzenie upowszechniaj\u0105ce w Palermo \u2013 sztuka, integracja i innowacja na rzecz m\u0142odzie\u017cy z niepe\u0142nosprawno\u015bci\u0105 wzrokow\u0105 - C.A.R.E.\" \/>\n<meta property=\"og:description\" content=\"12 grudnia 2024 roku, w Palermo odby\u0142a si\u0119 konferencja ko\u0144cowa europejskiego projektu CARE, zorganizowana przez PRISM Impresa Sociale srl we wsp\u00f3\u0142pracy z Regionalnym Centrum Projektowania i Renowacji. To wydarzenie by\u0142o zwie\u0144czeniem trzyletniej inicjatywy, kt\u00f3ra otworzy\u0142a nowe horyzonty dla m\u0142odzie\u017cy z niepe\u0142nosprawno\u015bci\u0105 wzrokow\u0105 w ca\u0142ej Europie. Projekt CARE, koordynowany przez I.E.R.P.O.F. i realizowany we wsp\u00f3\u0142pracy z PRISM Impresa Sociale srl i innymi europejskimi partnerami, trwa ju\u017c trzy lata i anga\u017cuje niewidom\u0105 i niedowidz\u0105c\u0105 m\u0142odzie\u017c z W\u0142och, Polski, Cypru, Irlandii i Grecji w podr\u00f3\u017c pe\u0142n\u0105 artystycznych eksploracji i integracji spo\u0142ecznej poprzez sztuk\u0119 ceramiczn\u0105. W trakcie trwania projektu uczestnicy uczestniczyli w warsztatach ceramiki dotykowej prowadzonych przez sycylijsk\u0105 ceramiczk\u0119 Soni\u0119 Geraci, gdzie pracowali z glin\u0105 jako narz\u0119dziem ekspresji i kreatywno\u015bci. Celem projektu by\u0142o rozwini\u0119cie umiej\u0119tno\u015bci manualnych, relacyjnych i komunikacyjnych poprzez umo\u017cliwienie uczestnikom interakcji z materia\u0142ami poprzez dotyk, przekszta\u0142caj\u0105c ich d\u0142onie w narz\u0119dzia percepcji. Ich dzie\u0142a by\u0142y prezentowane przez miesi\u0105c w Palazzo Montalbo, a obecnie w Zwi\u0105zku Niewidomych w Palermo, poniewa\u017c wystawa stanowi centralny element projektu CARE. Wydarzenie upowszechniaj\u0105ce by\u0142o okazj\u0105 do \u015bwi\u0119towania rezultat\u00f3w tej inkluzywnej i interdyscyplinarnej inicjatywy, kt\u00f3ra z powodzeniem \u0142\u0105czy sztuk\u0119, dost\u0119pno\u015b\u0107 i rozw\u00f3j osobisty. W konferencji g\u0142os zabrali czo\u0142owi przedstawiciele \u015bwiata edukacji, or\u0119downictwa os\u00f3b niepe\u0142nosprawnych i dziedzictwa kulturowego, m.in.: Alessandra De Caro, Dyrektor Regionalnego Centrum Projektowania i Renowacji w Palermo Maria Concetta Cusimano, Dyrektor Regionalnego Centrum Wsparcia Edukacyjnego ds. Tyflologii W\u0142oskiej Federacji Os\u00f3b Niewidomych Alessandro Melillo, Prezes PRISM Impresa Sociale Tommaso Di Gesaro, Prezes Zwi\u0105zku Os\u00f3b Niewidomych i S\u0142abowidz\u0105cych w Palermo oraz Instytutu Florio-Salamone Koordynatorka projekt\u00f3w europejskich z ramienia PRISM \u2013 Laura La Scala \u2013 zaprezentowa\u0142a etapy realizacji dzia\u0142a\u0144, podkre\u015blaj\u0105c wzrost kompetencji uczestnik\u00f3w w zakresie percepcji dotykowej, sprawno\u015bci motorycznej oraz interakcji spo\u0142ecznej. Projekt CARE pokaza\u0142, jak mo\u017cna skutecznie \u0142\u0105czy\u0107 edukacj\u0119 w\u0142\u0105czaj\u0105c\u0105, rozw\u00f3j osobisty i sztuk\u0119 w spos\u00f3b dost\u0119pny i anga\u017cuj\u0105cy. Stanowi modelowy przyk\u0142ad dzia\u0142a\u0144 na rzecz r\u00f3wnych szans i tw\u00f3rczej ekspresji m\u0142odzie\u017cy z niepe\u0142nosprawno\u015bci\u0105 wzrokow\u0105 w Europie \u2013 z potencja\u0142em do dalszego wykorzystania i adaptacji w innych kontekstach edukacyjnych.\" \/>\n<meta property=\"og:url\" content=\"https:\/\/www.care-platform.eu\/index.php\/pl\/2025\/07\/09\/wydarzenie-upowszechniajace-w-palermo-sztuka-integracja-i-innowacja-na-rzecz-mlodziezy-z-niepelnosprawnoscia-wzrokowa\/\" \/>\n<meta property=\"og:site_name\" content=\"C.A.R.E.\" \/>\n<meta property=\"article:published_time\" content=\"2025-07-09T09:53:47+00:00\" \/>\n<meta property=\"article:modified_time\" content=\"2025-08-02T09:55:35+00:00\" \/>\n<meta property=\"og:image\" content=\"https:\/\/www.care-platform.eu\/wp-content\/uploads\/2025\/07\/Picture1.jpg\" \/>\n\t<meta property=\"og:image:width\" content=\"1472\" \/>\n\t<meta property=\"og:image:height\" content=\"981\" \/>\n\t<meta property=\"og:image:type\" content=\"image\/jpeg\" \/>\n<meta name=\"author\" content=\"admin\" \/>\n<meta name=\"twitter:card\" content=\"summary_large_image\" \/>\n<meta name=\"twitter:label1\" content=\"Written by\" \/>\n\t<meta name=\"twitter:data1\" content=\"admin\" \/>\n\t<meta name=\"twitter:label2\" content=\"Est. reading time\" \/>\n\t<meta name=\"twitter:data2\" content=\"2 minutes\" \/>\n<script type=\"application\/ld+json\" class=\"yoast-schema-graph\">{\"@context\":\"https:\/\/schema.org\",\"@graph\":[{\"@type\":\"Article\",\"@id\":\"https:\/\/www.care-platform.eu\/index.php\/pl\/2025\/07\/09\/wydarzenie-upowszechniajace-w-palermo-sztuka-integracja-i-innowacja-na-rzecz-mlodziezy-z-niepelnosprawnoscia-wzrokowa\/#article\",\"isPartOf\":{\"@id\":\"https:\/\/www.care-platform.eu\/index.php\/pl\/2025\/07\/09\/wydarzenie-upowszechniajace-w-palermo-sztuka-integracja-i-innowacja-na-rzecz-mlodziezy-z-niepelnosprawnoscia-wzrokowa\/\"},\"author\":{\"name\":\"admin\",\"@id\":\"https:\/\/www.care-platform.eu\/#\/schema\/person\/290df17b1298613ab5025d8b3f4de953\"},\"headline\":\"Wydarzenie upowszechniaj\u0105ce w Palermo \u2013 sztuka, integracja i innowacja na rzecz m\u0142odzie\u017cy z niepe\u0142nosprawno\u015bci\u0105 wzrokow\u0105\",\"datePublished\":\"2025-07-09T09:53:47+00:00\",\"dateModified\":\"2025-08-02T09:55:35+00:00\",\"mainEntityOfPage\":{\"@id\":\"https:\/\/www.care-platform.eu\/index.php\/pl\/2025\/07\/09\/wydarzenie-upowszechniajace-w-palermo-sztuka-integracja-i-innowacja-na-rzecz-mlodziezy-z-niepelnosprawnoscia-wzrokowa\/\"},\"wordCount\":416,\"commentCount\":0,\"publisher\":{\"@id\":\"https:\/\/www.care-platform.eu\/#organization\"},\"image\":{\"@id\":\"https:\/\/www.care-platform.eu\/index.php\/pl\/2025\/07\/09\/wydarzenie-upowszechniajace-w-palermo-sztuka-integracja-i-innowacja-na-rzecz-mlodziezy-z-niepelnosprawnoscia-wzrokowa\/#primaryimage\"},\"thumbnailUrl\":\"http:\/\/www.care-platform.eu\/wp-content\/uploads\/2025\/07\/Picture1-300x200.jpg\",\"inLanguage\":\"en-US\",\"potentialAction\":[{\"@type\":\"CommentAction\",\"name\":\"Comment\",\"target\":[\"https:\/\/www.care-platform.eu\/index.php\/pl\/2025\/07\/09\/wydarzenie-upowszechniajace-w-palermo-sztuka-integracja-i-innowacja-na-rzecz-mlodziezy-z-niepelnosprawnoscia-wzrokowa\/#respond\"]}]},{\"@type\":\"WebPage\",\"@id\":\"https:\/\/www.care-platform.eu\/index.php\/pl\/2025\/07\/09\/wydarzenie-upowszechniajace-w-palermo-sztuka-integracja-i-innowacja-na-rzecz-mlodziezy-z-niepelnosprawnoscia-wzrokowa\/\",\"url\":\"https:\/\/www.care-platform.eu\/index.php\/pl\/2025\/07\/09\/wydarzenie-upowszechniajace-w-palermo-sztuka-integracja-i-innowacja-na-rzecz-mlodziezy-z-niepelnosprawnoscia-wzrokowa\/\",\"name\":\"Wydarzenie upowszechniaj\u0105ce w Palermo \u2013 sztuka, integracja i innowacja na rzecz m\u0142odzie\u017cy z niepe\u0142nosprawno\u015bci\u0105 wzrokow\u0105 - C.A.R.E.\",\"isPartOf\":{\"@id\":\"https:\/\/www.care-platform.eu\/#website\"},\"primaryImageOfPage\":{\"@id\":\"https:\/\/www.care-platform.eu\/index.php\/pl\/2025\/07\/09\/wydarzenie-upowszechniajace-w-palermo-sztuka-integracja-i-innowacja-na-rzecz-mlodziezy-z-niepelnosprawnoscia-wzrokowa\/#primaryimage\"},\"image\":{\"@id\":\"https:\/\/www.care-platform.eu\/index.php\/pl\/2025\/07\/09\/wydarzenie-upowszechniajace-w-palermo-sztuka-integracja-i-innowacja-na-rzecz-mlodziezy-z-niepelnosprawnoscia-wzrokowa\/#primaryimage\"},\"thumbnailUrl\":\"http:\/\/www.care-platform.eu\/wp-content\/uploads\/2025\/07\/Picture1-300x200.jpg\",\"datePublished\":\"2025-07-09T09:53:47+00:00\",\"dateModified\":\"2025-08-02T09:55:35+00:00\",\"breadcrumb\":{\"@id\":\"https:\/\/www.care-platform.eu\/index.php\/pl\/2025\/07\/09\/wydarzenie-upowszechniajace-w-palermo-sztuka-integracja-i-innowacja-na-rzecz-mlodziezy-z-niepelnosprawnoscia-wzrokowa\/#breadcrumb\"},\"inLanguage\":\"en-US\",\"potentialAction\":[{\"@type\":\"ReadAction\",\"target\":[\"https:\/\/www.care-platform.eu\/index.php\/pl\/2025\/07\/09\/wydarzenie-upowszechniajace-w-palermo-sztuka-integracja-i-innowacja-na-rzecz-mlodziezy-z-niepelnosprawnoscia-wzrokowa\/\"]}]},{\"@type\":\"ImageObject\",\"inLanguage\":\"en-US\",\"@id\":\"https:\/\/www.care-platform.eu\/index.php\/pl\/2025\/07\/09\/wydarzenie-upowszechniajace-w-palermo-sztuka-integracja-i-innowacja-na-rzecz-mlodziezy-z-niepelnosprawnoscia-wzrokowa\/#primaryimage\",\"url\":\"https:\/\/www.care-platform.eu\/wp-content\/uploads\/2025\/07\/Picture1.jpg\",\"contentUrl\":\"https:\/\/www.care-platform.eu\/wp-content\/uploads\/2025\/07\/Picture1.jpg\",\"width\":1472,\"height\":981},{\"@type\":\"BreadcrumbList\",\"@id\":\"https:\/\/www.care-platform.eu\/index.php\/pl\/2025\/07\/09\/wydarzenie-upowszechniajace-w-palermo-sztuka-integracja-i-innowacja-na-rzecz-mlodziezy-z-niepelnosprawnoscia-wzrokowa\/#breadcrumb\",\"itemListElement\":[{\"@type\":\"ListItem\",\"position\":1,\"name\":\"Home\",\"item\":\"https:\/\/www.care-platform.eu\/\"},{\"@type\":\"ListItem\",\"position\":2,\"name\":\"Wydarzenie upowszechniaj\u0105ce w Palermo \u2013 sztuka, integracja i innowacja na rzecz m\u0142odzie\u017cy z niepe\u0142nosprawno\u015bci\u0105 wzrokow\u0105\"}]},{\"@type\":\"WebSite\",\"@id\":\"https:\/\/www.care-platform.eu\/#website\",\"url\":\"https:\/\/www.care-platform.eu\/\",\"name\":\"C.A.R.E.\",\"description\":\"\",\"publisher\":{\"@id\":\"https:\/\/www.care-platform.eu\/#organization\"},\"potentialAction\":[{\"@type\":\"SearchAction\",\"target\":{\"@type\":\"EntryPoint\",\"urlTemplate\":\"https:\/\/www.care-platform.eu\/?s={search_term_string}\"},\"query-input\":{\"@type\":\"PropertyValueSpecification\",\"valueRequired\":true,\"valueName\":\"search_term_string\"}}],\"inLanguage\":\"en-US\"},{\"@type\":\"Organization\",\"@id\":\"https:\/\/www.care-platform.eu\/#organization\",\"name\":\"C.A.R.E.\",\"url\":\"https:\/\/www.care-platform.eu\/\",\"logo\":{\"@type\":\"ImageObject\",\"inLanguage\":\"en-US\",\"@id\":\"https:\/\/www.care-platform.eu\/#\/schema\/logo\/image\/\",\"url\":\"https:\/\/www.care-platform.eu\/wp-content\/uploads\/2023\/04\/cropped-cropped-logo-1-1.png\",\"contentUrl\":\"https:\/\/www.care-platform.eu\/wp-content\/uploads\/2023\/04\/cropped-cropped-logo-1-1.png\",\"width\":127,\"height\":153,\"caption\":\"C.A.R.E.\"},\"image\":{\"@id\":\"https:\/\/www.care-platform.eu\/#\/schema\/logo\/image\/\"}},{\"@type\":\"Person\",\"@id\":\"https:\/\/www.care-platform.eu\/#\/schema\/person\/290df17b1298613ab5025d8b3f4de953\",\"name\":\"admin\",\"image\":{\"@type\":\"ImageObject\",\"inLanguage\":\"en-US\",\"@id\":\"https:\/\/www.care-platform.eu\/#\/schema\/person\/image\/\",\"url\":\"https:\/\/secure.gravatar.com\/avatar\/6a10196b803b7bcbcadb30b586c5b2a3841013d254b8676359791fac2b00b403?s=96&d=mm&r=g\",\"contentUrl\":\"https:\/\/secure.gravatar.com\/avatar\/6a10196b803b7bcbcadb30b586c5b2a3841013d254b8676359791fac2b00b403?s=96&d=mm&r=g\",\"caption\":\"admin\"},\"sameAs\":[\"http:\/\/32903897134170577.blog.com.gr\"],\"url\":\"https:\/\/www.care-platform.eu\/index.php\/author\/tourniss_sq4t7cxk\/\"}]}<\/script>\n<!-- \/ Yoast SEO plugin. -->","yoast_head_json":{"title":"Wydarzenie upowszechniaj\u0105ce w Palermo \u2013 sztuka, integracja i innowacja na rzecz m\u0142odzie\u017cy z niepe\u0142nosprawno\u015bci\u0105 wzrokow\u0105 - C.A.R.E.","robots":{"index":"index","follow":"follow","max-snippet":"max-snippet:-1","max-image-preview":"max-image-preview:large","max-video-preview":"max-video-preview:-1"},"canonical":"https:\/\/www.care-platform.eu\/index.php\/pl\/2025\/07\/09\/wydarzenie-upowszechniajace-w-palermo-sztuka-integracja-i-innowacja-na-rzecz-mlodziezy-z-niepelnosprawnoscia-wzrokowa\/","og_locale":"en_US","og_type":"article","og_title":"Wydarzenie upowszechniaj\u0105ce w Palermo \u2013 sztuka, integracja i innowacja na rzecz m\u0142odzie\u017cy z niepe\u0142nosprawno\u015bci\u0105 wzrokow\u0105 - C.A.R.E.","og_description":"12 grudnia 2024 roku, w Palermo odby\u0142a si\u0119 konferencja ko\u0144cowa europejskiego projektu CARE, zorganizowana przez PRISM Impresa Sociale srl we wsp\u00f3\u0142pracy z Regionalnym Centrum Projektowania i Renowacji. To wydarzenie by\u0142o zwie\u0144czeniem trzyletniej inicjatywy, kt\u00f3ra otworzy\u0142a nowe horyzonty dla m\u0142odzie\u017cy z niepe\u0142nosprawno\u015bci\u0105 wzrokow\u0105 w ca\u0142ej Europie. Projekt CARE, koordynowany przez I.E.R.P.O.F. i realizowany we wsp\u00f3\u0142pracy z PRISM Impresa Sociale srl i innymi europejskimi partnerami, trwa ju\u017c trzy lata i anga\u017cuje niewidom\u0105 i niedowidz\u0105c\u0105 m\u0142odzie\u017c z W\u0142och, Polski, Cypru, Irlandii i Grecji w podr\u00f3\u017c pe\u0142n\u0105 artystycznych eksploracji i integracji spo\u0142ecznej poprzez sztuk\u0119 ceramiczn\u0105. W trakcie trwania projektu uczestnicy uczestniczyli w warsztatach ceramiki dotykowej prowadzonych przez sycylijsk\u0105 ceramiczk\u0119 Soni\u0119 Geraci, gdzie pracowali z glin\u0105 jako narz\u0119dziem ekspresji i kreatywno\u015bci. Celem projektu by\u0142o rozwini\u0119cie umiej\u0119tno\u015bci manualnych, relacyjnych i komunikacyjnych poprzez umo\u017cliwienie uczestnikom interakcji z materia\u0142ami poprzez dotyk, przekszta\u0142caj\u0105c ich d\u0142onie w narz\u0119dzia percepcji. Ich dzie\u0142a by\u0142y prezentowane przez miesi\u0105c w Palazzo Montalbo, a obecnie w Zwi\u0105zku Niewidomych w Palermo, poniewa\u017c wystawa stanowi centralny element projektu CARE. Wydarzenie upowszechniaj\u0105ce by\u0142o okazj\u0105 do \u015bwi\u0119towania rezultat\u00f3w tej inkluzywnej i interdyscyplinarnej inicjatywy, kt\u00f3ra z powodzeniem \u0142\u0105czy sztuk\u0119, dost\u0119pno\u015b\u0107 i rozw\u00f3j osobisty. W konferencji g\u0142os zabrali czo\u0142owi przedstawiciele \u015bwiata edukacji, or\u0119downictwa os\u00f3b niepe\u0142nosprawnych i dziedzictwa kulturowego, m.in.: Alessandra De Caro, Dyrektor Regionalnego Centrum Projektowania i Renowacji w Palermo Maria Concetta Cusimano, Dyrektor Regionalnego Centrum Wsparcia Edukacyjnego ds. Tyflologii W\u0142oskiej Federacji Os\u00f3b Niewidomych Alessandro Melillo, Prezes PRISM Impresa Sociale Tommaso Di Gesaro, Prezes Zwi\u0105zku Os\u00f3b Niewidomych i S\u0142abowidz\u0105cych w Palermo oraz Instytutu Florio-Salamone Koordynatorka projekt\u00f3w europejskich z ramienia PRISM \u2013 Laura La Scala \u2013 zaprezentowa\u0142a etapy realizacji dzia\u0142a\u0144, podkre\u015blaj\u0105c wzrost kompetencji uczestnik\u00f3w w zakresie percepcji dotykowej, sprawno\u015bci motorycznej oraz interakcji spo\u0142ecznej. Projekt CARE pokaza\u0142, jak mo\u017cna skutecznie \u0142\u0105czy\u0107 edukacj\u0119 w\u0142\u0105czaj\u0105c\u0105, rozw\u00f3j osobisty i sztuk\u0119 w spos\u00f3b dost\u0119pny i anga\u017cuj\u0105cy. Stanowi modelowy przyk\u0142ad dzia\u0142a\u0144 na rzecz r\u00f3wnych szans i tw\u00f3rczej ekspresji m\u0142odzie\u017cy z niepe\u0142nosprawno\u015bci\u0105 wzrokow\u0105 w Europie \u2013 z potencja\u0142em do dalszego wykorzystania i adaptacji w innych kontekstach edukacyjnych.","og_url":"https:\/\/www.care-platform.eu\/index.php\/pl\/2025\/07\/09\/wydarzenie-upowszechniajace-w-palermo-sztuka-integracja-i-innowacja-na-rzecz-mlodziezy-z-niepelnosprawnoscia-wzrokowa\/","og_site_name":"C.A.R.E.","article_published_time":"2025-07-09T09:53:47+00:00","article_modified_time":"2025-08-02T09:55:35+00:00","og_image":[{"width":1472,"height":981,"url":"https:\/\/www.care-platform.eu\/wp-content\/uploads\/2025\/07\/Picture1.jpg","type":"image\/jpeg"}],"author":"admin","twitter_card":"summary_large_image","twitter_misc":{"Written by":"admin","Est. reading time":"2 minutes"},"schema":{"@context":"https:\/\/schema.org","@graph":[{"@type":"Article","@id":"https:\/\/www.care-platform.eu\/index.php\/pl\/2025\/07\/09\/wydarzenie-upowszechniajace-w-palermo-sztuka-integracja-i-innowacja-na-rzecz-mlodziezy-z-niepelnosprawnoscia-wzrokowa\/#article","isPartOf":{"@id":"https:\/\/www.care-platform.eu\/index.php\/pl\/2025\/07\/09\/wydarzenie-upowszechniajace-w-palermo-sztuka-integracja-i-innowacja-na-rzecz-mlodziezy-z-niepelnosprawnoscia-wzrokowa\/"},"author":{"name":"admin","@id":"https:\/\/www.care-platform.eu\/#\/schema\/person\/290df17b1298613ab5025d8b3f4de953"},"headline":"Wydarzenie upowszechniaj\u0105ce w Palermo \u2013 sztuka, integracja i innowacja na rzecz m\u0142odzie\u017cy z niepe\u0142nosprawno\u015bci\u0105 wzrokow\u0105","datePublished":"2025-07-09T09:53:47+00:00","dateModified":"2025-08-02T09:55:35+00:00","mainEntityOfPage":{"@id":"https:\/\/www.care-platform.eu\/index.php\/pl\/2025\/07\/09\/wydarzenie-upowszechniajace-w-palermo-sztuka-integracja-i-innowacja-na-rzecz-mlodziezy-z-niepelnosprawnoscia-wzrokowa\/"},"wordCount":416,"commentCount":0,"publisher":{"@id":"https:\/\/www.care-platform.eu\/#organization"},"image":{"@id":"https:\/\/www.care-platform.eu\/index.php\/pl\/2025\/07\/09\/wydarzenie-upowszechniajace-w-palermo-sztuka-integracja-i-innowacja-na-rzecz-mlodziezy-z-niepelnosprawnoscia-wzrokowa\/#primaryimage"},"thumbnailUrl":"http:\/\/www.care-platform.eu\/wp-content\/uploads\/2025\/07\/Picture1-300x200.jpg","inLanguage":"en-US","potentialAction":[{"@type":"CommentAction","name":"Comment","target":["https:\/\/www.care-platform.eu\/index.php\/pl\/2025\/07\/09\/wydarzenie-upowszechniajace-w-palermo-sztuka-integracja-i-innowacja-na-rzecz-mlodziezy-z-niepelnosprawnoscia-wzrokowa\/#respond"]}]},{"@type":"WebPage","@id":"https:\/\/www.care-platform.eu\/index.php\/pl\/2025\/07\/09\/wydarzenie-upowszechniajace-w-palermo-sztuka-integracja-i-innowacja-na-rzecz-mlodziezy-z-niepelnosprawnoscia-wzrokowa\/","url":"https:\/\/www.care-platform.eu\/index.php\/pl\/2025\/07\/09\/wydarzenie-upowszechniajace-w-palermo-sztuka-integracja-i-innowacja-na-rzecz-mlodziezy-z-niepelnosprawnoscia-wzrokowa\/","name":"Wydarzenie upowszechniaj\u0105ce w Palermo \u2013 sztuka, integracja i innowacja na rzecz m\u0142odzie\u017cy z niepe\u0142nosprawno\u015bci\u0105 wzrokow\u0105 - C.A.R.E.","isPartOf":{"@id":"https:\/\/www.care-platform.eu\/#website"},"primaryImageOfPage":{"@id":"https:\/\/www.care-platform.eu\/index.php\/pl\/2025\/07\/09\/wydarzenie-upowszechniajace-w-palermo-sztuka-integracja-i-innowacja-na-rzecz-mlodziezy-z-niepelnosprawnoscia-wzrokowa\/#primaryimage"},"image":{"@id":"https:\/\/www.care-platform.eu\/index.php\/pl\/2025\/07\/09\/wydarzenie-upowszechniajace-w-palermo-sztuka-integracja-i-innowacja-na-rzecz-mlodziezy-z-niepelnosprawnoscia-wzrokowa\/#primaryimage"},"thumbnailUrl":"http:\/\/www.care-platform.eu\/wp-content\/uploads\/2025\/07\/Picture1-300x200.jpg","datePublished":"2025-07-09T09:53:47+00:00","dateModified":"2025-08-02T09:55:35+00:00","breadcrumb":{"@id":"https:\/\/www.care-platform.eu\/index.php\/pl\/2025\/07\/09\/wydarzenie-upowszechniajace-w-palermo-sztuka-integracja-i-innowacja-na-rzecz-mlodziezy-z-niepelnosprawnoscia-wzrokowa\/#breadcrumb"},"inLanguage":"en-US","potentialAction":[{"@type":"ReadAction","target":["https:\/\/www.care-platform.eu\/index.php\/pl\/2025\/07\/09\/wydarzenie-upowszechniajace-w-palermo-sztuka-integracja-i-innowacja-na-rzecz-mlodziezy-z-niepelnosprawnoscia-wzrokowa\/"]}]},{"@type":"ImageObject","inLanguage":"en-US","@id":"https:\/\/www.care-platform.eu\/index.php\/pl\/2025\/07\/09\/wydarzenie-upowszechniajace-w-palermo-sztuka-integracja-i-innowacja-na-rzecz-mlodziezy-z-niepelnosprawnoscia-wzrokowa\/#primaryimage","url":"https:\/\/www.care-platform.eu\/wp-content\/uploads\/2025\/07\/Picture1.jpg","contentUrl":"https:\/\/www.care-platform.eu\/wp-content\/uploads\/2025\/07\/Picture1.jpg","width":1472,"height":981},{"@type":"BreadcrumbList","@id":"https:\/\/www.care-platform.eu\/index.php\/pl\/2025\/07\/09\/wydarzenie-upowszechniajace-w-palermo-sztuka-integracja-i-innowacja-na-rzecz-mlodziezy-z-niepelnosprawnoscia-wzrokowa\/#breadcrumb","itemListElement":[{"@type":"ListItem","position":1,"name":"Home","item":"https:\/\/www.care-platform.eu\/"},{"@type":"ListItem","position":2,"name":"Wydarzenie upowszechniaj\u0105ce w Palermo \u2013 sztuka, integracja i innowacja na rzecz m\u0142odzie\u017cy z niepe\u0142nosprawno\u015bci\u0105 wzrokow\u0105"}]},{"@type":"WebSite","@id":"https:\/\/www.care-platform.eu\/#website","url":"https:\/\/www.care-platform.eu\/","name":"C.A.R.E.","description":"","publisher":{"@id":"https:\/\/www.care-platform.eu\/#organization"},"potentialAction":[{"@type":"SearchAction","target":{"@type":"EntryPoint","urlTemplate":"https:\/\/www.care-platform.eu\/?s={search_term_string}"},"query-input":{"@type":"PropertyValueSpecification","valueRequired":true,"valueName":"search_term_string"}}],"inLanguage":"en-US"},{"@type":"Organization","@id":"https:\/\/www.care-platform.eu\/#organization","name":"C.A.R.E.","url":"https:\/\/www.care-platform.eu\/","logo":{"@type":"ImageObject","inLanguage":"en-US","@id":"https:\/\/www.care-platform.eu\/#\/schema\/logo\/image\/","url":"https:\/\/www.care-platform.eu\/wp-content\/uploads\/2023\/04\/cropped-cropped-logo-1-1.png","contentUrl":"https:\/\/www.care-platform.eu\/wp-content\/uploads\/2023\/04\/cropped-cropped-logo-1-1.png","width":127,"height":153,"caption":"C.A.R.E."},"image":{"@id":"https:\/\/www.care-platform.eu\/#\/schema\/logo\/image\/"}},{"@type":"Person","@id":"https:\/\/www.care-platform.eu\/#\/schema\/person\/290df17b1298613ab5025d8b3f4de953","name":"admin","image":{"@type":"ImageObject","inLanguage":"en-US","@id":"https:\/\/www.care-platform.eu\/#\/schema\/person\/image\/","url":"https:\/\/secure.gravatar.com\/avatar\/6a10196b803b7bcbcadb30b586c5b2a3841013d254b8676359791fac2b00b403?s=96&d=mm&r=g","contentUrl":"https:\/\/secure.gravatar.com\/avatar\/6a10196b803b7bcbcadb30b586c5b2a3841013d254b8676359791fac2b00b403?s=96&d=mm&r=g","caption":"admin"},"sameAs":["http:\/\/32903897134170577.blog.com.gr"],"url":"https:\/\/www.care-platform.eu\/index.php\/author\/tourniss_sq4t7cxk\/"}]}},"_links":{"self":[{"href":"https:\/\/www.care-platform.eu\/index.php\/wp-json\/wp\/v2\/posts\/3709","targetHints":{"allow":["GET"]}}],"collection":[{"href":"https:\/\/www.care-platform.eu\/index.php\/wp-json\/wp\/v2\/posts"}],"about":[{"href":"https:\/\/www.care-platform.eu\/index.php\/wp-json\/wp\/v2\/types\/post"}],"author":[{"embeddable":true,"href":"https:\/\/www.care-platform.eu\/index.php\/wp-json\/wp\/v2\/users\/1"}],"replies":[{"embeddable":true,"href":"https:\/\/www.care-platform.eu\/index.php\/wp-json\/wp\/v2\/comments?post=3709"}],"version-history":[{"count":1,"href":"https:\/\/www.care-platform.eu\/index.php\/wp-json\/wp\/v2\/posts\/3709\/revisions"}],"predecessor-version":[{"id":3710,"href":"https:\/\/www.care-platform.eu\/index.php\/wp-json\/wp\/v2\/posts\/3709\/revisions\/3710"}],"wp:attachment":[{"href":"https:\/\/www.care-platform.eu\/index.php\/wp-json\/wp\/v2\/media?parent=3709"}],"wp:term":[{"taxonomy":"category","embeddable":true,"href":"https:\/\/www.care-platform.eu\/index.php\/wp-json\/wp\/v2\/categories?post=3709"},{"taxonomy":"post_tag","embeddable":true,"href":"https:\/\/www.care-platform.eu\/index.php\/wp-json\/wp\/v2\/tags?post=3709"}],"curies":[{"name":"wp","href":"https:\/\/api.w.org\/{rel}","templated":true}]}}