{"id":3715,"date":"2025-07-25T10:04:15","date_gmt":"2025-07-25T10:04:15","guid":{"rendered":"https:\/\/www.care-platform.eu\/?p=3715"},"modified":"2025-08-02T10:04:51","modified_gmt":"2025-08-02T10:04:51","slug":"wydarzenie-upowszechniajace-care-w-lodzi-polska","status":"publish","type":"post","link":"https:\/\/www.care-platform.eu\/index.php\/pl\/2025\/07\/25\/wydarzenie-upowszechniajace-care-w-lodzi-polska\/","title":{"rendered":"Wydarzenie upowszechniaj\u0105ce CARE w \u0141odzi, Polska"},"content":{"rendered":"<p>Z rado\u015bci\u0105 dzielimy si\u0119 najwa\u017cniejszymi momentami z inspiruj\u0105cego wydarzenia ko\u0144cz\u0105cego projekt C.A.R.E. \u2013 <strong>Zwi\u0119kszanie poczucia w\u0142asnej warto\u015bci i\u00a0szans na\u00a0zatrudnienie os\u00f3b z\u00a0niepe\u0142nosprawno\u015bci\u0105 wzrokow\u0105 poprzez kszta\u0142towanie ich kompetencji psychomotorycznych w\u00a0pracy z\u00a0ceramik\u0105<\/strong>, realizowanego przez Fundacj\u0119 FRAME.<\/p>\n<p>W programie wydarzenia znalaz\u0142y si\u0119:<\/p>\n<ul>\n<li><em>Warsztaty na temat edukacji w\u0142\u0105czaj\u0105cej prowadzony przez dr. Adama Gogacza z Konsorcjum Cogito \u2013 Centrum Edukacji oraz eksperta Fundacji FRAME,<\/em><\/li>\n<li><em>Praktyczne warsztaty ceramiczne prowadzone przez Ew\u0119 Ber \u2013 artystk\u0119 i edukatork\u0119 z pracowni Zbychewka \u2013 Ceramic Studio,<\/em><\/li>\n<li><em>Prezentacja rezultat\u00f3w projektu C.A.R.E.,<\/em><\/li>\n<li><em>Wystawa wyj\u0105tkowych prac ceramicznych stworzonych podczas mi\u0119dzynarodowych szkole\u0144 i lokalnych warsztat\u00f3w realizowanych w ramach projektu.<\/em><\/li>\n<\/ul>\n<p>Jednym z najbardziej poruszaj\u0105cych moment\u00f3w wydarzenia by\u0142a pe\u0142na rado\u015bci wsp\u00f3\u0142praca m\u0142odszych i starszych uczni\u00f3w podczas warsztat\u00f3w \u2013 pi\u0119kny przyk\u0142ad dialogu mi\u0119dzypokoleniowego, kt\u00f3ry z dum\u0105 promujemy w naszych dzia\u0142aniach.<\/p>\n<p>Sk\u0142adamy serdeczne podzi\u0119kowania dla <strong>\u0141\u00f3dzkiej Szko\u0142y dla S\u0142abo Widz\u0105cych i Niewidomych <\/strong>za wsp\u00f3\u0142organizacj\u0119 wydarzenia, obecno\u015b\u0107 uczni\u00f3w i nauczycieli oraz niezwykle ciep\u0142e przyj\u0119cie. Cieszymy si\u0119, \u017ce mo\u017cemy z Wami wsp\u00f3\u0142pracowa\u0107 \u2013 i ju\u017c nie mo\u017cemy si\u0119 doczeka\u0107 kolejnych wsp\u00f3lnych inicjatyw!<\/p>\n","protected":false},"excerpt":{"rendered":"<p>Z rado\u015bci\u0105 dzielimy si\u0119 najwa\u017cniejszymi momentami z inspiruj\u0105cego wydarzenia ko\u0144cz\u0105cego projekt C.A.R.E. \u2013 Zwi\u0119kszanie poczucia w\u0142asnej warto\u015bci i\u00a0szans na\u00a0zatrudnienie os\u00f3b z\u00a0niepe\u0142nosprawno\u015bci\u0105 wzrokow\u0105 poprzez kszta\u0142towanie ich kompetencji psychomotorycznych w\u00a0pracy z\u00a0ceramik\u0105, realizowanego przez Fundacj\u0119 FRAME. W programie wydarzenia znalaz\u0142y si\u0119: Warsztaty na temat edukacji w\u0142\u0105czaj\u0105cej prowadzony przez dr. Adama Gogacza z Konsorcjum Cogito \u2013 Centrum Edukacji oraz eksperta Fundacji FRAME, Praktyczne warsztaty ceramiczne prowadzone przez Ew\u0119 Ber \u2013 artystk\u0119 i edukatork\u0119 z pracowni Zbychewka \u2013 Ceramic Studio, Prezentacja rezultat\u00f3w projektu C.A.R.E., Wystawa wyj\u0105tkowych prac ceramicznych stworzonych podczas mi\u0119dzynarodowych szkole\u0144 i lokalnych warsztat\u00f3w realizowanych w ramach projektu. Jednym z najbardziej poruszaj\u0105cych moment\u00f3w wydarzenia by\u0142a pe\u0142na rado\u015bci wsp\u00f3\u0142praca m\u0142odszych i starszych uczni\u00f3w podczas warsztat\u00f3w \u2013 pi\u0119kny przyk\u0142ad dialogu mi\u0119dzypokoleniowego, kt\u00f3ry z dum\u0105 promujemy w naszych dzia\u0142aniach. Sk\u0142adamy serdeczne podzi\u0119kowania dla \u0141\u00f3dzkiej Szko\u0142y dla S\u0142abo Widz\u0105cych i Niewidomych za wsp\u00f3\u0142organizacj\u0119 wydarzenia, obecno\u015b\u0107 uczni\u00f3w i nauczycieli oraz niezwykle ciep\u0142e przyj\u0119cie. Cieszymy si\u0119, \u017ce mo\u017cemy z Wami wsp\u00f3\u0142pracowa\u0107 \u2013 i ju\u017c nie mo\u017cemy si\u0119 doczeka\u0107 kolejnych wsp\u00f3lnych inicjatyw!<\/p>\n","protected":false},"author":1,"featured_media":0,"comment_status":"open","ping_status":"open","sticky":false,"template":"","format":"standard","meta":{"_exactmetrics_skip_tracking":false,"_exactmetrics_sitenote_active":false,"_exactmetrics_sitenote_note":"","_exactmetrics_sitenote_category":0,"_monsterinsights_skip_tracking":false,"_monsterinsights_sitenote_active":false,"_monsterinsights_sitenote_note":"","_monsterinsights_sitenote_category":0,"site-sidebar-layout":"default","site-content-layout":"","ast-site-content-layout":"default","site-content-style":"default","site-sidebar-style":"default","ast-global-header-display":"","ast-banner-title-visibility":"","ast-main-header-display":"","ast-hfb-above-header-display":"","ast-hfb-below-header-display":"","ast-hfb-mobile-header-display":"","site-post-title":"","ast-breadcrumbs-content":"","ast-featured-img":"","footer-sml-layout":"","theme-transparent-header-meta":"default","adv-header-id-meta":"","stick-header-meta":"","header-above-stick-meta":"","header-main-stick-meta":"","header-below-stick-meta":"","astra-migrate-meta-layouts":"set","ast-page-background-enabled":"default","ast-page-background-meta":{"desktop":{"background-color":"var(--ast-global-color-4)","background-image":"","background-repeat":"repeat","background-position":"center center","background-size":"auto","background-attachment":"scroll","background-type":"","background-media":"","overlay-type":"","overlay-color":"","overlay-opacity":"","overlay-gradient":""},"tablet":{"background-color":"","background-image":"","background-repeat":"repeat","background-position":"center center","background-size":"auto","background-attachment":"scroll","background-type":"","background-media":"","overlay-type":"","overlay-color":"","overlay-opacity":"","overlay-gradient":""},"mobile":{"background-color":"","background-image":"","background-repeat":"repeat","background-position":"center center","background-size":"auto","background-attachment":"scroll","background-type":"","background-media":"","overlay-type":"","overlay-color":"","overlay-opacity":"","overlay-gradient":""}},"ast-content-background-meta":{"desktop":{"background-color":"var(--ast-global-color-5)","background-image":"","background-repeat":"repeat","background-position":"center center","background-size":"auto","background-attachment":"scroll","background-type":"","background-media":"","overlay-type":"","overlay-color":"","overlay-opacity":"","overlay-gradient":""},"tablet":{"background-color":"var(--ast-global-color-5)","background-image":"","background-repeat":"repeat","background-position":"center center","background-size":"auto","background-attachment":"scroll","background-type":"","background-media":"","overlay-type":"","overlay-color":"","overlay-opacity":"","overlay-gradient":""},"mobile":{"background-color":"var(--ast-global-color-5)","background-image":"","background-repeat":"repeat","background-position":"center center","background-size":"auto","background-attachment":"scroll","background-type":"","background-media":"","overlay-type":"","overlay-color":"","overlay-opacity":"","overlay-gradient":""}},"footnotes":""},"categories":[20],"tags":[],"class_list":["post-3715","post","type-post","status-publish","format-standard","hentry","category-uncategorized-pl"],"yoast_head":"<!-- This site is optimized with the Yoast SEO plugin v25.5 - https:\/\/yoast.com\/wordpress\/plugins\/seo\/ -->\n<title>Wydarzenie upowszechniaj\u0105ce CARE w \u0141odzi, Polska - C.A.R.E.<\/title>\n<meta name=\"robots\" content=\"index, follow, max-snippet:-1, max-image-preview:large, max-video-preview:-1\" \/>\n<link rel=\"canonical\" href=\"https:\/\/www.care-platform.eu\/index.php\/pl\/2025\/07\/25\/wydarzenie-upowszechniajace-care-w-lodzi-polska\/\" \/>\n<meta property=\"og:locale\" content=\"en_US\" \/>\n<meta property=\"og:type\" content=\"article\" \/>\n<meta property=\"og:title\" content=\"Wydarzenie upowszechniaj\u0105ce CARE w \u0141odzi, Polska - C.A.R.E.\" \/>\n<meta property=\"og:description\" content=\"Z rado\u015bci\u0105 dzielimy si\u0119 najwa\u017cniejszymi momentami z inspiruj\u0105cego wydarzenia ko\u0144cz\u0105cego projekt C.A.R.E. \u2013 Zwi\u0119kszanie poczucia w\u0142asnej warto\u015bci i\u00a0szans na\u00a0zatrudnienie os\u00f3b z\u00a0niepe\u0142nosprawno\u015bci\u0105 wzrokow\u0105 poprzez kszta\u0142towanie ich kompetencji psychomotorycznych w\u00a0pracy z\u00a0ceramik\u0105, realizowanego przez Fundacj\u0119 FRAME. W programie wydarzenia znalaz\u0142y si\u0119: Warsztaty na temat edukacji w\u0142\u0105czaj\u0105cej prowadzony przez dr. Adama Gogacza z Konsorcjum Cogito \u2013 Centrum Edukacji oraz eksperta Fundacji FRAME, Praktyczne warsztaty ceramiczne prowadzone przez Ew\u0119 Ber \u2013 artystk\u0119 i edukatork\u0119 z pracowni Zbychewka \u2013 Ceramic Studio, Prezentacja rezultat\u00f3w projektu C.A.R.E., Wystawa wyj\u0105tkowych prac ceramicznych stworzonych podczas mi\u0119dzynarodowych szkole\u0144 i lokalnych warsztat\u00f3w realizowanych w ramach projektu. Jednym z najbardziej poruszaj\u0105cych moment\u00f3w wydarzenia by\u0142a pe\u0142na rado\u015bci wsp\u00f3\u0142praca m\u0142odszych i starszych uczni\u00f3w podczas warsztat\u00f3w \u2013 pi\u0119kny przyk\u0142ad dialogu mi\u0119dzypokoleniowego, kt\u00f3ry z dum\u0105 promujemy w naszych dzia\u0142aniach. Sk\u0142adamy serdeczne podzi\u0119kowania dla \u0141\u00f3dzkiej Szko\u0142y dla S\u0142abo Widz\u0105cych i Niewidomych za wsp\u00f3\u0142organizacj\u0119 wydarzenia, obecno\u015b\u0107 uczni\u00f3w i nauczycieli oraz niezwykle ciep\u0142e przyj\u0119cie. Cieszymy si\u0119, \u017ce mo\u017cemy z Wami wsp\u00f3\u0142pracowa\u0107 \u2013 i ju\u017c nie mo\u017cemy si\u0119 doczeka\u0107 kolejnych wsp\u00f3lnych inicjatyw!\" \/>\n<meta property=\"og:url\" content=\"https:\/\/www.care-platform.eu\/index.php\/pl\/2025\/07\/25\/wydarzenie-upowszechniajace-care-w-lodzi-polska\/\" \/>\n<meta property=\"og:site_name\" content=\"C.A.R.E.\" \/>\n<meta property=\"article:published_time\" content=\"2025-07-25T10:04:15+00:00\" \/>\n<meta property=\"article:modified_time\" content=\"2025-08-02T10:04:51+00:00\" \/>\n<meta name=\"author\" content=\"admin\" \/>\n<meta name=\"twitter:card\" content=\"summary_large_image\" \/>\n<meta name=\"twitter:label1\" content=\"Written by\" \/>\n\t<meta name=\"twitter:data1\" content=\"admin\" \/>\n\t<meta name=\"twitter:label2\" content=\"Est. reading time\" \/>\n\t<meta name=\"twitter:data2\" content=\"1 minute\" \/>\n<script type=\"application\/ld+json\" class=\"yoast-schema-graph\">{\"@context\":\"https:\/\/schema.org\",\"@graph\":[{\"@type\":\"Article\",\"@id\":\"https:\/\/www.care-platform.eu\/index.php\/pl\/2025\/07\/25\/wydarzenie-upowszechniajace-care-w-lodzi-polska\/#article\",\"isPartOf\":{\"@id\":\"https:\/\/www.care-platform.eu\/index.php\/pl\/2025\/07\/25\/wydarzenie-upowszechniajace-care-w-lodzi-polska\/\"},\"author\":{\"name\":\"admin\",\"@id\":\"https:\/\/www.care-platform.eu\/#\/schema\/person\/290df17b1298613ab5025d8b3f4de953\"},\"headline\":\"Wydarzenie upowszechniaj\u0105ce CARE w \u0141odzi, Polska\",\"datePublished\":\"2025-07-25T10:04:15+00:00\",\"dateModified\":\"2025-08-02T10:04:51+00:00\",\"mainEntityOfPage\":{\"@id\":\"https:\/\/www.care-platform.eu\/index.php\/pl\/2025\/07\/25\/wydarzenie-upowszechniajace-care-w-lodzi-polska\/\"},\"wordCount\":219,\"commentCount\":0,\"publisher\":{\"@id\":\"https:\/\/www.care-platform.eu\/#organization\"},\"inLanguage\":\"en-US\",\"potentialAction\":[{\"@type\":\"CommentAction\",\"name\":\"Comment\",\"target\":[\"https:\/\/www.care-platform.eu\/index.php\/pl\/2025\/07\/25\/wydarzenie-upowszechniajace-care-w-lodzi-polska\/#respond\"]}]},{\"@type\":\"WebPage\",\"@id\":\"https:\/\/www.care-platform.eu\/index.php\/pl\/2025\/07\/25\/wydarzenie-upowszechniajace-care-w-lodzi-polska\/\",\"url\":\"https:\/\/www.care-platform.eu\/index.php\/pl\/2025\/07\/25\/wydarzenie-upowszechniajace-care-w-lodzi-polska\/\",\"name\":\"Wydarzenie upowszechniaj\u0105ce CARE w \u0141odzi, Polska - C.A.R.E.\",\"isPartOf\":{\"@id\":\"https:\/\/www.care-platform.eu\/#website\"},\"datePublished\":\"2025-07-25T10:04:15+00:00\",\"dateModified\":\"2025-08-02T10:04:51+00:00\",\"breadcrumb\":{\"@id\":\"https:\/\/www.care-platform.eu\/index.php\/pl\/2025\/07\/25\/wydarzenie-upowszechniajace-care-w-lodzi-polska\/#breadcrumb\"},\"inLanguage\":\"en-US\",\"potentialAction\":[{\"@type\":\"ReadAction\",\"target\":[\"https:\/\/www.care-platform.eu\/index.php\/pl\/2025\/07\/25\/wydarzenie-upowszechniajace-care-w-lodzi-polska\/\"]}]},{\"@type\":\"BreadcrumbList\",\"@id\":\"https:\/\/www.care-platform.eu\/index.php\/pl\/2025\/07\/25\/wydarzenie-upowszechniajace-care-w-lodzi-polska\/#breadcrumb\",\"itemListElement\":[{\"@type\":\"ListItem\",\"position\":1,\"name\":\"Home\",\"item\":\"https:\/\/www.care-platform.eu\/\"},{\"@type\":\"ListItem\",\"position\":2,\"name\":\"Wydarzenie upowszechniaj\u0105ce CARE w \u0141odzi, Polska\"}]},{\"@type\":\"WebSite\",\"@id\":\"https:\/\/www.care-platform.eu\/#website\",\"url\":\"https:\/\/www.care-platform.eu\/\",\"name\":\"C.A.R.E.\",\"description\":\"\",\"publisher\":{\"@id\":\"https:\/\/www.care-platform.eu\/#organization\"},\"potentialAction\":[{\"@type\":\"SearchAction\",\"target\":{\"@type\":\"EntryPoint\",\"urlTemplate\":\"https:\/\/www.care-platform.eu\/?s={search_term_string}\"},\"query-input\":{\"@type\":\"PropertyValueSpecification\",\"valueRequired\":true,\"valueName\":\"search_term_string\"}}],\"inLanguage\":\"en-US\"},{\"@type\":\"Organization\",\"@id\":\"https:\/\/www.care-platform.eu\/#organization\",\"name\":\"C.A.R.E.\",\"url\":\"https:\/\/www.care-platform.eu\/\",\"logo\":{\"@type\":\"ImageObject\",\"inLanguage\":\"en-US\",\"@id\":\"https:\/\/www.care-platform.eu\/#\/schema\/logo\/image\/\",\"url\":\"https:\/\/www.care-platform.eu\/wp-content\/uploads\/2023\/04\/cropped-cropped-logo-1-1.png\",\"contentUrl\":\"https:\/\/www.care-platform.eu\/wp-content\/uploads\/2023\/04\/cropped-cropped-logo-1-1.png\",\"width\":127,\"height\":153,\"caption\":\"C.A.R.E.\"},\"image\":{\"@id\":\"https:\/\/www.care-platform.eu\/#\/schema\/logo\/image\/\"}},{\"@type\":\"Person\",\"@id\":\"https:\/\/www.care-platform.eu\/#\/schema\/person\/290df17b1298613ab5025d8b3f4de953\",\"name\":\"admin\",\"image\":{\"@type\":\"ImageObject\",\"inLanguage\":\"en-US\",\"@id\":\"https:\/\/www.care-platform.eu\/#\/schema\/person\/image\/\",\"url\":\"https:\/\/secure.gravatar.com\/avatar\/6a10196b803b7bcbcadb30b586c5b2a3841013d254b8676359791fac2b00b403?s=96&d=mm&r=g\",\"contentUrl\":\"https:\/\/secure.gravatar.com\/avatar\/6a10196b803b7bcbcadb30b586c5b2a3841013d254b8676359791fac2b00b403?s=96&d=mm&r=g\",\"caption\":\"admin\"},\"sameAs\":[\"http:\/\/32903897134170577.blog.com.gr\"],\"url\":\"https:\/\/www.care-platform.eu\/index.php\/author\/tourniss_sq4t7cxk\/\"}]}<\/script>\n<!-- \/ Yoast SEO plugin. -->","yoast_head_json":{"title":"Wydarzenie upowszechniaj\u0105ce CARE w \u0141odzi, Polska - C.A.R.E.","robots":{"index":"index","follow":"follow","max-snippet":"max-snippet:-1","max-image-preview":"max-image-preview:large","max-video-preview":"max-video-preview:-1"},"canonical":"https:\/\/www.care-platform.eu\/index.php\/pl\/2025\/07\/25\/wydarzenie-upowszechniajace-care-w-lodzi-polska\/","og_locale":"en_US","og_type":"article","og_title":"Wydarzenie upowszechniaj\u0105ce CARE w \u0141odzi, Polska - C.A.R.E.","og_description":"Z rado\u015bci\u0105 dzielimy si\u0119 najwa\u017cniejszymi momentami z inspiruj\u0105cego wydarzenia ko\u0144cz\u0105cego projekt C.A.R.E. \u2013 Zwi\u0119kszanie poczucia w\u0142asnej warto\u015bci i\u00a0szans na\u00a0zatrudnienie os\u00f3b z\u00a0niepe\u0142nosprawno\u015bci\u0105 wzrokow\u0105 poprzez kszta\u0142towanie ich kompetencji psychomotorycznych w\u00a0pracy z\u00a0ceramik\u0105, realizowanego przez Fundacj\u0119 FRAME. W programie wydarzenia znalaz\u0142y si\u0119: Warsztaty na temat edukacji w\u0142\u0105czaj\u0105cej prowadzony przez dr. Adama Gogacza z Konsorcjum Cogito \u2013 Centrum Edukacji oraz eksperta Fundacji FRAME, Praktyczne warsztaty ceramiczne prowadzone przez Ew\u0119 Ber \u2013 artystk\u0119 i edukatork\u0119 z pracowni Zbychewka \u2013 Ceramic Studio, Prezentacja rezultat\u00f3w projektu C.A.R.E., Wystawa wyj\u0105tkowych prac ceramicznych stworzonych podczas mi\u0119dzynarodowych szkole\u0144 i lokalnych warsztat\u00f3w realizowanych w ramach projektu. Jednym z najbardziej poruszaj\u0105cych moment\u00f3w wydarzenia by\u0142a pe\u0142na rado\u015bci wsp\u00f3\u0142praca m\u0142odszych i starszych uczni\u00f3w podczas warsztat\u00f3w \u2013 pi\u0119kny przyk\u0142ad dialogu mi\u0119dzypokoleniowego, kt\u00f3ry z dum\u0105 promujemy w naszych dzia\u0142aniach. Sk\u0142adamy serdeczne podzi\u0119kowania dla \u0141\u00f3dzkiej Szko\u0142y dla S\u0142abo Widz\u0105cych i Niewidomych za wsp\u00f3\u0142organizacj\u0119 wydarzenia, obecno\u015b\u0107 uczni\u00f3w i nauczycieli oraz niezwykle ciep\u0142e przyj\u0119cie. Cieszymy si\u0119, \u017ce mo\u017cemy z Wami wsp\u00f3\u0142pracowa\u0107 \u2013 i ju\u017c nie mo\u017cemy si\u0119 doczeka\u0107 kolejnych wsp\u00f3lnych inicjatyw!","og_url":"https:\/\/www.care-platform.eu\/index.php\/pl\/2025\/07\/25\/wydarzenie-upowszechniajace-care-w-lodzi-polska\/","og_site_name":"C.A.R.E.","article_published_time":"2025-07-25T10:04:15+00:00","article_modified_time":"2025-08-02T10:04:51+00:00","author":"admin","twitter_card":"summary_large_image","twitter_misc":{"Written by":"admin","Est. reading time":"1 minute"},"schema":{"@context":"https:\/\/schema.org","@graph":[{"@type":"Article","@id":"https:\/\/www.care-platform.eu\/index.php\/pl\/2025\/07\/25\/wydarzenie-upowszechniajace-care-w-lodzi-polska\/#article","isPartOf":{"@id":"https:\/\/www.care-platform.eu\/index.php\/pl\/2025\/07\/25\/wydarzenie-upowszechniajace-care-w-lodzi-polska\/"},"author":{"name":"admin","@id":"https:\/\/www.care-platform.eu\/#\/schema\/person\/290df17b1298613ab5025d8b3f4de953"},"headline":"Wydarzenie upowszechniaj\u0105ce CARE w \u0141odzi, Polska","datePublished":"2025-07-25T10:04:15+00:00","dateModified":"2025-08-02T10:04:51+00:00","mainEntityOfPage":{"@id":"https:\/\/www.care-platform.eu\/index.php\/pl\/2025\/07\/25\/wydarzenie-upowszechniajace-care-w-lodzi-polska\/"},"wordCount":219,"commentCount":0,"publisher":{"@id":"https:\/\/www.care-platform.eu\/#organization"},"inLanguage":"en-US","potentialAction":[{"@type":"CommentAction","name":"Comment","target":["https:\/\/www.care-platform.eu\/index.php\/pl\/2025\/07\/25\/wydarzenie-upowszechniajace-care-w-lodzi-polska\/#respond"]}]},{"@type":"WebPage","@id":"https:\/\/www.care-platform.eu\/index.php\/pl\/2025\/07\/25\/wydarzenie-upowszechniajace-care-w-lodzi-polska\/","url":"https:\/\/www.care-platform.eu\/index.php\/pl\/2025\/07\/25\/wydarzenie-upowszechniajace-care-w-lodzi-polska\/","name":"Wydarzenie upowszechniaj\u0105ce CARE w \u0141odzi, Polska - C.A.R.E.","isPartOf":{"@id":"https:\/\/www.care-platform.eu\/#website"},"datePublished":"2025-07-25T10:04:15+00:00","dateModified":"2025-08-02T10:04:51+00:00","breadcrumb":{"@id":"https:\/\/www.care-platform.eu\/index.php\/pl\/2025\/07\/25\/wydarzenie-upowszechniajace-care-w-lodzi-polska\/#breadcrumb"},"inLanguage":"en-US","potentialAction":[{"@type":"ReadAction","target":["https:\/\/www.care-platform.eu\/index.php\/pl\/2025\/07\/25\/wydarzenie-upowszechniajace-care-w-lodzi-polska\/"]}]},{"@type":"BreadcrumbList","@id":"https:\/\/www.care-platform.eu\/index.php\/pl\/2025\/07\/25\/wydarzenie-upowszechniajace-care-w-lodzi-polska\/#breadcrumb","itemListElement":[{"@type":"ListItem","position":1,"name":"Home","item":"https:\/\/www.care-platform.eu\/"},{"@type":"ListItem","position":2,"name":"Wydarzenie upowszechniaj\u0105ce CARE w \u0141odzi, Polska"}]},{"@type":"WebSite","@id":"https:\/\/www.care-platform.eu\/#website","url":"https:\/\/www.care-platform.eu\/","name":"C.A.R.E.","description":"","publisher":{"@id":"https:\/\/www.care-platform.eu\/#organization"},"potentialAction":[{"@type":"SearchAction","target":{"@type":"EntryPoint","urlTemplate":"https:\/\/www.care-platform.eu\/?s={search_term_string}"},"query-input":{"@type":"PropertyValueSpecification","valueRequired":true,"valueName":"search_term_string"}}],"inLanguage":"en-US"},{"@type":"Organization","@id":"https:\/\/www.care-platform.eu\/#organization","name":"C.A.R.E.","url":"https:\/\/www.care-platform.eu\/","logo":{"@type":"ImageObject","inLanguage":"en-US","@id":"https:\/\/www.care-platform.eu\/#\/schema\/logo\/image\/","url":"https:\/\/www.care-platform.eu\/wp-content\/uploads\/2023\/04\/cropped-cropped-logo-1-1.png","contentUrl":"https:\/\/www.care-platform.eu\/wp-content\/uploads\/2023\/04\/cropped-cropped-logo-1-1.png","width":127,"height":153,"caption":"C.A.R.E."},"image":{"@id":"https:\/\/www.care-platform.eu\/#\/schema\/logo\/image\/"}},{"@type":"Person","@id":"https:\/\/www.care-platform.eu\/#\/schema\/person\/290df17b1298613ab5025d8b3f4de953","name":"admin","image":{"@type":"ImageObject","inLanguage":"en-US","@id":"https:\/\/www.care-platform.eu\/#\/schema\/person\/image\/","url":"https:\/\/secure.gravatar.com\/avatar\/6a10196b803b7bcbcadb30b586c5b2a3841013d254b8676359791fac2b00b403?s=96&d=mm&r=g","contentUrl":"https:\/\/secure.gravatar.com\/avatar\/6a10196b803b7bcbcadb30b586c5b2a3841013d254b8676359791fac2b00b403?s=96&d=mm&r=g","caption":"admin"},"sameAs":["http:\/\/32903897134170577.blog.com.gr"],"url":"https:\/\/www.care-platform.eu\/index.php\/author\/tourniss_sq4t7cxk\/"}]}},"_links":{"self":[{"href":"https:\/\/www.care-platform.eu\/index.php\/wp-json\/wp\/v2\/posts\/3715","targetHints":{"allow":["GET"]}}],"collection":[{"href":"https:\/\/www.care-platform.eu\/index.php\/wp-json\/wp\/v2\/posts"}],"about":[{"href":"https:\/\/www.care-platform.eu\/index.php\/wp-json\/wp\/v2\/types\/post"}],"author":[{"embeddable":true,"href":"https:\/\/www.care-platform.eu\/index.php\/wp-json\/wp\/v2\/users\/1"}],"replies":[{"embeddable":true,"href":"https:\/\/www.care-platform.eu\/index.php\/wp-json\/wp\/v2\/comments?post=3715"}],"version-history":[{"count":1,"href":"https:\/\/www.care-platform.eu\/index.php\/wp-json\/wp\/v2\/posts\/3715\/revisions"}],"predecessor-version":[{"id":3716,"href":"https:\/\/www.care-platform.eu\/index.php\/wp-json\/wp\/v2\/posts\/3715\/revisions\/3716"}],"wp:attachment":[{"href":"https:\/\/www.care-platform.eu\/index.php\/wp-json\/wp\/v2\/media?parent=3715"}],"wp:term":[{"taxonomy":"category","embeddable":true,"href":"https:\/\/www.care-platform.eu\/index.php\/wp-json\/wp\/v2\/categories?post=3715"},{"taxonomy":"post_tag","embeddable":true,"href":"https:\/\/www.care-platform.eu\/index.php\/wp-json\/wp\/v2\/tags?post=3715"}],"curies":[{"name":"wp","href":"https:\/\/api.w.org\/{rel}","templated":true}]}}