{"id":3717,"date":"2025-07-25T10:06:09","date_gmt":"2025-07-25T10:06:09","guid":{"rendered":"https:\/\/www.care-platform.eu\/?p=3717"},"modified":"2025-08-02T10:06:45","modified_gmt":"2025-08-02T10:06:45","slug":"wzmacnianie-mlodziezy-z-niepelnosprawnoscia-wzrokowa-poprzez-sztuke-projekt-care-w-dzialaniu","status":"publish","type":"post","link":"https:\/\/www.care-platform.eu\/index.php\/pl\/2025\/07\/25\/wzmacnianie-mlodziezy-z-niepelnosprawnoscia-wzrokowa-poprzez-sztuke-projekt-care-w-dzialaniu\/","title":{"rendered":"Wzmacnianie m\u0142odzie\u017cy z niepe\u0142nosprawno\u015bci\u0105 wzrokow\u0105 poprzez sztuk\u0119 \u2013 projekt CARE w dzia\u0142aniu"},"content":{"rendered":"<p>Projekt Erasmus+ C.A.R.E. \u2013 <strong>Zwi\u0119kszanie poczucia w\u0142asnej warto\u015bci i\u00a0szans na\u00a0zatrudnienie os\u00f3b z\u00a0niepe\u0142nosprawno\u015bci\u0105 wzrokow\u0105 poprzez kszta\u0142towanie ich kompetencji psychomotorycznych w\u00a0pracy z\u00a0ceramik\u0105 <\/strong>to nowatorska inicjatywa, kt\u00f3rej celem jest wzmocnienie m\u0142odzie\u017cy z niepe\u0142nosprawno\u015bci\u0105 wzrokow\u0105 (V.I.P.) poprzez tw\u00f3rcz\u0105 ekspresj\u0119, rozw\u00f3j umiej\u0119tno\u015bci i w\u0142\u0105czenie w \u017cycie kulturalne i ekonomiczne. Realizowany od pa\u017adziernika 2022 do sierpnia 2025 roku projekt wykorzystuje potencja\u0142 sztuki ceramicznej, by wspiera\u0107 rozw\u00f3j psychomotoryczny, pewno\u015b\u0107 siebie i zatrudnialno\u015b\u0107 uczestnik\u00f3w.<\/p>\n<p>Inicjatywa CARE, kt\u00f3rej przewodzi zr\u00f3\u017cnicowane europejskie konsorcjum: I.E.R.F.O.P. ONLUS (W\u0142ochy), PRISM Impresa Sociale (W\u0142ochy), SIGMA (Grecja), Ardmore Education and Development (Irlandia), CSI \u2013 Center for Social Innovation (Cypr), i FRAME (Polska), anga\u017cuje zar\u00f3wno nauczycieli, jak i uczni\u00f3w w inkluzywn\u0105, transnarodow\u0105 podr\u00f3\u017c pe\u0142n\u0105 nauki i kreatywno\u015bci.<\/p>\n<p><strong>Budowanie potencja\u0142u edukator\u00f3w: Wsp\u00f3lne szkolenie <\/strong><strong>kadr<\/strong><strong> w Polsce<\/strong><\/p>\n<p>Kluczowym elementem projektu by\u0142o wydarzenie szkoleniowe Joint Staff Training, kt\u00f3re odby\u0142o si\u0119 w \u0141odzi (Polska), w dniach 22\u201328 pa\u017adziernika 2023 roku. Gospodarzem szkolenia by\u0142a Fundacja FRAME, a pi\u0119ciodniowy program wyposa\u017cy\u0142 edukator\u00f3w sztuki w innowacyjne narz\u0119dzia i podej\u015bcia do pracy z m\u0142odzie\u017c\u0105 z niepe\u0142nosprawno\u015bci\u0105 wzrokow\u0105. Zesp\u00f3\u0142 CSI z Cypru aktywnie uczestniczy\u0142 zar\u00f3wno w projektowaniu, jak i realizacji dzia\u0142a\u0144 edukacyjnych w formule pozaformalnej.<\/p>\n<p>Uczestnicy szkolenia zapoznali si\u0119 z modu\u0142ami teoretycznymi i praktycznymi dotycz\u0105cymi pracy z glin\u0105, strategii komunikacji inkluzyjnej oraz narz\u0119dzi adaptacyjnych dla uczni\u00f3w z niepe\u0142nosprawno\u015bci\u0105 wzrokow\u0105. Szkolenie wzmocni\u0142o wsp\u00f3\u0142prac\u0119 mi\u0119dzy partnerami oraz znacz\u0105co podnios\u0142o kompetencje trener\u00f3w w zakresie prowadzenia inkluzyjnej edukacji artystycznej.<\/p>\n<p>P\u00f3\u017aniejsza wizyta uczestnik\u00f3w z Cypru w Szkole dla Niewidomych umo\u017cliwi\u0142a im zdobycie bezpo\u015bredniego do\u015bwiadczenia w zakresie funkcjonowania dost\u0119pnych \u015brodowisk edukacyjnych.<\/p>\n<p><strong>Rozwijanie kreatywno\u015bci i umiej\u0119tno\u015bci: lokalne warsztaty ceramiczne<\/strong><\/p>\n<p>Jednym z g\u0142\u00f3wnych dzia\u0142a\u0144 w ramach projektu CARE by\u0142a realizacja 100-godzinnych lokalnych warsztat\u00f3w ceramicznych w ka\u017cdym z kraj\u00f3w partnerskich \u2013 w tym na Cyprze, gdzie CSI przeprowadzi\u0142o inkluzacyjne sesje szkoleniowe od lutego do listopada 2024 roku.<\/p>\n<p>Warsztaty odbywa\u0142y si\u0119 w dost\u0119pnych przestrzeniach, takich jak Kuns Studio w Nikozji, i \u0142\u0105czy\u0142y techniczne szkolenie z zakresu ceramiki z rozwijaniem umiej\u0119tno\u015bci mi\u0119kkich, przedsi\u0119biorczo\u015bci i eksploracj\u0105 kulturow\u0105. Uczestnikami byli g\u0142\u00f3wnie m\u0142odzi ludzie w wieku 15\u201327 lat, jednak ze wzgl\u0119d\u00f3w dost\u0119pno\u015bci i r\u00f3wno\u015bci w zaj\u0119ciach brali udzia\u0142 r\u00f3wnie\u017c starsi uczestnicy. W trakcie warsztat\u00f3w m\u0142odzie\u017c uczy\u0142a si\u0119 podstawowych technik ceramicznych, takich jak lepienie, toczenie (coiling), szkliwienie i grawerowanie, a tak\u017ce uczestniczy\u0142a w wizytach w muzeach, festiwalach i sesjach dotycz\u0105cych to\u017csamo\u015bci i zaanga\u017cowania spo\u0142ecznego.<\/p>\n<p>Ka\u017cde warsztaty prowadzone by\u0142y przez dedykowany zesp\u00f3\u0142 ceramik\u00f3w, ekspert\u00f3w z zakresu niepe\u0142nosprawno\u015bci wzrokowej (ze Szko\u0142y \u015bw. Barnaby dla Niewidomych) oraz trener\u00f3w m\u0142odzie\u017cowych. Dzia\u0142ania mia\u0142y na celu popraw\u0119 koordynacji psychoruchowej, wsparcie ekspresji tw\u00f3rczej oraz wprowadzenie uczestnik\u00f3w w zagadnienia takie jak marketing, budowanie portfolio i planowanie dzia\u0142alno\u015bci gospodarczej.<\/p>\n<p>Opinie uczestnik\u00f3w wskazywa\u0142y na wysoki poziom zaanga\u017cowania, poczucie osi\u0105gni\u0119\u0107 i wzrost pewno\u015bci siebie. Wielu z nich wyrazi\u0142o dum\u0119 z w\u0142asnych prac oraz ze wsp\u00f3\u0142pracy w przyjaznej atmosferze grupowej.<\/p>\n<p><strong>Edukacja transnarodowa: Blended mobility we W\u0142oszech<\/strong><\/p>\n<p>W dniach 6\u201312 pa\u017adziernika 2024 roku, wybrani uczestnicy projektu wzi\u0119li udzia\u0142 w Zintegrowana mobilno\u015b\u0107 os\u00f3b ucz\u0105cych si\u0119 w Cagliari, we W\u0142oszech.<br \/>\nTo wydarzenie umo\u017cliwi\u0142o m\u0142odzie\u017cy z kraj\u00f3w partnerskich tygodniow\u0105 wymian\u0119 kulturow\u0105, wsp\u00f3lne uczenie si\u0119 i dzia\u0142ania tw\u00f3rcze. Mobilno\u015b\u0107 bazowa\u0142a na umiej\u0119tno\u015bciach zdobytych podczas lokalnych warsztat\u00f3w i wzmacnia\u0142a europejsk\u0105 to\u017csamo\u015b\u0107 oraz inkluzyjn\u0105 wizj\u0119 projektu.<\/p>\n<p><strong>\u015awi\u0119towanie talentu: inicjatywa \u201eMy First Artwork\u201d<\/strong><\/p>\n<p>Szczeg\u00f3lnie inspiruj\u0105cym elementem projektu jest inicjatywa <strong>\u201eMy First Artwork\u201d<\/strong>, opracowana we wsp\u00f3\u0142pracy ze <strong>Szko\u0142\u0105 dla Niewidomych na Cyprze<\/strong>.<br \/>\nW jej ramach powsta\u0142e dzie\u0142a ceramiczne zosta\u0142y na sta\u0142e zaprezentowane w<strong> Muzeum Dotykowym szko\u0142y<\/strong>, stanowi\u0105c trwa\u0142y dow\u00f3d kreatywno\u015bci i talentu uczestnik\u00f3w.<\/p>\n<p>Wybrane prace zostan\u0105 r\u00f3wnie\u017c pokazane podczas <strong>Diversity Forum <\/strong>organizowanego przez<strong> CSI <\/strong>w dniu<strong> 22 maja 2025 roku<\/strong>, daj\u0105c m\u0142odym artystom platform\u0119 do dzielenia si\u0119 swoimi historiami i inspirowania szerszej publiczno\u015bci.<\/p>\n<p><strong>Dowiedz si\u0119 wi\u0119cej i b\u0105d\u017a na bie\u017c\u0105co:<\/strong><\/p>\n<p>Projekt CARE wspiera nie tylko rozw\u00f3j osobisty uczestnik\u00f3w, ale oferuje tak\u017ce warto\u015bciowe zasoby edukacyjne dla nauczycieli i pracownik\u00f3w m\u0142odzie\u017cowych. Zapraszamy do zapoznania si\u0119 z <strong>materia\u0142ami dydaktycznymi i narz\u0119dziami<\/strong> na stronie:<br \/>\n\ud83d\udd17 <a href=\"https:\/\/www.care-platform.eu\/index.php\/learning-material\">https:\/\/www.care-platform.eu\/index.php\/learning-material<\/a><\/p>\n<p>B\u0105d\u017a z nami w kontakcie:<br \/>\n\ud83d\udcd8 Facebook: <a href=\"https:\/\/www.facebook.com\/profile.php?id=100089681793048\">CARE Project EU<\/a><br \/>\n\ud83d\udcf7 Instagram: <a href=\"https:\/\/www.instagram.com\/care_project_eu\/?next=%2F\">@care_project_eu<\/a><br \/>\n\u25b6\ufe0f YouTube: <a href=\"https:\/\/www.youtube.com\/@careeu\/featured\">CARE EU<\/a><\/p>\n<p>Projekt CARE jest przyk\u0142adem na to, jak inkluzyjna i tw\u00f3rcza edukacja mo\u017ce otwiera\u0107 nowe \u015bcie\u017cki do wzmocnienia, godno\u015bci i zatrudnienia m\u0142odych os\u00f3b z niepe\u0142nosprawno\u015bci\u0105 wzrokow\u0105 w ca\u0142ej Europie.<\/p>\n","protected":false},"excerpt":{"rendered":"<p>Projekt Erasmus+ C.A.R.E. \u2013 Zwi\u0119kszanie poczucia w\u0142asnej warto\u015bci i\u00a0szans na\u00a0zatrudnienie os\u00f3b z\u00a0niepe\u0142nosprawno\u015bci\u0105 wzrokow\u0105 poprzez kszta\u0142towanie ich kompetencji psychomotorycznych w\u00a0pracy z\u00a0ceramik\u0105 to nowatorska inicjatywa, kt\u00f3rej celem jest wzmocnienie m\u0142odzie\u017cy z niepe\u0142nosprawno\u015bci\u0105 wzrokow\u0105 (V.I.P.) poprzez tw\u00f3rcz\u0105 ekspresj\u0119, rozw\u00f3j umiej\u0119tno\u015bci i w\u0142\u0105czenie w \u017cycie kulturalne i ekonomiczne. Realizowany od pa\u017adziernika 2022 do sierpnia 2025 roku projekt wykorzystuje potencja\u0142 sztuki ceramicznej, by wspiera\u0107 rozw\u00f3j psychomotoryczny, pewno\u015b\u0107 siebie i zatrudnialno\u015b\u0107 uczestnik\u00f3w. Inicjatywa CARE, kt\u00f3rej przewodzi zr\u00f3\u017cnicowane europejskie konsorcjum: I.E.R.F.O.P. ONLUS (W\u0142ochy), PRISM Impresa Sociale (W\u0142ochy), SIGMA (Grecja), Ardmore Education and Development (Irlandia), CSI \u2013 Center for Social Innovation (Cypr), i FRAME (Polska), anga\u017cuje zar\u00f3wno nauczycieli, jak i uczni\u00f3w w inkluzywn\u0105, transnarodow\u0105 podr\u00f3\u017c pe\u0142n\u0105 nauki i kreatywno\u015bci. Budowanie potencja\u0142u edukator\u00f3w: Wsp\u00f3lne szkolenie kadr w Polsce Kluczowym elementem projektu by\u0142o wydarzenie szkoleniowe Joint Staff Training, kt\u00f3re odby\u0142o si\u0119 w \u0141odzi (Polska), w dniach 22\u201328 pa\u017adziernika 2023 roku. Gospodarzem szkolenia by\u0142a Fundacja FRAME, a pi\u0119ciodniowy program wyposa\u017cy\u0142 edukator\u00f3w sztuki w innowacyjne narz\u0119dzia i podej\u015bcia do pracy z m\u0142odzie\u017c\u0105 z niepe\u0142nosprawno\u015bci\u0105 wzrokow\u0105. Zesp\u00f3\u0142 CSI z Cypru aktywnie uczestniczy\u0142 zar\u00f3wno w projektowaniu, jak i realizacji dzia\u0142a\u0144 edukacyjnych w formule pozaformalnej. Uczestnicy szkolenia zapoznali si\u0119 z modu\u0142ami teoretycznymi i praktycznymi dotycz\u0105cymi pracy z glin\u0105, strategii komunikacji inkluzyjnej oraz narz\u0119dzi adaptacyjnych dla uczni\u00f3w z niepe\u0142nosprawno\u015bci\u0105 wzrokow\u0105. Szkolenie wzmocni\u0142o wsp\u00f3\u0142prac\u0119 mi\u0119dzy partnerami oraz znacz\u0105co podnios\u0142o kompetencje trener\u00f3w w zakresie prowadzenia inkluzyjnej edukacji artystycznej. P\u00f3\u017aniejsza wizyta uczestnik\u00f3w z Cypru w Szkole dla Niewidomych umo\u017cliwi\u0142a im zdobycie bezpo\u015bredniego do\u015bwiadczenia w zakresie funkcjonowania dost\u0119pnych \u015brodowisk edukacyjnych. Rozwijanie kreatywno\u015bci i umiej\u0119tno\u015bci: lokalne warsztaty ceramiczne Jednym z g\u0142\u00f3wnych dzia\u0142a\u0144 w ramach projektu CARE by\u0142a realizacja 100-godzinnych lokalnych warsztat\u00f3w ceramicznych w ka\u017cdym z kraj\u00f3w partnerskich \u2013 w tym na Cyprze, gdzie CSI przeprowadzi\u0142o inkluzacyjne sesje szkoleniowe od lutego do listopada 2024 roku. Warsztaty odbywa\u0142y si\u0119 w dost\u0119pnych przestrzeniach, takich jak Kuns Studio w Nikozji, i \u0142\u0105czy\u0142y techniczne szkolenie z zakresu ceramiki z rozwijaniem umiej\u0119tno\u015bci mi\u0119kkich, przedsi\u0119biorczo\u015bci i eksploracj\u0105 kulturow\u0105. Uczestnikami byli g\u0142\u00f3wnie m\u0142odzi ludzie w wieku 15\u201327 lat, jednak ze wzgl\u0119d\u00f3w dost\u0119pno\u015bci i r\u00f3wno\u015bci w zaj\u0119ciach brali udzia\u0142 r\u00f3wnie\u017c starsi uczestnicy. W trakcie warsztat\u00f3w m\u0142odzie\u017c uczy\u0142a si\u0119 podstawowych technik ceramicznych, takich jak lepienie, toczenie (coiling), szkliwienie i grawerowanie, a tak\u017ce uczestniczy\u0142a w wizytach w muzeach, festiwalach i sesjach dotycz\u0105cych to\u017csamo\u015bci i zaanga\u017cowania spo\u0142ecznego. Ka\u017cde warsztaty prowadzone by\u0142y przez dedykowany zesp\u00f3\u0142 ceramik\u00f3w, ekspert\u00f3w z zakresu niepe\u0142nosprawno\u015bci wzrokowej (ze Szko\u0142y \u015bw. Barnaby dla Niewidomych) oraz trener\u00f3w m\u0142odzie\u017cowych. Dzia\u0142ania mia\u0142y na celu popraw\u0119 koordynacji psychoruchowej, wsparcie ekspresji tw\u00f3rczej oraz wprowadzenie uczestnik\u00f3w w zagadnienia takie jak marketing, budowanie portfolio i planowanie dzia\u0142alno\u015bci gospodarczej. Opinie uczestnik\u00f3w wskazywa\u0142y na wysoki poziom zaanga\u017cowania, poczucie osi\u0105gni\u0119\u0107 i wzrost pewno\u015bci siebie. Wielu z nich wyrazi\u0142o dum\u0119 z w\u0142asnych prac oraz ze wsp\u00f3\u0142pracy w przyjaznej atmosferze grupowej. Edukacja transnarodowa: Blended mobility we W\u0142oszech W dniach 6\u201312 pa\u017adziernika 2024 roku, wybrani uczestnicy projektu wzi\u0119li udzia\u0142 w Zintegrowana mobilno\u015b\u0107 os\u00f3b ucz\u0105cych si\u0119 w Cagliari, we W\u0142oszech. To wydarzenie umo\u017cliwi\u0142o m\u0142odzie\u017cy z kraj\u00f3w partnerskich tygodniow\u0105 wymian\u0119 kulturow\u0105, wsp\u00f3lne uczenie si\u0119 i dzia\u0142ania tw\u00f3rcze. Mobilno\u015b\u0107 bazowa\u0142a na umiej\u0119tno\u015bciach zdobytych podczas lokalnych warsztat\u00f3w i wzmacnia\u0142a europejsk\u0105 to\u017csamo\u015b\u0107 oraz inkluzyjn\u0105 wizj\u0119 projektu. \u015awi\u0119towanie talentu: inicjatywa \u201eMy First Artwork\u201d Szczeg\u00f3lnie inspiruj\u0105cym elementem projektu jest inicjatywa \u201eMy First Artwork\u201d, opracowana we wsp\u00f3\u0142pracy ze Szko\u0142\u0105 dla Niewidomych na Cyprze. W jej ramach powsta\u0142e dzie\u0142a ceramiczne zosta\u0142y na sta\u0142e zaprezentowane w Muzeum Dotykowym szko\u0142y, stanowi\u0105c trwa\u0142y dow\u00f3d kreatywno\u015bci i talentu uczestnik\u00f3w. Wybrane prace zostan\u0105 r\u00f3wnie\u017c pokazane podczas Diversity Forum organizowanego przez CSI w dniu 22 maja 2025 roku, daj\u0105c m\u0142odym artystom platform\u0119 do dzielenia si\u0119 swoimi historiami i inspirowania szerszej publiczno\u015bci. Dowiedz si\u0119 wi\u0119cej i b\u0105d\u017a na bie\u017c\u0105co: Projekt CARE wspiera nie tylko rozw\u00f3j osobisty uczestnik\u00f3w, ale oferuje tak\u017ce warto\u015bciowe zasoby edukacyjne dla nauczycieli i pracownik\u00f3w m\u0142odzie\u017cowych. Zapraszamy do zapoznania si\u0119 z materia\u0142ami dydaktycznymi i narz\u0119dziami na stronie: \ud83d\udd17 https:\/\/www.care-platform.eu\/index.php\/learning-material B\u0105d\u017a z nami w kontakcie: \ud83d\udcd8 Facebook: CARE Project EU \ud83d\udcf7 Instagram: @care_project_eu \u25b6\ufe0f YouTube: CARE EU Projekt CARE jest przyk\u0142adem na to, jak inkluzyjna i tw\u00f3rcza edukacja mo\u017ce otwiera\u0107 nowe \u015bcie\u017cki do wzmocnienia, godno\u015bci i zatrudnienia m\u0142odych os\u00f3b z niepe\u0142nosprawno\u015bci\u0105 wzrokow\u0105 w ca\u0142ej Europie.<\/p>\n","protected":false},"author":1,"featured_media":0,"comment_status":"open","ping_status":"open","sticky":false,"template":"","format":"standard","meta":{"_exactmetrics_skip_tracking":false,"_exactmetrics_sitenote_active":false,"_exactmetrics_sitenote_note":"","_exactmetrics_sitenote_category":0,"_monsterinsights_skip_tracking":false,"_monsterinsights_sitenote_active":false,"_monsterinsights_sitenote_note":"","_monsterinsights_sitenote_category":0,"site-sidebar-layout":"default","site-content-layout":"","ast-site-content-layout":"default","site-content-style":"default","site-sidebar-style":"default","ast-global-header-display":"","ast-banner-title-visibility":"","ast-main-header-display":"","ast-hfb-above-header-display":"","ast-hfb-below-header-display":"","ast-hfb-mobile-header-display":"","site-post-title":"","ast-breadcrumbs-content":"","ast-featured-img":"","footer-sml-layout":"","theme-transparent-header-meta":"default","adv-header-id-meta":"","stick-header-meta":"","header-above-stick-meta":"","header-main-stick-meta":"","header-below-stick-meta":"","astra-migrate-meta-layouts":"set","ast-page-background-enabled":"default","ast-page-background-meta":{"desktop":{"background-color":"var(--ast-global-color-4)","background-image":"","background-repeat":"repeat","background-position":"center center","background-size":"auto","background-attachment":"scroll","background-type":"","background-media":"","overlay-type":"","overlay-color":"","overlay-opacity":"","overlay-gradient":""},"tablet":{"background-color":"","background-image":"","background-repeat":"repeat","background-position":"center center","background-size":"auto","background-attachment":"scroll","background-type":"","background-media":"","overlay-type":"","overlay-color":"","overlay-opacity":"","overlay-gradient":""},"mobile":{"background-color":"","background-image":"","background-repeat":"repeat","background-position":"center center","background-size":"auto","background-attachment":"scroll","background-type":"","background-media":"","overlay-type":"","overlay-color":"","overlay-opacity":"","overlay-gradient":""}},"ast-content-background-meta":{"desktop":{"background-color":"var(--ast-global-color-5)","background-image":"","background-repeat":"repeat","background-position":"center center","background-size":"auto","background-attachment":"scroll","background-type":"","background-media":"","overlay-type":"","overlay-color":"","overlay-opacity":"","overlay-gradient":""},"tablet":{"background-color":"var(--ast-global-color-5)","background-image":"","background-repeat":"repeat","background-position":"center center","background-size":"auto","background-attachment":"scroll","background-type":"","background-media":"","overlay-type":"","overlay-color":"","overlay-opacity":"","overlay-gradient":""},"mobile":{"background-color":"var(--ast-global-color-5)","background-image":"","background-repeat":"repeat","background-position":"center center","background-size":"auto","background-attachment":"scroll","background-type":"","background-media":"","overlay-type":"","overlay-color":"","overlay-opacity":"","overlay-gradient":""}},"footnotes":""},"categories":[20],"tags":[],"class_list":["post-3717","post","type-post","status-publish","format-standard","hentry","category-uncategorized-pl"],"yoast_head":"<!-- This site is optimized with the Yoast SEO plugin v25.5 - https:\/\/yoast.com\/wordpress\/plugins\/seo\/ -->\n<title>Wzmacnianie m\u0142odzie\u017cy z niepe\u0142nosprawno\u015bci\u0105 wzrokow\u0105 poprzez sztuk\u0119 \u2013 projekt CARE w dzia\u0142aniu - C.A.R.E.<\/title>\n<meta name=\"robots\" content=\"index, follow, max-snippet:-1, max-image-preview:large, max-video-preview:-1\" \/>\n<link rel=\"canonical\" href=\"https:\/\/www.care-platform.eu\/index.php\/pl\/2025\/07\/25\/wzmacnianie-mlodziezy-z-niepelnosprawnoscia-wzrokowa-poprzez-sztuke-projekt-care-w-dzialaniu\/\" \/>\n<meta property=\"og:locale\" content=\"en_US\" \/>\n<meta property=\"og:type\" content=\"article\" \/>\n<meta property=\"og:title\" content=\"Wzmacnianie m\u0142odzie\u017cy z niepe\u0142nosprawno\u015bci\u0105 wzrokow\u0105 poprzez sztuk\u0119 \u2013 projekt CARE w dzia\u0142aniu - C.A.R.E.\" \/>\n<meta property=\"og:description\" content=\"Projekt Erasmus+ C.A.R.E. \u2013 Zwi\u0119kszanie poczucia w\u0142asnej warto\u015bci i\u00a0szans na\u00a0zatrudnienie os\u00f3b z\u00a0niepe\u0142nosprawno\u015bci\u0105 wzrokow\u0105 poprzez kszta\u0142towanie ich kompetencji psychomotorycznych w\u00a0pracy z\u00a0ceramik\u0105 to nowatorska inicjatywa, kt\u00f3rej celem jest wzmocnienie m\u0142odzie\u017cy z niepe\u0142nosprawno\u015bci\u0105 wzrokow\u0105 (V.I.P.) poprzez tw\u00f3rcz\u0105 ekspresj\u0119, rozw\u00f3j umiej\u0119tno\u015bci i w\u0142\u0105czenie w \u017cycie kulturalne i ekonomiczne. Realizowany od pa\u017adziernika 2022 do sierpnia 2025 roku projekt wykorzystuje potencja\u0142 sztuki ceramicznej, by wspiera\u0107 rozw\u00f3j psychomotoryczny, pewno\u015b\u0107 siebie i zatrudnialno\u015b\u0107 uczestnik\u00f3w. Inicjatywa CARE, kt\u00f3rej przewodzi zr\u00f3\u017cnicowane europejskie konsorcjum: I.E.R.F.O.P. ONLUS (W\u0142ochy), PRISM Impresa Sociale (W\u0142ochy), SIGMA (Grecja), Ardmore Education and Development (Irlandia), CSI \u2013 Center for Social Innovation (Cypr), i FRAME (Polska), anga\u017cuje zar\u00f3wno nauczycieli, jak i uczni\u00f3w w inkluzywn\u0105, transnarodow\u0105 podr\u00f3\u017c pe\u0142n\u0105 nauki i kreatywno\u015bci. Budowanie potencja\u0142u edukator\u00f3w: Wsp\u00f3lne szkolenie kadr w Polsce Kluczowym elementem projektu by\u0142o wydarzenie szkoleniowe Joint Staff Training, kt\u00f3re odby\u0142o si\u0119 w \u0141odzi (Polska), w dniach 22\u201328 pa\u017adziernika 2023 roku. Gospodarzem szkolenia by\u0142a Fundacja FRAME, a pi\u0119ciodniowy program wyposa\u017cy\u0142 edukator\u00f3w sztuki w innowacyjne narz\u0119dzia i podej\u015bcia do pracy z m\u0142odzie\u017c\u0105 z niepe\u0142nosprawno\u015bci\u0105 wzrokow\u0105. Zesp\u00f3\u0142 CSI z Cypru aktywnie uczestniczy\u0142 zar\u00f3wno w projektowaniu, jak i realizacji dzia\u0142a\u0144 edukacyjnych w formule pozaformalnej. Uczestnicy szkolenia zapoznali si\u0119 z modu\u0142ami teoretycznymi i praktycznymi dotycz\u0105cymi pracy z glin\u0105, strategii komunikacji inkluzyjnej oraz narz\u0119dzi adaptacyjnych dla uczni\u00f3w z niepe\u0142nosprawno\u015bci\u0105 wzrokow\u0105. Szkolenie wzmocni\u0142o wsp\u00f3\u0142prac\u0119 mi\u0119dzy partnerami oraz znacz\u0105co podnios\u0142o kompetencje trener\u00f3w w zakresie prowadzenia inkluzyjnej edukacji artystycznej. P\u00f3\u017aniejsza wizyta uczestnik\u00f3w z Cypru w Szkole dla Niewidomych umo\u017cliwi\u0142a im zdobycie bezpo\u015bredniego do\u015bwiadczenia w zakresie funkcjonowania dost\u0119pnych \u015brodowisk edukacyjnych. Rozwijanie kreatywno\u015bci i umiej\u0119tno\u015bci: lokalne warsztaty ceramiczne Jednym z g\u0142\u00f3wnych dzia\u0142a\u0144 w ramach projektu CARE by\u0142a realizacja 100-godzinnych lokalnych warsztat\u00f3w ceramicznych w ka\u017cdym z kraj\u00f3w partnerskich \u2013 w tym na Cyprze, gdzie CSI przeprowadzi\u0142o inkluzacyjne sesje szkoleniowe od lutego do listopada 2024 roku. Warsztaty odbywa\u0142y si\u0119 w dost\u0119pnych przestrzeniach, takich jak Kuns Studio w Nikozji, i \u0142\u0105czy\u0142y techniczne szkolenie z zakresu ceramiki z rozwijaniem umiej\u0119tno\u015bci mi\u0119kkich, przedsi\u0119biorczo\u015bci i eksploracj\u0105 kulturow\u0105. Uczestnikami byli g\u0142\u00f3wnie m\u0142odzi ludzie w wieku 15\u201327 lat, jednak ze wzgl\u0119d\u00f3w dost\u0119pno\u015bci i r\u00f3wno\u015bci w zaj\u0119ciach brali udzia\u0142 r\u00f3wnie\u017c starsi uczestnicy. W trakcie warsztat\u00f3w m\u0142odzie\u017c uczy\u0142a si\u0119 podstawowych technik ceramicznych, takich jak lepienie, toczenie (coiling), szkliwienie i grawerowanie, a tak\u017ce uczestniczy\u0142a w wizytach w muzeach, festiwalach i sesjach dotycz\u0105cych to\u017csamo\u015bci i zaanga\u017cowania spo\u0142ecznego. Ka\u017cde warsztaty prowadzone by\u0142y przez dedykowany zesp\u00f3\u0142 ceramik\u00f3w, ekspert\u00f3w z zakresu niepe\u0142nosprawno\u015bci wzrokowej (ze Szko\u0142y \u015bw. Barnaby dla Niewidomych) oraz trener\u00f3w m\u0142odzie\u017cowych. Dzia\u0142ania mia\u0142y na celu popraw\u0119 koordynacji psychoruchowej, wsparcie ekspresji tw\u00f3rczej oraz wprowadzenie uczestnik\u00f3w w zagadnienia takie jak marketing, budowanie portfolio i planowanie dzia\u0142alno\u015bci gospodarczej. Opinie uczestnik\u00f3w wskazywa\u0142y na wysoki poziom zaanga\u017cowania, poczucie osi\u0105gni\u0119\u0107 i wzrost pewno\u015bci siebie. Wielu z nich wyrazi\u0142o dum\u0119 z w\u0142asnych prac oraz ze wsp\u00f3\u0142pracy w przyjaznej atmosferze grupowej. Edukacja transnarodowa: Blended mobility we W\u0142oszech W dniach 6\u201312 pa\u017adziernika 2024 roku, wybrani uczestnicy projektu wzi\u0119li udzia\u0142 w Zintegrowana mobilno\u015b\u0107 os\u00f3b ucz\u0105cych si\u0119 w Cagliari, we W\u0142oszech. To wydarzenie umo\u017cliwi\u0142o m\u0142odzie\u017cy z kraj\u00f3w partnerskich tygodniow\u0105 wymian\u0119 kulturow\u0105, wsp\u00f3lne uczenie si\u0119 i dzia\u0142ania tw\u00f3rcze. Mobilno\u015b\u0107 bazowa\u0142a na umiej\u0119tno\u015bciach zdobytych podczas lokalnych warsztat\u00f3w i wzmacnia\u0142a europejsk\u0105 to\u017csamo\u015b\u0107 oraz inkluzyjn\u0105 wizj\u0119 projektu. \u015awi\u0119towanie talentu: inicjatywa \u201eMy First Artwork\u201d Szczeg\u00f3lnie inspiruj\u0105cym elementem projektu jest inicjatywa \u201eMy First Artwork\u201d, opracowana we wsp\u00f3\u0142pracy ze Szko\u0142\u0105 dla Niewidomych na Cyprze. W jej ramach powsta\u0142e dzie\u0142a ceramiczne zosta\u0142y na sta\u0142e zaprezentowane w Muzeum Dotykowym szko\u0142y, stanowi\u0105c trwa\u0142y dow\u00f3d kreatywno\u015bci i talentu uczestnik\u00f3w. Wybrane prace zostan\u0105 r\u00f3wnie\u017c pokazane podczas Diversity Forum organizowanego przez CSI w dniu 22 maja 2025 roku, daj\u0105c m\u0142odym artystom platform\u0119 do dzielenia si\u0119 swoimi historiami i inspirowania szerszej publiczno\u015bci. Dowiedz si\u0119 wi\u0119cej i b\u0105d\u017a na bie\u017c\u0105co: Projekt CARE wspiera nie tylko rozw\u00f3j osobisty uczestnik\u00f3w, ale oferuje tak\u017ce warto\u015bciowe zasoby edukacyjne dla nauczycieli i pracownik\u00f3w m\u0142odzie\u017cowych. Zapraszamy do zapoznania si\u0119 z materia\u0142ami dydaktycznymi i narz\u0119dziami na stronie: \ud83d\udd17 https:\/\/www.care-platform.eu\/index.php\/learning-material B\u0105d\u017a z nami w kontakcie: \ud83d\udcd8 Facebook: CARE Project EU \ud83d\udcf7 Instagram: @care_project_eu \u25b6\ufe0f YouTube: CARE EU Projekt CARE jest przyk\u0142adem na to, jak inkluzyjna i tw\u00f3rcza edukacja mo\u017ce otwiera\u0107 nowe \u015bcie\u017cki do wzmocnienia, godno\u015bci i zatrudnienia m\u0142odych os\u00f3b z niepe\u0142nosprawno\u015bci\u0105 wzrokow\u0105 w ca\u0142ej Europie.\" \/>\n<meta property=\"og:url\" content=\"https:\/\/www.care-platform.eu\/index.php\/pl\/2025\/07\/25\/wzmacnianie-mlodziezy-z-niepelnosprawnoscia-wzrokowa-poprzez-sztuke-projekt-care-w-dzialaniu\/\" \/>\n<meta property=\"og:site_name\" content=\"C.A.R.E.\" \/>\n<meta property=\"article:published_time\" content=\"2025-07-25T10:06:09+00:00\" \/>\n<meta property=\"article:modified_time\" content=\"2025-08-02T10:06:45+00:00\" \/>\n<meta name=\"author\" content=\"admin\" \/>\n<meta name=\"twitter:card\" content=\"summary_large_image\" \/>\n<meta name=\"twitter:label1\" content=\"Written by\" \/>\n\t<meta name=\"twitter:data1\" content=\"admin\" \/>\n\t<meta name=\"twitter:label2\" content=\"Est. reading time\" \/>\n\t<meta name=\"twitter:data2\" content=\"3 minutes\" \/>\n<script type=\"application\/ld+json\" class=\"yoast-schema-graph\">{\"@context\":\"https:\/\/schema.org\",\"@graph\":[{\"@type\":\"Article\",\"@id\":\"https:\/\/www.care-platform.eu\/index.php\/pl\/2025\/07\/25\/wzmacnianie-mlodziezy-z-niepelnosprawnoscia-wzrokowa-poprzez-sztuke-projekt-care-w-dzialaniu\/#article\",\"isPartOf\":{\"@id\":\"https:\/\/www.care-platform.eu\/index.php\/pl\/2025\/07\/25\/wzmacnianie-mlodziezy-z-niepelnosprawnoscia-wzrokowa-poprzez-sztuke-projekt-care-w-dzialaniu\/\"},\"author\":{\"name\":\"admin\",\"@id\":\"https:\/\/www.care-platform.eu\/#\/schema\/person\/290df17b1298613ab5025d8b3f4de953\"},\"headline\":\"Wzmacnianie m\u0142odzie\u017cy z niepe\u0142nosprawno\u015bci\u0105 wzrokow\u0105 poprzez sztuk\u0119 \u2013 projekt CARE w dzia\u0142aniu\",\"datePublished\":\"2025-07-25T10:06:09+00:00\",\"dateModified\":\"2025-08-02T10:06:45+00:00\",\"mainEntityOfPage\":{\"@id\":\"https:\/\/www.care-platform.eu\/index.php\/pl\/2025\/07\/25\/wzmacnianie-mlodziezy-z-niepelnosprawnoscia-wzrokowa-poprzez-sztuke-projekt-care-w-dzialaniu\/\"},\"wordCount\":867,\"commentCount\":0,\"publisher\":{\"@id\":\"https:\/\/www.care-platform.eu\/#organization\"},\"inLanguage\":\"en-US\",\"potentialAction\":[{\"@type\":\"CommentAction\",\"name\":\"Comment\",\"target\":[\"https:\/\/www.care-platform.eu\/index.php\/pl\/2025\/07\/25\/wzmacnianie-mlodziezy-z-niepelnosprawnoscia-wzrokowa-poprzez-sztuke-projekt-care-w-dzialaniu\/#respond\"]}]},{\"@type\":\"WebPage\",\"@id\":\"https:\/\/www.care-platform.eu\/index.php\/pl\/2025\/07\/25\/wzmacnianie-mlodziezy-z-niepelnosprawnoscia-wzrokowa-poprzez-sztuke-projekt-care-w-dzialaniu\/\",\"url\":\"https:\/\/www.care-platform.eu\/index.php\/pl\/2025\/07\/25\/wzmacnianie-mlodziezy-z-niepelnosprawnoscia-wzrokowa-poprzez-sztuke-projekt-care-w-dzialaniu\/\",\"name\":\"Wzmacnianie m\u0142odzie\u017cy z niepe\u0142nosprawno\u015bci\u0105 wzrokow\u0105 poprzez sztuk\u0119 \u2013 projekt CARE w dzia\u0142aniu - C.A.R.E.\",\"isPartOf\":{\"@id\":\"https:\/\/www.care-platform.eu\/#website\"},\"datePublished\":\"2025-07-25T10:06:09+00:00\",\"dateModified\":\"2025-08-02T10:06:45+00:00\",\"breadcrumb\":{\"@id\":\"https:\/\/www.care-platform.eu\/index.php\/pl\/2025\/07\/25\/wzmacnianie-mlodziezy-z-niepelnosprawnoscia-wzrokowa-poprzez-sztuke-projekt-care-w-dzialaniu\/#breadcrumb\"},\"inLanguage\":\"en-US\",\"potentialAction\":[{\"@type\":\"ReadAction\",\"target\":[\"https:\/\/www.care-platform.eu\/index.php\/pl\/2025\/07\/25\/wzmacnianie-mlodziezy-z-niepelnosprawnoscia-wzrokowa-poprzez-sztuke-projekt-care-w-dzialaniu\/\"]}]},{\"@type\":\"BreadcrumbList\",\"@id\":\"https:\/\/www.care-platform.eu\/index.php\/pl\/2025\/07\/25\/wzmacnianie-mlodziezy-z-niepelnosprawnoscia-wzrokowa-poprzez-sztuke-projekt-care-w-dzialaniu\/#breadcrumb\",\"itemListElement\":[{\"@type\":\"ListItem\",\"position\":1,\"name\":\"Home\",\"item\":\"https:\/\/www.care-platform.eu\/\"},{\"@type\":\"ListItem\",\"position\":2,\"name\":\"Wzmacnianie m\u0142odzie\u017cy z niepe\u0142nosprawno\u015bci\u0105 wzrokow\u0105 poprzez sztuk\u0119 \u2013 projekt CARE w dzia\u0142aniu\"}]},{\"@type\":\"WebSite\",\"@id\":\"https:\/\/www.care-platform.eu\/#website\",\"url\":\"https:\/\/www.care-platform.eu\/\",\"name\":\"C.A.R.E.\",\"description\":\"\",\"publisher\":{\"@id\":\"https:\/\/www.care-platform.eu\/#organization\"},\"potentialAction\":[{\"@type\":\"SearchAction\",\"target\":{\"@type\":\"EntryPoint\",\"urlTemplate\":\"https:\/\/www.care-platform.eu\/?s={search_term_string}\"},\"query-input\":{\"@type\":\"PropertyValueSpecification\",\"valueRequired\":true,\"valueName\":\"search_term_string\"}}],\"inLanguage\":\"en-US\"},{\"@type\":\"Organization\",\"@id\":\"https:\/\/www.care-platform.eu\/#organization\",\"name\":\"C.A.R.E.\",\"url\":\"https:\/\/www.care-platform.eu\/\",\"logo\":{\"@type\":\"ImageObject\",\"inLanguage\":\"en-US\",\"@id\":\"https:\/\/www.care-platform.eu\/#\/schema\/logo\/image\/\",\"url\":\"https:\/\/www.care-platform.eu\/wp-content\/uploads\/2023\/04\/cropped-cropped-logo-1-1.png\",\"contentUrl\":\"https:\/\/www.care-platform.eu\/wp-content\/uploads\/2023\/04\/cropped-cropped-logo-1-1.png\",\"width\":127,\"height\":153,\"caption\":\"C.A.R.E.\"},\"image\":{\"@id\":\"https:\/\/www.care-platform.eu\/#\/schema\/logo\/image\/\"}},{\"@type\":\"Person\",\"@id\":\"https:\/\/www.care-platform.eu\/#\/schema\/person\/290df17b1298613ab5025d8b3f4de953\",\"name\":\"admin\",\"image\":{\"@type\":\"ImageObject\",\"inLanguage\":\"en-US\",\"@id\":\"https:\/\/www.care-platform.eu\/#\/schema\/person\/image\/\",\"url\":\"https:\/\/secure.gravatar.com\/avatar\/6a10196b803b7bcbcadb30b586c5b2a3841013d254b8676359791fac2b00b403?s=96&d=mm&r=g\",\"contentUrl\":\"https:\/\/secure.gravatar.com\/avatar\/6a10196b803b7bcbcadb30b586c5b2a3841013d254b8676359791fac2b00b403?s=96&d=mm&r=g\",\"caption\":\"admin\"},\"sameAs\":[\"http:\/\/32903897134170577.blog.com.gr\"],\"url\":\"https:\/\/www.care-platform.eu\/index.php\/author\/tourniss_sq4t7cxk\/\"}]}<\/script>\n<!-- \/ Yoast SEO plugin. -->","yoast_head_json":{"title":"Wzmacnianie m\u0142odzie\u017cy z niepe\u0142nosprawno\u015bci\u0105 wzrokow\u0105 poprzez sztuk\u0119 \u2013 projekt CARE w dzia\u0142aniu - C.A.R.E.","robots":{"index":"index","follow":"follow","max-snippet":"max-snippet:-1","max-image-preview":"max-image-preview:large","max-video-preview":"max-video-preview:-1"},"canonical":"https:\/\/www.care-platform.eu\/index.php\/pl\/2025\/07\/25\/wzmacnianie-mlodziezy-z-niepelnosprawnoscia-wzrokowa-poprzez-sztuke-projekt-care-w-dzialaniu\/","og_locale":"en_US","og_type":"article","og_title":"Wzmacnianie m\u0142odzie\u017cy z niepe\u0142nosprawno\u015bci\u0105 wzrokow\u0105 poprzez sztuk\u0119 \u2013 projekt CARE w dzia\u0142aniu - C.A.R.E.","og_description":"Projekt Erasmus+ C.A.R.E. \u2013 Zwi\u0119kszanie poczucia w\u0142asnej warto\u015bci i\u00a0szans na\u00a0zatrudnienie os\u00f3b z\u00a0niepe\u0142nosprawno\u015bci\u0105 wzrokow\u0105 poprzez kszta\u0142towanie ich kompetencji psychomotorycznych w\u00a0pracy z\u00a0ceramik\u0105 to nowatorska inicjatywa, kt\u00f3rej celem jest wzmocnienie m\u0142odzie\u017cy z niepe\u0142nosprawno\u015bci\u0105 wzrokow\u0105 (V.I.P.) poprzez tw\u00f3rcz\u0105 ekspresj\u0119, rozw\u00f3j umiej\u0119tno\u015bci i w\u0142\u0105czenie w \u017cycie kulturalne i ekonomiczne. Realizowany od pa\u017adziernika 2022 do sierpnia 2025 roku projekt wykorzystuje potencja\u0142 sztuki ceramicznej, by wspiera\u0107 rozw\u00f3j psychomotoryczny, pewno\u015b\u0107 siebie i zatrudnialno\u015b\u0107 uczestnik\u00f3w. Inicjatywa CARE, kt\u00f3rej przewodzi zr\u00f3\u017cnicowane europejskie konsorcjum: I.E.R.F.O.P. ONLUS (W\u0142ochy), PRISM Impresa Sociale (W\u0142ochy), SIGMA (Grecja), Ardmore Education and Development (Irlandia), CSI \u2013 Center for Social Innovation (Cypr), i FRAME (Polska), anga\u017cuje zar\u00f3wno nauczycieli, jak i uczni\u00f3w w inkluzywn\u0105, transnarodow\u0105 podr\u00f3\u017c pe\u0142n\u0105 nauki i kreatywno\u015bci. Budowanie potencja\u0142u edukator\u00f3w: Wsp\u00f3lne szkolenie kadr w Polsce Kluczowym elementem projektu by\u0142o wydarzenie szkoleniowe Joint Staff Training, kt\u00f3re odby\u0142o si\u0119 w \u0141odzi (Polska), w dniach 22\u201328 pa\u017adziernika 2023 roku. Gospodarzem szkolenia by\u0142a Fundacja FRAME, a pi\u0119ciodniowy program wyposa\u017cy\u0142 edukator\u00f3w sztuki w innowacyjne narz\u0119dzia i podej\u015bcia do pracy z m\u0142odzie\u017c\u0105 z niepe\u0142nosprawno\u015bci\u0105 wzrokow\u0105. Zesp\u00f3\u0142 CSI z Cypru aktywnie uczestniczy\u0142 zar\u00f3wno w projektowaniu, jak i realizacji dzia\u0142a\u0144 edukacyjnych w formule pozaformalnej. Uczestnicy szkolenia zapoznali si\u0119 z modu\u0142ami teoretycznymi i praktycznymi dotycz\u0105cymi pracy z glin\u0105, strategii komunikacji inkluzyjnej oraz narz\u0119dzi adaptacyjnych dla uczni\u00f3w z niepe\u0142nosprawno\u015bci\u0105 wzrokow\u0105. Szkolenie wzmocni\u0142o wsp\u00f3\u0142prac\u0119 mi\u0119dzy partnerami oraz znacz\u0105co podnios\u0142o kompetencje trener\u00f3w w zakresie prowadzenia inkluzyjnej edukacji artystycznej. P\u00f3\u017aniejsza wizyta uczestnik\u00f3w z Cypru w Szkole dla Niewidomych umo\u017cliwi\u0142a im zdobycie bezpo\u015bredniego do\u015bwiadczenia w zakresie funkcjonowania dost\u0119pnych \u015brodowisk edukacyjnych. Rozwijanie kreatywno\u015bci i umiej\u0119tno\u015bci: lokalne warsztaty ceramiczne Jednym z g\u0142\u00f3wnych dzia\u0142a\u0144 w ramach projektu CARE by\u0142a realizacja 100-godzinnych lokalnych warsztat\u00f3w ceramicznych w ka\u017cdym z kraj\u00f3w partnerskich \u2013 w tym na Cyprze, gdzie CSI przeprowadzi\u0142o inkluzacyjne sesje szkoleniowe od lutego do listopada 2024 roku. Warsztaty odbywa\u0142y si\u0119 w dost\u0119pnych przestrzeniach, takich jak Kuns Studio w Nikozji, i \u0142\u0105czy\u0142y techniczne szkolenie z zakresu ceramiki z rozwijaniem umiej\u0119tno\u015bci mi\u0119kkich, przedsi\u0119biorczo\u015bci i eksploracj\u0105 kulturow\u0105. Uczestnikami byli g\u0142\u00f3wnie m\u0142odzi ludzie w wieku 15\u201327 lat, jednak ze wzgl\u0119d\u00f3w dost\u0119pno\u015bci i r\u00f3wno\u015bci w zaj\u0119ciach brali udzia\u0142 r\u00f3wnie\u017c starsi uczestnicy. W trakcie warsztat\u00f3w m\u0142odzie\u017c uczy\u0142a si\u0119 podstawowych technik ceramicznych, takich jak lepienie, toczenie (coiling), szkliwienie i grawerowanie, a tak\u017ce uczestniczy\u0142a w wizytach w muzeach, festiwalach i sesjach dotycz\u0105cych to\u017csamo\u015bci i zaanga\u017cowania spo\u0142ecznego. Ka\u017cde warsztaty prowadzone by\u0142y przez dedykowany zesp\u00f3\u0142 ceramik\u00f3w, ekspert\u00f3w z zakresu niepe\u0142nosprawno\u015bci wzrokowej (ze Szko\u0142y \u015bw. Barnaby dla Niewidomych) oraz trener\u00f3w m\u0142odzie\u017cowych. Dzia\u0142ania mia\u0142y na celu popraw\u0119 koordynacji psychoruchowej, wsparcie ekspresji tw\u00f3rczej oraz wprowadzenie uczestnik\u00f3w w zagadnienia takie jak marketing, budowanie portfolio i planowanie dzia\u0142alno\u015bci gospodarczej. Opinie uczestnik\u00f3w wskazywa\u0142y na wysoki poziom zaanga\u017cowania, poczucie osi\u0105gni\u0119\u0107 i wzrost pewno\u015bci siebie. Wielu z nich wyrazi\u0142o dum\u0119 z w\u0142asnych prac oraz ze wsp\u00f3\u0142pracy w przyjaznej atmosferze grupowej. Edukacja transnarodowa: Blended mobility we W\u0142oszech W dniach 6\u201312 pa\u017adziernika 2024 roku, wybrani uczestnicy projektu wzi\u0119li udzia\u0142 w Zintegrowana mobilno\u015b\u0107 os\u00f3b ucz\u0105cych si\u0119 w Cagliari, we W\u0142oszech. To wydarzenie umo\u017cliwi\u0142o m\u0142odzie\u017cy z kraj\u00f3w partnerskich tygodniow\u0105 wymian\u0119 kulturow\u0105, wsp\u00f3lne uczenie si\u0119 i dzia\u0142ania tw\u00f3rcze. Mobilno\u015b\u0107 bazowa\u0142a na umiej\u0119tno\u015bciach zdobytych podczas lokalnych warsztat\u00f3w i wzmacnia\u0142a europejsk\u0105 to\u017csamo\u015b\u0107 oraz inkluzyjn\u0105 wizj\u0119 projektu. \u015awi\u0119towanie talentu: inicjatywa \u201eMy First Artwork\u201d Szczeg\u00f3lnie inspiruj\u0105cym elementem projektu jest inicjatywa \u201eMy First Artwork\u201d, opracowana we wsp\u00f3\u0142pracy ze Szko\u0142\u0105 dla Niewidomych na Cyprze. W jej ramach powsta\u0142e dzie\u0142a ceramiczne zosta\u0142y na sta\u0142e zaprezentowane w Muzeum Dotykowym szko\u0142y, stanowi\u0105c trwa\u0142y dow\u00f3d kreatywno\u015bci i talentu uczestnik\u00f3w. Wybrane prace zostan\u0105 r\u00f3wnie\u017c pokazane podczas Diversity Forum organizowanego przez CSI w dniu 22 maja 2025 roku, daj\u0105c m\u0142odym artystom platform\u0119 do dzielenia si\u0119 swoimi historiami i inspirowania szerszej publiczno\u015bci. Dowiedz si\u0119 wi\u0119cej i b\u0105d\u017a na bie\u017c\u0105co: Projekt CARE wspiera nie tylko rozw\u00f3j osobisty uczestnik\u00f3w, ale oferuje tak\u017ce warto\u015bciowe zasoby edukacyjne dla nauczycieli i pracownik\u00f3w m\u0142odzie\u017cowych. Zapraszamy do zapoznania si\u0119 z materia\u0142ami dydaktycznymi i narz\u0119dziami na stronie: \ud83d\udd17 https:\/\/www.care-platform.eu\/index.php\/learning-material B\u0105d\u017a z nami w kontakcie: \ud83d\udcd8 Facebook: CARE Project EU \ud83d\udcf7 Instagram: @care_project_eu \u25b6\ufe0f YouTube: CARE EU Projekt CARE jest przyk\u0142adem na to, jak inkluzyjna i tw\u00f3rcza edukacja mo\u017ce otwiera\u0107 nowe \u015bcie\u017cki do wzmocnienia, godno\u015bci i zatrudnienia m\u0142odych os\u00f3b z niepe\u0142nosprawno\u015bci\u0105 wzrokow\u0105 w ca\u0142ej Europie.","og_url":"https:\/\/www.care-platform.eu\/index.php\/pl\/2025\/07\/25\/wzmacnianie-mlodziezy-z-niepelnosprawnoscia-wzrokowa-poprzez-sztuke-projekt-care-w-dzialaniu\/","og_site_name":"C.A.R.E.","article_published_time":"2025-07-25T10:06:09+00:00","article_modified_time":"2025-08-02T10:06:45+00:00","author":"admin","twitter_card":"summary_large_image","twitter_misc":{"Written by":"admin","Est. reading time":"3 minutes"},"schema":{"@context":"https:\/\/schema.org","@graph":[{"@type":"Article","@id":"https:\/\/www.care-platform.eu\/index.php\/pl\/2025\/07\/25\/wzmacnianie-mlodziezy-z-niepelnosprawnoscia-wzrokowa-poprzez-sztuke-projekt-care-w-dzialaniu\/#article","isPartOf":{"@id":"https:\/\/www.care-platform.eu\/index.php\/pl\/2025\/07\/25\/wzmacnianie-mlodziezy-z-niepelnosprawnoscia-wzrokowa-poprzez-sztuke-projekt-care-w-dzialaniu\/"},"author":{"name":"admin","@id":"https:\/\/www.care-platform.eu\/#\/schema\/person\/290df17b1298613ab5025d8b3f4de953"},"headline":"Wzmacnianie m\u0142odzie\u017cy z niepe\u0142nosprawno\u015bci\u0105 wzrokow\u0105 poprzez sztuk\u0119 \u2013 projekt CARE w dzia\u0142aniu","datePublished":"2025-07-25T10:06:09+00:00","dateModified":"2025-08-02T10:06:45+00:00","mainEntityOfPage":{"@id":"https:\/\/www.care-platform.eu\/index.php\/pl\/2025\/07\/25\/wzmacnianie-mlodziezy-z-niepelnosprawnoscia-wzrokowa-poprzez-sztuke-projekt-care-w-dzialaniu\/"},"wordCount":867,"commentCount":0,"publisher":{"@id":"https:\/\/www.care-platform.eu\/#organization"},"inLanguage":"en-US","potentialAction":[{"@type":"CommentAction","name":"Comment","target":["https:\/\/www.care-platform.eu\/index.php\/pl\/2025\/07\/25\/wzmacnianie-mlodziezy-z-niepelnosprawnoscia-wzrokowa-poprzez-sztuke-projekt-care-w-dzialaniu\/#respond"]}]},{"@type":"WebPage","@id":"https:\/\/www.care-platform.eu\/index.php\/pl\/2025\/07\/25\/wzmacnianie-mlodziezy-z-niepelnosprawnoscia-wzrokowa-poprzez-sztuke-projekt-care-w-dzialaniu\/","url":"https:\/\/www.care-platform.eu\/index.php\/pl\/2025\/07\/25\/wzmacnianie-mlodziezy-z-niepelnosprawnoscia-wzrokowa-poprzez-sztuke-projekt-care-w-dzialaniu\/","name":"Wzmacnianie m\u0142odzie\u017cy z niepe\u0142nosprawno\u015bci\u0105 wzrokow\u0105 poprzez sztuk\u0119 \u2013 projekt CARE w dzia\u0142aniu - C.A.R.E.","isPartOf":{"@id":"https:\/\/www.care-platform.eu\/#website"},"datePublished":"2025-07-25T10:06:09+00:00","dateModified":"2025-08-02T10:06:45+00:00","breadcrumb":{"@id":"https:\/\/www.care-platform.eu\/index.php\/pl\/2025\/07\/25\/wzmacnianie-mlodziezy-z-niepelnosprawnoscia-wzrokowa-poprzez-sztuke-projekt-care-w-dzialaniu\/#breadcrumb"},"inLanguage":"en-US","potentialAction":[{"@type":"ReadAction","target":["https:\/\/www.care-platform.eu\/index.php\/pl\/2025\/07\/25\/wzmacnianie-mlodziezy-z-niepelnosprawnoscia-wzrokowa-poprzez-sztuke-projekt-care-w-dzialaniu\/"]}]},{"@type":"BreadcrumbList","@id":"https:\/\/www.care-platform.eu\/index.php\/pl\/2025\/07\/25\/wzmacnianie-mlodziezy-z-niepelnosprawnoscia-wzrokowa-poprzez-sztuke-projekt-care-w-dzialaniu\/#breadcrumb","itemListElement":[{"@type":"ListItem","position":1,"name":"Home","item":"https:\/\/www.care-platform.eu\/"},{"@type":"ListItem","position":2,"name":"Wzmacnianie m\u0142odzie\u017cy z niepe\u0142nosprawno\u015bci\u0105 wzrokow\u0105 poprzez sztuk\u0119 \u2013 projekt CARE w dzia\u0142aniu"}]},{"@type":"WebSite","@id":"https:\/\/www.care-platform.eu\/#website","url":"https:\/\/www.care-platform.eu\/","name":"C.A.R.E.","description":"","publisher":{"@id":"https:\/\/www.care-platform.eu\/#organization"},"potentialAction":[{"@type":"SearchAction","target":{"@type":"EntryPoint","urlTemplate":"https:\/\/www.care-platform.eu\/?s={search_term_string}"},"query-input":{"@type":"PropertyValueSpecification","valueRequired":true,"valueName":"search_term_string"}}],"inLanguage":"en-US"},{"@type":"Organization","@id":"https:\/\/www.care-platform.eu\/#organization","name":"C.A.R.E.","url":"https:\/\/www.care-platform.eu\/","logo":{"@type":"ImageObject","inLanguage":"en-US","@id":"https:\/\/www.care-platform.eu\/#\/schema\/logo\/image\/","url":"https:\/\/www.care-platform.eu\/wp-content\/uploads\/2023\/04\/cropped-cropped-logo-1-1.png","contentUrl":"https:\/\/www.care-platform.eu\/wp-content\/uploads\/2023\/04\/cropped-cropped-logo-1-1.png","width":127,"height":153,"caption":"C.A.R.E."},"image":{"@id":"https:\/\/www.care-platform.eu\/#\/schema\/logo\/image\/"}},{"@type":"Person","@id":"https:\/\/www.care-platform.eu\/#\/schema\/person\/290df17b1298613ab5025d8b3f4de953","name":"admin","image":{"@type":"ImageObject","inLanguage":"en-US","@id":"https:\/\/www.care-platform.eu\/#\/schema\/person\/image\/","url":"https:\/\/secure.gravatar.com\/avatar\/6a10196b803b7bcbcadb30b586c5b2a3841013d254b8676359791fac2b00b403?s=96&d=mm&r=g","contentUrl":"https:\/\/secure.gravatar.com\/avatar\/6a10196b803b7bcbcadb30b586c5b2a3841013d254b8676359791fac2b00b403?s=96&d=mm&r=g","caption":"admin"},"sameAs":["http:\/\/32903897134170577.blog.com.gr"],"url":"https:\/\/www.care-platform.eu\/index.php\/author\/tourniss_sq4t7cxk\/"}]}},"_links":{"self":[{"href":"https:\/\/www.care-platform.eu\/index.php\/wp-json\/wp\/v2\/posts\/3717","targetHints":{"allow":["GET"]}}],"collection":[{"href":"https:\/\/www.care-platform.eu\/index.php\/wp-json\/wp\/v2\/posts"}],"about":[{"href":"https:\/\/www.care-platform.eu\/index.php\/wp-json\/wp\/v2\/types\/post"}],"author":[{"embeddable":true,"href":"https:\/\/www.care-platform.eu\/index.php\/wp-json\/wp\/v2\/users\/1"}],"replies":[{"embeddable":true,"href":"https:\/\/www.care-platform.eu\/index.php\/wp-json\/wp\/v2\/comments?post=3717"}],"version-history":[{"count":1,"href":"https:\/\/www.care-platform.eu\/index.php\/wp-json\/wp\/v2\/posts\/3717\/revisions"}],"predecessor-version":[{"id":3718,"href":"https:\/\/www.care-platform.eu\/index.php\/wp-json\/wp\/v2\/posts\/3717\/revisions\/3718"}],"wp:attachment":[{"href":"https:\/\/www.care-platform.eu\/index.php\/wp-json\/wp\/v2\/media?parent=3717"}],"wp:term":[{"taxonomy":"category","embeddable":true,"href":"https:\/\/www.care-platform.eu\/index.php\/wp-json\/wp\/v2\/categories?post=3717"},{"taxonomy":"post_tag","embeddable":true,"href":"https:\/\/www.care-platform.eu\/index.php\/wp-json\/wp\/v2\/tags?post=3717"}],"curies":[{"name":"wp","href":"https:\/\/api.w.org\/{rel}","templated":true}]}}