{"id":3720,"date":"2025-07-25T10:07:09","date_gmt":"2025-07-25T10:07:09","guid":{"rendered":"https:\/\/www.care-platform.eu\/?p=3720"},"modified":"2025-08-02T10:08:57","modified_gmt":"2025-08-02T10:08:57","slug":"wydarzenie-upowszechniajace-care-w-atenach-ceramiczna-latarnia","status":"publish","type":"post","link":"https:\/\/www.care-platform.eu\/index.php\/pl\/2025\/07\/25\/wydarzenie-upowszechniajace-care-w-atenach-ceramiczna-latarnia\/","title":{"rendered":"Wydarzenie upowszechniaj\u0105ce CARE w Atenach: Ceramiczna latarnia"},"content":{"rendered":"<p>W kwietniu 2025 roku w Miejskim Teatrze w Kallithei odby\u0142o si\u0119 wydarzenie upowszechniaj\u0105ce projekt CARE, zorganizowane przez Sigma Business Network. Spotkanie by\u0142o celebracj\u0105 tw\u00f3rczej drogi m\u0142odych os\u00f3b z niepe\u0142nosprawno\u015bci\u0105 wzrokow\u0105, kt\u00f3re poprzez ceramik\u0119 odkrywa\u0142y nowe sposoby ekspresji, komunikacji i budowania relacji.<\/p>\n<p>Odwiedzaj\u0105cy mieli okazj\u0119 zapozna\u0107 si\u0119 z wystaw\u0105 dotykowych dzie\u0142 ceramicznych stworzonych podczas warsztat\u00f3w. Ka\u017cda praca odzwierciedla\u0142a osobisty rozw\u00f3j uczestnik\u00f3w oraz inkluzyjnego ducha projektu CARE, \u0142\u0105cz\u0105cego dzia\u0142ania artystyczne z nowatorskimi podej\u015bciami edukacyjnymi.<\/p>\n<p>Wydarzenie zgromadzi\u0142o osoby z niepe\u0142nosprawno\u015bciami, edukacji i kultury, oferuj\u0105c przestrze\u0144 do dialogu i inspiracji. Symboliczna ceramiczna latarnia morska, stworzona przez uczestnik\u00f3w, zosta\u0142a przekazana organizacji Lighthouse for the Blind of Greece, co stanowi wa\u017cny gest wsp\u00f3lnoty i wsp\u00f3\u0142pracy.<\/p>\n<p>Wydarzenie CARE w Atenach potwierdzi\u0142o g\u0142\u00f3wne przes\u0142anie projektu:<br \/>\nkreatywno\u015b\u0107 jest dla wszystkich, a kiedy przestrzenie artystyczne staj\u0105 si\u0119 dost\u0119pne, inkluzyjno\u015b\u0107 przestaje by\u0107 ide\u0105 \u2013 staje si\u0119 rzeczywisto\u015bci\u0105.<\/p>\n<p><img fetchpriority=\"high\" decoding=\"async\" class=\"aligncenter wp-image-3563\" src=\"http:\/\/www.care-platform.eu\/wp-content\/uploads\/2025\/07\/Picture1-3-300x225.jpg\" alt=\"\" width=\"520\" height=\"390\" srcset=\"https:\/\/www.care-platform.eu\/wp-content\/uploads\/2025\/07\/Picture1-3-300x225.jpg 300w, https:\/\/www.care-platform.eu\/wp-content\/uploads\/2025\/07\/Picture1-3-1024x768.jpg 1024w, https:\/\/www.care-platform.eu\/wp-content\/uploads\/2025\/07\/Picture1-3-768x576.jpg 768w, https:\/\/www.care-platform.eu\/wp-content\/uploads\/2025\/07\/Picture1-3.jpg 1269w\" sizes=\"(max-width: 520px) 100vw, 520px\" \/><\/p>\n<p><img decoding=\"async\" class=\"wp-image-3562 aligncenter\" src=\"http:\/\/www.care-platform.eu\/wp-content\/uploads\/2025\/07\/Picture5-225x300.jpg\" alt=\"\" width=\"520\" height=\"693\" srcset=\"https:\/\/www.care-platform.eu\/wp-content\/uploads\/2025\/07\/Picture5-225x300.jpg 225w, https:\/\/www.care-platform.eu\/wp-content\/uploads\/2025\/07\/Picture5-768x1024.jpg 768w, https:\/\/www.care-platform.eu\/wp-content\/uploads\/2025\/07\/Picture5-1152x1536.jpg 1152w, https:\/\/www.care-platform.eu\/wp-content\/uploads\/2025\/07\/Picture5.jpg 1269w\" sizes=\"(max-width: 520px) 100vw, 520px\" \/><\/p>\n<p><img decoding=\"async\" class=\"aligncenter wp-image-3561\" src=\"http:\/\/www.care-platform.eu\/wp-content\/uploads\/2025\/07\/Picture6-225x300.jpg\" alt=\"\" width=\"520\" height=\"693\" srcset=\"https:\/\/www.care-platform.eu\/wp-content\/uploads\/2025\/07\/Picture6-225x300.jpg 225w, https:\/\/www.care-platform.eu\/wp-content\/uploads\/2025\/07\/Picture6-768x1024.jpg 768w, https:\/\/www.care-platform.eu\/wp-content\/uploads\/2025\/07\/Picture6-1152x1536.jpg 1152w, https:\/\/www.care-platform.eu\/wp-content\/uploads\/2025\/07\/Picture6.jpg 1269w\" sizes=\"(max-width: 520px) 100vw, 520px\" \/><\/p>\n<p><img loading=\"lazy\" decoding=\"async\" class=\"aligncenter wp-image-3560\" src=\"http:\/\/www.care-platform.eu\/wp-content\/uploads\/2025\/07\/Picture7-225x300.jpg\" alt=\"\" width=\"520\" height=\"693\" srcset=\"https:\/\/www.care-platform.eu\/wp-content\/uploads\/2025\/07\/Picture7-225x300.jpg 225w, https:\/\/www.care-platform.eu\/wp-content\/uploads\/2025\/07\/Picture7-768x1024.jpg 768w, https:\/\/www.care-platform.eu\/wp-content\/uploads\/2025\/07\/Picture7-1152x1536.jpg 1152w, https:\/\/www.care-platform.eu\/wp-content\/uploads\/2025\/07\/Picture7.jpg 1269w\" sizes=\"(max-width: 520px) 100vw, 520px\" \/><\/p>\n","protected":false},"excerpt":{"rendered":"<p>W kwietniu 2025 roku w Miejskim Teatrze w Kallithei odby\u0142o si\u0119 wydarzenie upowszechniaj\u0105ce projekt CARE, zorganizowane przez Sigma Business Network. Spotkanie by\u0142o celebracj\u0105 tw\u00f3rczej drogi m\u0142odych os\u00f3b z niepe\u0142nosprawno\u015bci\u0105 wzrokow\u0105, kt\u00f3re poprzez ceramik\u0119 odkrywa\u0142y nowe sposoby ekspresji, komunikacji i budowania relacji. Odwiedzaj\u0105cy mieli okazj\u0119 zapozna\u0107 si\u0119 z wystaw\u0105 dotykowych dzie\u0142 ceramicznych stworzonych podczas warsztat\u00f3w. Ka\u017cda praca odzwierciedla\u0142a osobisty rozw\u00f3j uczestnik\u00f3w oraz inkluzyjnego ducha projektu CARE, \u0142\u0105cz\u0105cego dzia\u0142ania artystyczne z nowatorskimi podej\u015bciami edukacyjnymi. Wydarzenie zgromadzi\u0142o osoby z niepe\u0142nosprawno\u015bciami, edukacji i kultury, oferuj\u0105c przestrze\u0144 do dialogu i inspiracji. Symboliczna ceramiczna latarnia morska, stworzona przez uczestnik\u00f3w, zosta\u0142a przekazana organizacji Lighthouse for the Blind of Greece, co stanowi wa\u017cny gest wsp\u00f3lnoty i wsp\u00f3\u0142pracy. Wydarzenie CARE w Atenach potwierdzi\u0142o g\u0142\u00f3wne przes\u0142anie projektu: kreatywno\u015b\u0107 jest dla wszystkich, a kiedy przestrzenie artystyczne staj\u0105 si\u0119 dost\u0119pne, inkluzyjno\u015b\u0107 przestaje by\u0107 ide\u0105 \u2013 staje si\u0119 rzeczywisto\u015bci\u0105.<\/p>\n","protected":false},"author":1,"featured_media":0,"comment_status":"open","ping_status":"open","sticky":false,"template":"","format":"standard","meta":{"_exactmetrics_skip_tracking":false,"_exactmetrics_sitenote_active":false,"_exactmetrics_sitenote_note":"","_exactmetrics_sitenote_category":0,"_monsterinsights_skip_tracking":false,"_monsterinsights_sitenote_active":false,"_monsterinsights_sitenote_note":"","_monsterinsights_sitenote_category":0,"site-sidebar-layout":"default","site-content-layout":"","ast-site-content-layout":"default","site-content-style":"default","site-sidebar-style":"default","ast-global-header-display":"","ast-banner-title-visibility":"","ast-main-header-display":"","ast-hfb-above-header-display":"","ast-hfb-below-header-display":"","ast-hfb-mobile-header-display":"","site-post-title":"","ast-breadcrumbs-content":"","ast-featured-img":"","footer-sml-layout":"","theme-transparent-header-meta":"default","adv-header-id-meta":"","stick-header-meta":"","header-above-stick-meta":"","header-main-stick-meta":"","header-below-stick-meta":"","astra-migrate-meta-layouts":"set","ast-page-background-enabled":"default","ast-page-background-meta":{"desktop":{"background-color":"var(--ast-global-color-4)","background-image":"","background-repeat":"repeat","background-position":"center center","background-size":"auto","background-attachment":"scroll","background-type":"","background-media":"","overlay-type":"","overlay-color":"","overlay-opacity":"","overlay-gradient":""},"tablet":{"background-color":"","background-image":"","background-repeat":"repeat","background-position":"center center","background-size":"auto","background-attachment":"scroll","background-type":"","background-media":"","overlay-type":"","overlay-color":"","overlay-opacity":"","overlay-gradient":""},"mobile":{"background-color":"","background-image":"","background-repeat":"repeat","background-position":"center center","background-size":"auto","background-attachment":"scroll","background-type":"","background-media":"","overlay-type":"","overlay-color":"","overlay-opacity":"","overlay-gradient":""}},"ast-content-background-meta":{"desktop":{"background-color":"var(--ast-global-color-5)","background-image":"","background-repeat":"repeat","background-position":"center center","background-size":"auto","background-attachment":"scroll","background-type":"","background-media":"","overlay-type":"","overlay-color":"","overlay-opacity":"","overlay-gradient":""},"tablet":{"background-color":"var(--ast-global-color-5)","background-image":"","background-repeat":"repeat","background-position":"center center","background-size":"auto","background-attachment":"scroll","background-type":"","background-media":"","overlay-type":"","overlay-color":"","overlay-opacity":"","overlay-gradient":""},"mobile":{"background-color":"var(--ast-global-color-5)","background-image":"","background-repeat":"repeat","background-position":"center center","background-size":"auto","background-attachment":"scroll","background-type":"","background-media":"","overlay-type":"","overlay-color":"","overlay-opacity":"","overlay-gradient":""}},"footnotes":""},"categories":[20],"tags":[],"class_list":["post-3720","post","type-post","status-publish","format-standard","hentry","category-uncategorized-pl"],"yoast_head":"<!-- This site is optimized with the Yoast SEO plugin v25.5 - https:\/\/yoast.com\/wordpress\/plugins\/seo\/ -->\n<title>Wydarzenie upowszechniaj\u0105ce CARE w Atenach: Ceramiczna latarnia - C.A.R.E.<\/title>\n<meta name=\"robots\" content=\"index, follow, max-snippet:-1, max-image-preview:large, max-video-preview:-1\" \/>\n<link rel=\"canonical\" href=\"https:\/\/www.care-platform.eu\/index.php\/pl\/2025\/07\/25\/wydarzenie-upowszechniajace-care-w-atenach-ceramiczna-latarnia\/\" \/>\n<meta property=\"og:locale\" content=\"en_US\" \/>\n<meta property=\"og:type\" content=\"article\" \/>\n<meta property=\"og:title\" content=\"Wydarzenie upowszechniaj\u0105ce CARE w Atenach: Ceramiczna latarnia - C.A.R.E.\" \/>\n<meta property=\"og:description\" content=\"W kwietniu 2025 roku w Miejskim Teatrze w Kallithei odby\u0142o si\u0119 wydarzenie upowszechniaj\u0105ce projekt CARE, zorganizowane przez Sigma Business Network. Spotkanie by\u0142o celebracj\u0105 tw\u00f3rczej drogi m\u0142odych os\u00f3b z niepe\u0142nosprawno\u015bci\u0105 wzrokow\u0105, kt\u00f3re poprzez ceramik\u0119 odkrywa\u0142y nowe sposoby ekspresji, komunikacji i budowania relacji. Odwiedzaj\u0105cy mieli okazj\u0119 zapozna\u0107 si\u0119 z wystaw\u0105 dotykowych dzie\u0142 ceramicznych stworzonych podczas warsztat\u00f3w. Ka\u017cda praca odzwierciedla\u0142a osobisty rozw\u00f3j uczestnik\u00f3w oraz inkluzyjnego ducha projektu CARE, \u0142\u0105cz\u0105cego dzia\u0142ania artystyczne z nowatorskimi podej\u015bciami edukacyjnymi. Wydarzenie zgromadzi\u0142o osoby z niepe\u0142nosprawno\u015bciami, edukacji i kultury, oferuj\u0105c przestrze\u0144 do dialogu i inspiracji. Symboliczna ceramiczna latarnia morska, stworzona przez uczestnik\u00f3w, zosta\u0142a przekazana organizacji Lighthouse for the Blind of Greece, co stanowi wa\u017cny gest wsp\u00f3lnoty i wsp\u00f3\u0142pracy. Wydarzenie CARE w Atenach potwierdzi\u0142o g\u0142\u00f3wne przes\u0142anie projektu: kreatywno\u015b\u0107 jest dla wszystkich, a kiedy przestrzenie artystyczne staj\u0105 si\u0119 dost\u0119pne, inkluzyjno\u015b\u0107 przestaje by\u0107 ide\u0105 \u2013 staje si\u0119 rzeczywisto\u015bci\u0105.\" \/>\n<meta property=\"og:url\" content=\"https:\/\/www.care-platform.eu\/index.php\/pl\/2025\/07\/25\/wydarzenie-upowszechniajace-care-w-atenach-ceramiczna-latarnia\/\" \/>\n<meta property=\"og:site_name\" content=\"C.A.R.E.\" \/>\n<meta property=\"article:published_time\" content=\"2025-07-25T10:07:09+00:00\" \/>\n<meta property=\"article:modified_time\" content=\"2025-08-02T10:08:57+00:00\" \/>\n<meta property=\"og:image\" content=\"https:\/\/www.care-platform.eu\/wp-content\/uploads\/2025\/07\/Picture1-3.jpg\" \/>\n\t<meta property=\"og:image:width\" content=\"1269\" \/>\n\t<meta property=\"og:image:height\" content=\"952\" \/>\n\t<meta property=\"og:image:type\" content=\"image\/jpeg\" \/>\n<meta name=\"author\" content=\"admin\" \/>\n<meta name=\"twitter:card\" content=\"summary_large_image\" \/>\n<meta name=\"twitter:label1\" content=\"Written by\" \/>\n\t<meta name=\"twitter:data1\" content=\"admin\" \/>\n\t<meta name=\"twitter:label2\" content=\"Est. reading time\" \/>\n\t<meta name=\"twitter:data2\" content=\"2 minutes\" \/>\n<script type=\"application\/ld+json\" class=\"yoast-schema-graph\">{\"@context\":\"https:\/\/schema.org\",\"@graph\":[{\"@type\":\"Article\",\"@id\":\"https:\/\/www.care-platform.eu\/index.php\/pl\/2025\/07\/25\/wydarzenie-upowszechniajace-care-w-atenach-ceramiczna-latarnia\/#article\",\"isPartOf\":{\"@id\":\"https:\/\/www.care-platform.eu\/index.php\/pl\/2025\/07\/25\/wydarzenie-upowszechniajace-care-w-atenach-ceramiczna-latarnia\/\"},\"author\":{\"name\":\"admin\",\"@id\":\"https:\/\/www.care-platform.eu\/#\/schema\/person\/290df17b1298613ab5025d8b3f4de953\"},\"headline\":\"Wydarzenie upowszechniaj\u0105ce CARE w Atenach: Ceramiczna latarnia\",\"datePublished\":\"2025-07-25T10:07:09+00:00\",\"dateModified\":\"2025-08-02T10:08:57+00:00\",\"mainEntityOfPage\":{\"@id\":\"https:\/\/www.care-platform.eu\/index.php\/pl\/2025\/07\/25\/wydarzenie-upowszechniajace-care-w-atenach-ceramiczna-latarnia\/\"},\"wordCount\":175,\"commentCount\":0,\"publisher\":{\"@id\":\"https:\/\/www.care-platform.eu\/#organization\"},\"image\":{\"@id\":\"https:\/\/www.care-platform.eu\/index.php\/pl\/2025\/07\/25\/wydarzenie-upowszechniajace-care-w-atenach-ceramiczna-latarnia\/#primaryimage\"},\"thumbnailUrl\":\"http:\/\/www.care-platform.eu\/wp-content\/uploads\/2025\/07\/Picture1-3-300x225.jpg\",\"inLanguage\":\"en-US\",\"potentialAction\":[{\"@type\":\"CommentAction\",\"name\":\"Comment\",\"target\":[\"https:\/\/www.care-platform.eu\/index.php\/pl\/2025\/07\/25\/wydarzenie-upowszechniajace-care-w-atenach-ceramiczna-latarnia\/#respond\"]}]},{\"@type\":\"WebPage\",\"@id\":\"https:\/\/www.care-platform.eu\/index.php\/pl\/2025\/07\/25\/wydarzenie-upowszechniajace-care-w-atenach-ceramiczna-latarnia\/\",\"url\":\"https:\/\/www.care-platform.eu\/index.php\/pl\/2025\/07\/25\/wydarzenie-upowszechniajace-care-w-atenach-ceramiczna-latarnia\/\",\"name\":\"Wydarzenie upowszechniaj\u0105ce CARE w Atenach: Ceramiczna latarnia - C.A.R.E.\",\"isPartOf\":{\"@id\":\"https:\/\/www.care-platform.eu\/#website\"},\"primaryImageOfPage\":{\"@id\":\"https:\/\/www.care-platform.eu\/index.php\/pl\/2025\/07\/25\/wydarzenie-upowszechniajace-care-w-atenach-ceramiczna-latarnia\/#primaryimage\"},\"image\":{\"@id\":\"https:\/\/www.care-platform.eu\/index.php\/pl\/2025\/07\/25\/wydarzenie-upowszechniajace-care-w-atenach-ceramiczna-latarnia\/#primaryimage\"},\"thumbnailUrl\":\"http:\/\/www.care-platform.eu\/wp-content\/uploads\/2025\/07\/Picture1-3-300x225.jpg\",\"datePublished\":\"2025-07-25T10:07:09+00:00\",\"dateModified\":\"2025-08-02T10:08:57+00:00\",\"breadcrumb\":{\"@id\":\"https:\/\/www.care-platform.eu\/index.php\/pl\/2025\/07\/25\/wydarzenie-upowszechniajace-care-w-atenach-ceramiczna-latarnia\/#breadcrumb\"},\"inLanguage\":\"en-US\",\"potentialAction\":[{\"@type\":\"ReadAction\",\"target\":[\"https:\/\/www.care-platform.eu\/index.php\/pl\/2025\/07\/25\/wydarzenie-upowszechniajace-care-w-atenach-ceramiczna-latarnia\/\"]}]},{\"@type\":\"ImageObject\",\"inLanguage\":\"en-US\",\"@id\":\"https:\/\/www.care-platform.eu\/index.php\/pl\/2025\/07\/25\/wydarzenie-upowszechniajace-care-w-atenach-ceramiczna-latarnia\/#primaryimage\",\"url\":\"https:\/\/www.care-platform.eu\/wp-content\/uploads\/2025\/07\/Picture1-3.jpg\",\"contentUrl\":\"https:\/\/www.care-platform.eu\/wp-content\/uploads\/2025\/07\/Picture1-3.jpg\",\"width\":1269,\"height\":952},{\"@type\":\"BreadcrumbList\",\"@id\":\"https:\/\/www.care-platform.eu\/index.php\/pl\/2025\/07\/25\/wydarzenie-upowszechniajace-care-w-atenach-ceramiczna-latarnia\/#breadcrumb\",\"itemListElement\":[{\"@type\":\"ListItem\",\"position\":1,\"name\":\"Home\",\"item\":\"https:\/\/www.care-platform.eu\/\"},{\"@type\":\"ListItem\",\"position\":2,\"name\":\"Wydarzenie upowszechniaj\u0105ce CARE w Atenach: Ceramiczna latarnia\"}]},{\"@type\":\"WebSite\",\"@id\":\"https:\/\/www.care-platform.eu\/#website\",\"url\":\"https:\/\/www.care-platform.eu\/\",\"name\":\"C.A.R.E.\",\"description\":\"\",\"publisher\":{\"@id\":\"https:\/\/www.care-platform.eu\/#organization\"},\"potentialAction\":[{\"@type\":\"SearchAction\",\"target\":{\"@type\":\"EntryPoint\",\"urlTemplate\":\"https:\/\/www.care-platform.eu\/?s={search_term_string}\"},\"query-input\":{\"@type\":\"PropertyValueSpecification\",\"valueRequired\":true,\"valueName\":\"search_term_string\"}}],\"inLanguage\":\"en-US\"},{\"@type\":\"Organization\",\"@id\":\"https:\/\/www.care-platform.eu\/#organization\",\"name\":\"C.A.R.E.\",\"url\":\"https:\/\/www.care-platform.eu\/\",\"logo\":{\"@type\":\"ImageObject\",\"inLanguage\":\"en-US\",\"@id\":\"https:\/\/www.care-platform.eu\/#\/schema\/logo\/image\/\",\"url\":\"https:\/\/www.care-platform.eu\/wp-content\/uploads\/2023\/04\/cropped-cropped-logo-1-1.png\",\"contentUrl\":\"https:\/\/www.care-platform.eu\/wp-content\/uploads\/2023\/04\/cropped-cropped-logo-1-1.png\",\"width\":127,\"height\":153,\"caption\":\"C.A.R.E.\"},\"image\":{\"@id\":\"https:\/\/www.care-platform.eu\/#\/schema\/logo\/image\/\"}},{\"@type\":\"Person\",\"@id\":\"https:\/\/www.care-platform.eu\/#\/schema\/person\/290df17b1298613ab5025d8b3f4de953\",\"name\":\"admin\",\"image\":{\"@type\":\"ImageObject\",\"inLanguage\":\"en-US\",\"@id\":\"https:\/\/www.care-platform.eu\/#\/schema\/person\/image\/\",\"url\":\"https:\/\/secure.gravatar.com\/avatar\/6a10196b803b7bcbcadb30b586c5b2a3841013d254b8676359791fac2b00b403?s=96&d=mm&r=g\",\"contentUrl\":\"https:\/\/secure.gravatar.com\/avatar\/6a10196b803b7bcbcadb30b586c5b2a3841013d254b8676359791fac2b00b403?s=96&d=mm&r=g\",\"caption\":\"admin\"},\"sameAs\":[\"http:\/\/32903897134170577.blog.com.gr\"],\"url\":\"https:\/\/www.care-platform.eu\/index.php\/author\/tourniss_sq4t7cxk\/\"}]}<\/script>\n<!-- \/ Yoast SEO plugin. -->","yoast_head_json":{"title":"Wydarzenie upowszechniaj\u0105ce CARE w Atenach: Ceramiczna latarnia - C.A.R.E.","robots":{"index":"index","follow":"follow","max-snippet":"max-snippet:-1","max-image-preview":"max-image-preview:large","max-video-preview":"max-video-preview:-1"},"canonical":"https:\/\/www.care-platform.eu\/index.php\/pl\/2025\/07\/25\/wydarzenie-upowszechniajace-care-w-atenach-ceramiczna-latarnia\/","og_locale":"en_US","og_type":"article","og_title":"Wydarzenie upowszechniaj\u0105ce CARE w Atenach: Ceramiczna latarnia - C.A.R.E.","og_description":"W kwietniu 2025 roku w Miejskim Teatrze w Kallithei odby\u0142o si\u0119 wydarzenie upowszechniaj\u0105ce projekt CARE, zorganizowane przez Sigma Business Network. Spotkanie by\u0142o celebracj\u0105 tw\u00f3rczej drogi m\u0142odych os\u00f3b z niepe\u0142nosprawno\u015bci\u0105 wzrokow\u0105, kt\u00f3re poprzez ceramik\u0119 odkrywa\u0142y nowe sposoby ekspresji, komunikacji i budowania relacji. Odwiedzaj\u0105cy mieli okazj\u0119 zapozna\u0107 si\u0119 z wystaw\u0105 dotykowych dzie\u0142 ceramicznych stworzonych podczas warsztat\u00f3w. Ka\u017cda praca odzwierciedla\u0142a osobisty rozw\u00f3j uczestnik\u00f3w oraz inkluzyjnego ducha projektu CARE, \u0142\u0105cz\u0105cego dzia\u0142ania artystyczne z nowatorskimi podej\u015bciami edukacyjnymi. Wydarzenie zgromadzi\u0142o osoby z niepe\u0142nosprawno\u015bciami, edukacji i kultury, oferuj\u0105c przestrze\u0144 do dialogu i inspiracji. Symboliczna ceramiczna latarnia morska, stworzona przez uczestnik\u00f3w, zosta\u0142a przekazana organizacji Lighthouse for the Blind of Greece, co stanowi wa\u017cny gest wsp\u00f3lnoty i wsp\u00f3\u0142pracy. Wydarzenie CARE w Atenach potwierdzi\u0142o g\u0142\u00f3wne przes\u0142anie projektu: kreatywno\u015b\u0107 jest dla wszystkich, a kiedy przestrzenie artystyczne staj\u0105 si\u0119 dost\u0119pne, inkluzyjno\u015b\u0107 przestaje by\u0107 ide\u0105 \u2013 staje si\u0119 rzeczywisto\u015bci\u0105.","og_url":"https:\/\/www.care-platform.eu\/index.php\/pl\/2025\/07\/25\/wydarzenie-upowszechniajace-care-w-atenach-ceramiczna-latarnia\/","og_site_name":"C.A.R.E.","article_published_time":"2025-07-25T10:07:09+00:00","article_modified_time":"2025-08-02T10:08:57+00:00","og_image":[{"width":1269,"height":952,"url":"https:\/\/www.care-platform.eu\/wp-content\/uploads\/2025\/07\/Picture1-3.jpg","type":"image\/jpeg"}],"author":"admin","twitter_card":"summary_large_image","twitter_misc":{"Written by":"admin","Est. reading time":"2 minutes"},"schema":{"@context":"https:\/\/schema.org","@graph":[{"@type":"Article","@id":"https:\/\/www.care-platform.eu\/index.php\/pl\/2025\/07\/25\/wydarzenie-upowszechniajace-care-w-atenach-ceramiczna-latarnia\/#article","isPartOf":{"@id":"https:\/\/www.care-platform.eu\/index.php\/pl\/2025\/07\/25\/wydarzenie-upowszechniajace-care-w-atenach-ceramiczna-latarnia\/"},"author":{"name":"admin","@id":"https:\/\/www.care-platform.eu\/#\/schema\/person\/290df17b1298613ab5025d8b3f4de953"},"headline":"Wydarzenie upowszechniaj\u0105ce CARE w Atenach: Ceramiczna latarnia","datePublished":"2025-07-25T10:07:09+00:00","dateModified":"2025-08-02T10:08:57+00:00","mainEntityOfPage":{"@id":"https:\/\/www.care-platform.eu\/index.php\/pl\/2025\/07\/25\/wydarzenie-upowszechniajace-care-w-atenach-ceramiczna-latarnia\/"},"wordCount":175,"commentCount":0,"publisher":{"@id":"https:\/\/www.care-platform.eu\/#organization"},"image":{"@id":"https:\/\/www.care-platform.eu\/index.php\/pl\/2025\/07\/25\/wydarzenie-upowszechniajace-care-w-atenach-ceramiczna-latarnia\/#primaryimage"},"thumbnailUrl":"http:\/\/www.care-platform.eu\/wp-content\/uploads\/2025\/07\/Picture1-3-300x225.jpg","inLanguage":"en-US","potentialAction":[{"@type":"CommentAction","name":"Comment","target":["https:\/\/www.care-platform.eu\/index.php\/pl\/2025\/07\/25\/wydarzenie-upowszechniajace-care-w-atenach-ceramiczna-latarnia\/#respond"]}]},{"@type":"WebPage","@id":"https:\/\/www.care-platform.eu\/index.php\/pl\/2025\/07\/25\/wydarzenie-upowszechniajace-care-w-atenach-ceramiczna-latarnia\/","url":"https:\/\/www.care-platform.eu\/index.php\/pl\/2025\/07\/25\/wydarzenie-upowszechniajace-care-w-atenach-ceramiczna-latarnia\/","name":"Wydarzenie upowszechniaj\u0105ce CARE w Atenach: Ceramiczna latarnia - C.A.R.E.","isPartOf":{"@id":"https:\/\/www.care-platform.eu\/#website"},"primaryImageOfPage":{"@id":"https:\/\/www.care-platform.eu\/index.php\/pl\/2025\/07\/25\/wydarzenie-upowszechniajace-care-w-atenach-ceramiczna-latarnia\/#primaryimage"},"image":{"@id":"https:\/\/www.care-platform.eu\/index.php\/pl\/2025\/07\/25\/wydarzenie-upowszechniajace-care-w-atenach-ceramiczna-latarnia\/#primaryimage"},"thumbnailUrl":"http:\/\/www.care-platform.eu\/wp-content\/uploads\/2025\/07\/Picture1-3-300x225.jpg","datePublished":"2025-07-25T10:07:09+00:00","dateModified":"2025-08-02T10:08:57+00:00","breadcrumb":{"@id":"https:\/\/www.care-platform.eu\/index.php\/pl\/2025\/07\/25\/wydarzenie-upowszechniajace-care-w-atenach-ceramiczna-latarnia\/#breadcrumb"},"inLanguage":"en-US","potentialAction":[{"@type":"ReadAction","target":["https:\/\/www.care-platform.eu\/index.php\/pl\/2025\/07\/25\/wydarzenie-upowszechniajace-care-w-atenach-ceramiczna-latarnia\/"]}]},{"@type":"ImageObject","inLanguage":"en-US","@id":"https:\/\/www.care-platform.eu\/index.php\/pl\/2025\/07\/25\/wydarzenie-upowszechniajace-care-w-atenach-ceramiczna-latarnia\/#primaryimage","url":"https:\/\/www.care-platform.eu\/wp-content\/uploads\/2025\/07\/Picture1-3.jpg","contentUrl":"https:\/\/www.care-platform.eu\/wp-content\/uploads\/2025\/07\/Picture1-3.jpg","width":1269,"height":952},{"@type":"BreadcrumbList","@id":"https:\/\/www.care-platform.eu\/index.php\/pl\/2025\/07\/25\/wydarzenie-upowszechniajace-care-w-atenach-ceramiczna-latarnia\/#breadcrumb","itemListElement":[{"@type":"ListItem","position":1,"name":"Home","item":"https:\/\/www.care-platform.eu\/"},{"@type":"ListItem","position":2,"name":"Wydarzenie upowszechniaj\u0105ce CARE w Atenach: Ceramiczna latarnia"}]},{"@type":"WebSite","@id":"https:\/\/www.care-platform.eu\/#website","url":"https:\/\/www.care-platform.eu\/","name":"C.A.R.E.","description":"","publisher":{"@id":"https:\/\/www.care-platform.eu\/#organization"},"potentialAction":[{"@type":"SearchAction","target":{"@type":"EntryPoint","urlTemplate":"https:\/\/www.care-platform.eu\/?s={search_term_string}"},"query-input":{"@type":"PropertyValueSpecification","valueRequired":true,"valueName":"search_term_string"}}],"inLanguage":"en-US"},{"@type":"Organization","@id":"https:\/\/www.care-platform.eu\/#organization","name":"C.A.R.E.","url":"https:\/\/www.care-platform.eu\/","logo":{"@type":"ImageObject","inLanguage":"en-US","@id":"https:\/\/www.care-platform.eu\/#\/schema\/logo\/image\/","url":"https:\/\/www.care-platform.eu\/wp-content\/uploads\/2023\/04\/cropped-cropped-logo-1-1.png","contentUrl":"https:\/\/www.care-platform.eu\/wp-content\/uploads\/2023\/04\/cropped-cropped-logo-1-1.png","width":127,"height":153,"caption":"C.A.R.E."},"image":{"@id":"https:\/\/www.care-platform.eu\/#\/schema\/logo\/image\/"}},{"@type":"Person","@id":"https:\/\/www.care-platform.eu\/#\/schema\/person\/290df17b1298613ab5025d8b3f4de953","name":"admin","image":{"@type":"ImageObject","inLanguage":"en-US","@id":"https:\/\/www.care-platform.eu\/#\/schema\/person\/image\/","url":"https:\/\/secure.gravatar.com\/avatar\/6a10196b803b7bcbcadb30b586c5b2a3841013d254b8676359791fac2b00b403?s=96&d=mm&r=g","contentUrl":"https:\/\/secure.gravatar.com\/avatar\/6a10196b803b7bcbcadb30b586c5b2a3841013d254b8676359791fac2b00b403?s=96&d=mm&r=g","caption":"admin"},"sameAs":["http:\/\/32903897134170577.blog.com.gr"],"url":"https:\/\/www.care-platform.eu\/index.php\/author\/tourniss_sq4t7cxk\/"}]}},"_links":{"self":[{"href":"https:\/\/www.care-platform.eu\/index.php\/wp-json\/wp\/v2\/posts\/3720","targetHints":{"allow":["GET"]}}],"collection":[{"href":"https:\/\/www.care-platform.eu\/index.php\/wp-json\/wp\/v2\/posts"}],"about":[{"href":"https:\/\/www.care-platform.eu\/index.php\/wp-json\/wp\/v2\/types\/post"}],"author":[{"embeddable":true,"href":"https:\/\/www.care-platform.eu\/index.php\/wp-json\/wp\/v2\/users\/1"}],"replies":[{"embeddable":true,"href":"https:\/\/www.care-platform.eu\/index.php\/wp-json\/wp\/v2\/comments?post=3720"}],"version-history":[{"count":1,"href":"https:\/\/www.care-platform.eu\/index.php\/wp-json\/wp\/v2\/posts\/3720\/revisions"}],"predecessor-version":[{"id":3721,"href":"https:\/\/www.care-platform.eu\/index.php\/wp-json\/wp\/v2\/posts\/3720\/revisions\/3721"}],"wp:attachment":[{"href":"https:\/\/www.care-platform.eu\/index.php\/wp-json\/wp\/v2\/media?parent=3720"}],"wp:term":[{"taxonomy":"category","embeddable":true,"href":"https:\/\/www.care-platform.eu\/index.php\/wp-json\/wp\/v2\/categories?post=3720"},{"taxonomy":"post_tag","embeddable":true,"href":"https:\/\/www.care-platform.eu\/index.php\/wp-json\/wp\/v2\/tags?post=3720"}],"curies":[{"name":"wp","href":"https:\/\/api.w.org\/{rel}","templated":true}]}}