{"id":3734,"date":"2025-07-25T10:24:22","date_gmt":"2025-07-25T10:24:22","guid":{"rendered":"https:\/\/www.care-platform.eu\/?p=3734"},"modified":"2025-08-02T10:24:49","modified_gmt":"2025-08-02T10:24:49","slug":"il-progetto-care-in-azione-e-le-novita-da-cipro","status":"publish","type":"post","link":"https:\/\/www.care-platform.eu\/index.php\/it\/2025\/07\/25\/il-progetto-care-in-azione-e-le-novita-da-cipro\/","title":{"rendered":"Il progetto CARE in azione e le novit\u00e0 da Cipro"},"content":{"rendered":"<p>Il progetto Erasmus+ C.A.R.E. \u2013 Ceramic Artworks to Raise Esteem and Employability \u00e8 un\u2019iniziativa innovativa dedicata all\u2019empowerment dei giovani con disabilit\u00e0 visiva (V.I.P.) attraverso l\u2019espressione creativa, lo sviluppo di competenze e l\u2019inclusione nella vita culturale ed economica. Attivo da ottobre 2022 ad agosto 2025, il progetto utilizza l\u2019arte ceramica per migliorare le abilit\u00e0 psicomotorie, rafforzare l\u2019autostima e favorire l\u2019occupabilit\u00e0 dei partecipanti.<\/p>\n<p>Un momento centrale \u00e8 stato il corso di formazione congiunto per educatori a \u0141\u00f3d\u017a, Polonia, dal 22 al 28 ottobre 2023, ospitato da FRAME. Il training ha fornito strumenti innovativi per supportare gli studenti con disabilit\u00e0 visiva, approfondendo la lavorazione dell\u2019argilla, strategie di comunicazione inclusiva e strumenti adattivi. La squadra di CSI Cipro ha contribuito attivamente alla progettazione e realizzazione delle attivit\u00e0 educative non formali. La visita alla Scuola per Ciechi ha inoltre offerto preziose esperienze dirette di ambienti accessibili.<\/p>\n<p>Il progetto ha previsto workshop locali di ceramica della durata di 100 ore in ciascun paese partner, inclusa Cipro, dove CSI ha facilitato le sessioni tra febbraio e novembre 2024. Tenuti in spazi accessibili come il Kuns Studio di Nicosia, i laboratori hanno combinato tecniche ceramiche (pinching, coiling, smaltatura, incisione) con lo sviluppo di competenze trasversali, imprenditorialit\u00e0 e scoperta culturale. I partecipanti, principalmente giovani tra i 15 e i 27 anni, hanno inoltre preso parte a visite museali, festival e momenti di riflessione su temi quali identit\u00e0 e comunit\u00e0. I laboratori sono stati condotti da ceramisti, esperti per disabilit\u00e0 visive della Scuola per Ciechi di St. Barnabas e formatori giovanili, con l\u2019obiettivo di migliorare coordinazione, espressione personale e competenze di business. I feedback hanno evidenziato grande coinvolgimento, soddisfazione e accresciuta fiducia nei partecipanti.<\/p>\n<p>Dal 6 al 12 ottobre 2024, alcuni partecipanti selezionati hanno preso parte all\u2019evento blended di mobilit\u00e0 a Cagliari, in Italia. Questa esperienza ha favorito scambi culturali e collaborazioni creative, consolidando l\u2019identit\u00e0 europea e la visione inclusiva del progetto.<\/p>\n<p>Un momento significativo \u00e8 stato inoltre rappresentato dall\u2019iniziativa \u201cMy First Artwork\u201d, sviluppata in collaborazione con la Scuola per Ciechi di Cipro. Le opere ceramiche create dagli studenti sono ad oggi esposte permanentemente nel Museo Tattile della scuola, garantendo visibilit\u00e0 e riconoscimento duraturi. Alcune di queste opere sono state inoltre presentate al Diversity Forum organizzato da CSI il 22 maggio 2025, offrendo una piattaforma per condividere storie e ispirare un pubblico pi\u00f9 ampio.<\/p>\n<p>&nbsp;<\/p>\n","protected":false},"excerpt":{"rendered":"<p>Il progetto Erasmus+ C.A.R.E. \u2013 Ceramic Artworks to Raise Esteem and Employability \u00e8 un\u2019iniziativa innovativa dedicata all\u2019empowerment dei giovani con disabilit\u00e0 visiva (V.I.P.) attraverso l\u2019espressione creativa, lo sviluppo di competenze e l\u2019inclusione nella vita culturale ed economica. Attivo da ottobre 2022 ad agosto 2025, il progetto utilizza l\u2019arte ceramica per migliorare le abilit\u00e0 psicomotorie, rafforzare l\u2019autostima e favorire l\u2019occupabilit\u00e0 dei partecipanti. Un momento centrale \u00e8 stato il corso di formazione congiunto per educatori a \u0141\u00f3d\u017a, Polonia, dal 22 al 28 ottobre 2023, ospitato da FRAME. Il training ha fornito strumenti innovativi per supportare gli studenti con disabilit\u00e0 visiva, approfondendo la lavorazione dell\u2019argilla, strategie di comunicazione inclusiva e strumenti adattivi. La squadra di CSI Cipro ha contribuito attivamente alla progettazione e realizzazione delle attivit\u00e0 educative non formali. La visita alla Scuola per Ciechi ha inoltre offerto preziose esperienze dirette di ambienti accessibili. Il progetto ha previsto workshop locali di ceramica della durata di 100 ore in ciascun paese partner, inclusa Cipro, dove CSI ha facilitato le sessioni tra febbraio e novembre 2024. Tenuti in spazi accessibili come il Kuns Studio di Nicosia, i laboratori hanno combinato tecniche ceramiche (pinching, coiling, smaltatura, incisione) con lo sviluppo di competenze trasversali, imprenditorialit\u00e0 e scoperta culturale. I partecipanti, principalmente giovani tra i 15 e i 27 anni, hanno inoltre preso parte a visite museali, festival e momenti di riflessione su temi quali identit\u00e0 e comunit\u00e0. I laboratori sono stati condotti da ceramisti, esperti per disabilit\u00e0 visive della Scuola per Ciechi di St. Barnabas e formatori giovanili, con l\u2019obiettivo di migliorare coordinazione, espressione personale e competenze di business. I feedback hanno evidenziato grande coinvolgimento, soddisfazione e accresciuta fiducia nei partecipanti. Dal 6 al 12 ottobre 2024, alcuni partecipanti selezionati hanno preso parte all\u2019evento blended di mobilit\u00e0 a Cagliari, in Italia. Questa esperienza ha favorito scambi culturali e collaborazioni creative, consolidando l\u2019identit\u00e0 europea e la visione inclusiva del progetto. Un momento significativo \u00e8 stato inoltre rappresentato dall\u2019iniziativa \u201cMy First Artwork\u201d, sviluppata in collaborazione con la Scuola per Ciechi di Cipro. Le opere ceramiche create dagli studenti sono ad oggi esposte permanentemente nel Museo Tattile della scuola, garantendo visibilit\u00e0 e riconoscimento duraturi. Alcune di queste opere sono state inoltre presentate al Diversity Forum organizzato da CSI il 22 maggio 2025, offrendo una piattaforma per condividere storie e ispirare un pubblico pi\u00f9 ampio. &nbsp;<\/p>\n","protected":false},"author":1,"featured_media":0,"comment_status":"open","ping_status":"open","sticky":false,"template":"","format":"standard","meta":{"_exactmetrics_skip_tracking":false,"_exactmetrics_sitenote_active":false,"_exactmetrics_sitenote_note":"","_exactmetrics_sitenote_category":0,"_monsterinsights_skip_tracking":false,"_monsterinsights_sitenote_active":false,"_monsterinsights_sitenote_note":"","_monsterinsights_sitenote_category":0,"site-sidebar-layout":"default","site-content-layout":"","ast-site-content-layout":"default","site-content-style":"default","site-sidebar-style":"default","ast-global-header-display":"","ast-banner-title-visibility":"","ast-main-header-display":"","ast-hfb-above-header-display":"","ast-hfb-below-header-display":"","ast-hfb-mobile-header-display":"","site-post-title":"","ast-breadcrumbs-content":"","ast-featured-img":"","footer-sml-layout":"","theme-transparent-header-meta":"default","adv-header-id-meta":"","stick-header-meta":"","header-above-stick-meta":"","header-main-stick-meta":"","header-below-stick-meta":"","astra-migrate-meta-layouts":"set","ast-page-background-enabled":"default","ast-page-background-meta":{"desktop":{"background-color":"var(--ast-global-color-4)","background-image":"","background-repeat":"repeat","background-position":"center center","background-size":"auto","background-attachment":"scroll","background-type":"","background-media":"","overlay-type":"","overlay-color":"","overlay-opacity":"","overlay-gradient":""},"tablet":{"background-color":"","background-image":"","background-repeat":"repeat","background-position":"center center","background-size":"auto","background-attachment":"scroll","background-type":"","background-media":"","overlay-type":"","overlay-color":"","overlay-opacity":"","overlay-gradient":""},"mobile":{"background-color":"","background-image":"","background-repeat":"repeat","background-position":"center center","background-size":"auto","background-attachment":"scroll","background-type":"","background-media":"","overlay-type":"","overlay-color":"","overlay-opacity":"","overlay-gradient":""}},"ast-content-background-meta":{"desktop":{"background-color":"var(--ast-global-color-5)","background-image":"","background-repeat":"repeat","background-position":"center center","background-size":"auto","background-attachment":"scroll","background-type":"","background-media":"","overlay-type":"","overlay-color":"","overlay-opacity":"","overlay-gradient":""},"tablet":{"background-color":"var(--ast-global-color-5)","background-image":"","background-repeat":"repeat","background-position":"center center","background-size":"auto","background-attachment":"scroll","background-type":"","background-media":"","overlay-type":"","overlay-color":"","overlay-opacity":"","overlay-gradient":""},"mobile":{"background-color":"var(--ast-global-color-5)","background-image":"","background-repeat":"repeat","background-position":"center center","background-size":"auto","background-attachment":"scroll","background-type":"","background-media":"","overlay-type":"","overlay-color":"","overlay-opacity":"","overlay-gradient":""}},"footnotes":""},"categories":[16],"tags":[],"class_list":["post-3734","post","type-post","status-publish","format-standard","hentry","category-uncategorized-it"],"yoast_head":"<!-- This site is optimized with the Yoast SEO plugin v25.5 - https:\/\/yoast.com\/wordpress\/plugins\/seo\/ -->\n<title>Il progetto CARE in azione e le novit\u00e0 da Cipro - C.A.R.E.<\/title>\n<meta name=\"robots\" content=\"index, follow, max-snippet:-1, max-image-preview:large, max-video-preview:-1\" \/>\n<link rel=\"canonical\" href=\"https:\/\/www.care-platform.eu\/index.php\/it\/2025\/07\/25\/il-progetto-care-in-azione-e-le-novita-da-cipro\/\" \/>\n<meta property=\"og:locale\" content=\"en_US\" \/>\n<meta property=\"og:type\" content=\"article\" \/>\n<meta property=\"og:title\" content=\"Il progetto CARE in azione e le novit\u00e0 da Cipro - C.A.R.E.\" \/>\n<meta property=\"og:description\" content=\"Il progetto Erasmus+ C.A.R.E. \u2013 Ceramic Artworks to Raise Esteem and Employability \u00e8 un\u2019iniziativa innovativa dedicata all\u2019empowerment dei giovani con disabilit\u00e0 visiva (V.I.P.) attraverso l\u2019espressione creativa, lo sviluppo di competenze e l\u2019inclusione nella vita culturale ed economica. Attivo da ottobre 2022 ad agosto 2025, il progetto utilizza l\u2019arte ceramica per migliorare le abilit\u00e0 psicomotorie, rafforzare l\u2019autostima e favorire l\u2019occupabilit\u00e0 dei partecipanti. Un momento centrale \u00e8 stato il corso di formazione congiunto per educatori a \u0141\u00f3d\u017a, Polonia, dal 22 al 28 ottobre 2023, ospitato da FRAME. Il training ha fornito strumenti innovativi per supportare gli studenti con disabilit\u00e0 visiva, approfondendo la lavorazione dell\u2019argilla, strategie di comunicazione inclusiva e strumenti adattivi. La squadra di CSI Cipro ha contribuito attivamente alla progettazione e realizzazione delle attivit\u00e0 educative non formali. La visita alla Scuola per Ciechi ha inoltre offerto preziose esperienze dirette di ambienti accessibili. Il progetto ha previsto workshop locali di ceramica della durata di 100 ore in ciascun paese partner, inclusa Cipro, dove CSI ha facilitato le sessioni tra febbraio e novembre 2024. Tenuti in spazi accessibili come il Kuns Studio di Nicosia, i laboratori hanno combinato tecniche ceramiche (pinching, coiling, smaltatura, incisione) con lo sviluppo di competenze trasversali, imprenditorialit\u00e0 e scoperta culturale. I partecipanti, principalmente giovani tra i 15 e i 27 anni, hanno inoltre preso parte a visite museali, festival e momenti di riflessione su temi quali identit\u00e0 e comunit\u00e0. I laboratori sono stati condotti da ceramisti, esperti per disabilit\u00e0 visive della Scuola per Ciechi di St. Barnabas e formatori giovanili, con l\u2019obiettivo di migliorare coordinazione, espressione personale e competenze di business. I feedback hanno evidenziato grande coinvolgimento, soddisfazione e accresciuta fiducia nei partecipanti. Dal 6 al 12 ottobre 2024, alcuni partecipanti selezionati hanno preso parte all\u2019evento blended di mobilit\u00e0 a Cagliari, in Italia. Questa esperienza ha favorito scambi culturali e collaborazioni creative, consolidando l\u2019identit\u00e0 europea e la visione inclusiva del progetto. Un momento significativo \u00e8 stato inoltre rappresentato dall\u2019iniziativa \u201cMy First Artwork\u201d, sviluppata in collaborazione con la Scuola per Ciechi di Cipro. Le opere ceramiche create dagli studenti sono ad oggi esposte permanentemente nel Museo Tattile della scuola, garantendo visibilit\u00e0 e riconoscimento duraturi. Alcune di queste opere sono state inoltre presentate al Diversity Forum organizzato da CSI il 22 maggio 2025, offrendo una piattaforma per condividere storie e ispirare un pubblico pi\u00f9 ampio. &nbsp;\" \/>\n<meta property=\"og:url\" content=\"https:\/\/www.care-platform.eu\/index.php\/it\/2025\/07\/25\/il-progetto-care-in-azione-e-le-novita-da-cipro\/\" \/>\n<meta property=\"og:site_name\" content=\"C.A.R.E.\" \/>\n<meta property=\"article:published_time\" content=\"2025-07-25T10:24:22+00:00\" \/>\n<meta property=\"article:modified_time\" content=\"2025-08-02T10:24:49+00:00\" \/>\n<meta name=\"author\" content=\"admin\" \/>\n<meta name=\"twitter:card\" content=\"summary_large_image\" \/>\n<meta name=\"twitter:label1\" content=\"Written by\" \/>\n\t<meta name=\"twitter:data1\" content=\"admin\" \/>\n\t<meta name=\"twitter:label2\" content=\"Est. reading time\" \/>\n\t<meta name=\"twitter:data2\" content=\"2 minutes\" \/>\n<script type=\"application\/ld+json\" class=\"yoast-schema-graph\">{\"@context\":\"https:\/\/schema.org\",\"@graph\":[{\"@type\":\"Article\",\"@id\":\"https:\/\/www.care-platform.eu\/index.php\/it\/2025\/07\/25\/il-progetto-care-in-azione-e-le-novita-da-cipro\/#article\",\"isPartOf\":{\"@id\":\"https:\/\/www.care-platform.eu\/index.php\/it\/2025\/07\/25\/il-progetto-care-in-azione-e-le-novita-da-cipro\/\"},\"author\":{\"name\":\"admin\",\"@id\":\"https:\/\/www.care-platform.eu\/#\/schema\/person\/290df17b1298613ab5025d8b3f4de953\"},\"headline\":\"Il progetto CARE in azione e le novit\u00e0 da Cipro\",\"datePublished\":\"2025-07-25T10:24:22+00:00\",\"dateModified\":\"2025-08-02T10:24:49+00:00\",\"mainEntityOfPage\":{\"@id\":\"https:\/\/www.care-platform.eu\/index.php\/it\/2025\/07\/25\/il-progetto-care-in-azione-e-le-novita-da-cipro\/\"},\"wordCount\":394,\"commentCount\":0,\"publisher\":{\"@id\":\"https:\/\/www.care-platform.eu\/#organization\"},\"inLanguage\":\"en-US\",\"potentialAction\":[{\"@type\":\"CommentAction\",\"name\":\"Comment\",\"target\":[\"https:\/\/www.care-platform.eu\/index.php\/it\/2025\/07\/25\/il-progetto-care-in-azione-e-le-novita-da-cipro\/#respond\"]}]},{\"@type\":\"WebPage\",\"@id\":\"https:\/\/www.care-platform.eu\/index.php\/it\/2025\/07\/25\/il-progetto-care-in-azione-e-le-novita-da-cipro\/\",\"url\":\"https:\/\/www.care-platform.eu\/index.php\/it\/2025\/07\/25\/il-progetto-care-in-azione-e-le-novita-da-cipro\/\",\"name\":\"Il progetto CARE in azione e le novit\u00e0 da Cipro - C.A.R.E.\",\"isPartOf\":{\"@id\":\"https:\/\/www.care-platform.eu\/#website\"},\"datePublished\":\"2025-07-25T10:24:22+00:00\",\"dateModified\":\"2025-08-02T10:24:49+00:00\",\"breadcrumb\":{\"@id\":\"https:\/\/www.care-platform.eu\/index.php\/it\/2025\/07\/25\/il-progetto-care-in-azione-e-le-novita-da-cipro\/#breadcrumb\"},\"inLanguage\":\"en-US\",\"potentialAction\":[{\"@type\":\"ReadAction\",\"target\":[\"https:\/\/www.care-platform.eu\/index.php\/it\/2025\/07\/25\/il-progetto-care-in-azione-e-le-novita-da-cipro\/\"]}]},{\"@type\":\"BreadcrumbList\",\"@id\":\"https:\/\/www.care-platform.eu\/index.php\/it\/2025\/07\/25\/il-progetto-care-in-azione-e-le-novita-da-cipro\/#breadcrumb\",\"itemListElement\":[{\"@type\":\"ListItem\",\"position\":1,\"name\":\"Home\",\"item\":\"https:\/\/www.care-platform.eu\/\"},{\"@type\":\"ListItem\",\"position\":2,\"name\":\"Il progetto CARE in azione e le novit\u00e0 da Cipro\"}]},{\"@type\":\"WebSite\",\"@id\":\"https:\/\/www.care-platform.eu\/#website\",\"url\":\"https:\/\/www.care-platform.eu\/\",\"name\":\"C.A.R.E.\",\"description\":\"\",\"publisher\":{\"@id\":\"https:\/\/www.care-platform.eu\/#organization\"},\"potentialAction\":[{\"@type\":\"SearchAction\",\"target\":{\"@type\":\"EntryPoint\",\"urlTemplate\":\"https:\/\/www.care-platform.eu\/?s={search_term_string}\"},\"query-input\":{\"@type\":\"PropertyValueSpecification\",\"valueRequired\":true,\"valueName\":\"search_term_string\"}}],\"inLanguage\":\"en-US\"},{\"@type\":\"Organization\",\"@id\":\"https:\/\/www.care-platform.eu\/#organization\",\"name\":\"C.A.R.E.\",\"url\":\"https:\/\/www.care-platform.eu\/\",\"logo\":{\"@type\":\"ImageObject\",\"inLanguage\":\"en-US\",\"@id\":\"https:\/\/www.care-platform.eu\/#\/schema\/logo\/image\/\",\"url\":\"https:\/\/www.care-platform.eu\/wp-content\/uploads\/2023\/04\/cropped-cropped-logo-1-1.png\",\"contentUrl\":\"https:\/\/www.care-platform.eu\/wp-content\/uploads\/2023\/04\/cropped-cropped-logo-1-1.png\",\"width\":127,\"height\":153,\"caption\":\"C.A.R.E.\"},\"image\":{\"@id\":\"https:\/\/www.care-platform.eu\/#\/schema\/logo\/image\/\"}},{\"@type\":\"Person\",\"@id\":\"https:\/\/www.care-platform.eu\/#\/schema\/person\/290df17b1298613ab5025d8b3f4de953\",\"name\":\"admin\",\"image\":{\"@type\":\"ImageObject\",\"inLanguage\":\"en-US\",\"@id\":\"https:\/\/www.care-platform.eu\/#\/schema\/person\/image\/\",\"url\":\"https:\/\/secure.gravatar.com\/avatar\/6a10196b803b7bcbcadb30b586c5b2a3841013d254b8676359791fac2b00b403?s=96&d=mm&r=g\",\"contentUrl\":\"https:\/\/secure.gravatar.com\/avatar\/6a10196b803b7bcbcadb30b586c5b2a3841013d254b8676359791fac2b00b403?s=96&d=mm&r=g\",\"caption\":\"admin\"},\"sameAs\":[\"http:\/\/32903897134170577.blog.com.gr\"],\"url\":\"https:\/\/www.care-platform.eu\/index.php\/author\/tourniss_sq4t7cxk\/\"}]}<\/script>\n<!-- \/ Yoast SEO plugin. -->","yoast_head_json":{"title":"Il progetto CARE in azione e le novit\u00e0 da Cipro - C.A.R.E.","robots":{"index":"index","follow":"follow","max-snippet":"max-snippet:-1","max-image-preview":"max-image-preview:large","max-video-preview":"max-video-preview:-1"},"canonical":"https:\/\/www.care-platform.eu\/index.php\/it\/2025\/07\/25\/il-progetto-care-in-azione-e-le-novita-da-cipro\/","og_locale":"en_US","og_type":"article","og_title":"Il progetto CARE in azione e le novit\u00e0 da Cipro - C.A.R.E.","og_description":"Il progetto Erasmus+ C.A.R.E. \u2013 Ceramic Artworks to Raise Esteem and Employability \u00e8 un\u2019iniziativa innovativa dedicata all\u2019empowerment dei giovani con disabilit\u00e0 visiva (V.I.P.) attraverso l\u2019espressione creativa, lo sviluppo di competenze e l\u2019inclusione nella vita culturale ed economica. Attivo da ottobre 2022 ad agosto 2025, il progetto utilizza l\u2019arte ceramica per migliorare le abilit\u00e0 psicomotorie, rafforzare l\u2019autostima e favorire l\u2019occupabilit\u00e0 dei partecipanti. Un momento centrale \u00e8 stato il corso di formazione congiunto per educatori a \u0141\u00f3d\u017a, Polonia, dal 22 al 28 ottobre 2023, ospitato da FRAME. Il training ha fornito strumenti innovativi per supportare gli studenti con disabilit\u00e0 visiva, approfondendo la lavorazione dell\u2019argilla, strategie di comunicazione inclusiva e strumenti adattivi. La squadra di CSI Cipro ha contribuito attivamente alla progettazione e realizzazione delle attivit\u00e0 educative non formali. La visita alla Scuola per Ciechi ha inoltre offerto preziose esperienze dirette di ambienti accessibili. Il progetto ha previsto workshop locali di ceramica della durata di 100 ore in ciascun paese partner, inclusa Cipro, dove CSI ha facilitato le sessioni tra febbraio e novembre 2024. Tenuti in spazi accessibili come il Kuns Studio di Nicosia, i laboratori hanno combinato tecniche ceramiche (pinching, coiling, smaltatura, incisione) con lo sviluppo di competenze trasversali, imprenditorialit\u00e0 e scoperta culturale. I partecipanti, principalmente giovani tra i 15 e i 27 anni, hanno inoltre preso parte a visite museali, festival e momenti di riflessione su temi quali identit\u00e0 e comunit\u00e0. I laboratori sono stati condotti da ceramisti, esperti per disabilit\u00e0 visive della Scuola per Ciechi di St. Barnabas e formatori giovanili, con l\u2019obiettivo di migliorare coordinazione, espressione personale e competenze di business. I feedback hanno evidenziato grande coinvolgimento, soddisfazione e accresciuta fiducia nei partecipanti. Dal 6 al 12 ottobre 2024, alcuni partecipanti selezionati hanno preso parte all\u2019evento blended di mobilit\u00e0 a Cagliari, in Italia. Questa esperienza ha favorito scambi culturali e collaborazioni creative, consolidando l\u2019identit\u00e0 europea e la visione inclusiva del progetto. Un momento significativo \u00e8 stato inoltre rappresentato dall\u2019iniziativa \u201cMy First Artwork\u201d, sviluppata in collaborazione con la Scuola per Ciechi di Cipro. Le opere ceramiche create dagli studenti sono ad oggi esposte permanentemente nel Museo Tattile della scuola, garantendo visibilit\u00e0 e riconoscimento duraturi. Alcune di queste opere sono state inoltre presentate al Diversity Forum organizzato da CSI il 22 maggio 2025, offrendo una piattaforma per condividere storie e ispirare un pubblico pi\u00f9 ampio. &nbsp;","og_url":"https:\/\/www.care-platform.eu\/index.php\/it\/2025\/07\/25\/il-progetto-care-in-azione-e-le-novita-da-cipro\/","og_site_name":"C.A.R.E.","article_published_time":"2025-07-25T10:24:22+00:00","article_modified_time":"2025-08-02T10:24:49+00:00","author":"admin","twitter_card":"summary_large_image","twitter_misc":{"Written by":"admin","Est. reading time":"2 minutes"},"schema":{"@context":"https:\/\/schema.org","@graph":[{"@type":"Article","@id":"https:\/\/www.care-platform.eu\/index.php\/it\/2025\/07\/25\/il-progetto-care-in-azione-e-le-novita-da-cipro\/#article","isPartOf":{"@id":"https:\/\/www.care-platform.eu\/index.php\/it\/2025\/07\/25\/il-progetto-care-in-azione-e-le-novita-da-cipro\/"},"author":{"name":"admin","@id":"https:\/\/www.care-platform.eu\/#\/schema\/person\/290df17b1298613ab5025d8b3f4de953"},"headline":"Il progetto CARE in azione e le novit\u00e0 da Cipro","datePublished":"2025-07-25T10:24:22+00:00","dateModified":"2025-08-02T10:24:49+00:00","mainEntityOfPage":{"@id":"https:\/\/www.care-platform.eu\/index.php\/it\/2025\/07\/25\/il-progetto-care-in-azione-e-le-novita-da-cipro\/"},"wordCount":394,"commentCount":0,"publisher":{"@id":"https:\/\/www.care-platform.eu\/#organization"},"inLanguage":"en-US","potentialAction":[{"@type":"CommentAction","name":"Comment","target":["https:\/\/www.care-platform.eu\/index.php\/it\/2025\/07\/25\/il-progetto-care-in-azione-e-le-novita-da-cipro\/#respond"]}]},{"@type":"WebPage","@id":"https:\/\/www.care-platform.eu\/index.php\/it\/2025\/07\/25\/il-progetto-care-in-azione-e-le-novita-da-cipro\/","url":"https:\/\/www.care-platform.eu\/index.php\/it\/2025\/07\/25\/il-progetto-care-in-azione-e-le-novita-da-cipro\/","name":"Il progetto CARE in azione e le novit\u00e0 da Cipro - C.A.R.E.","isPartOf":{"@id":"https:\/\/www.care-platform.eu\/#website"},"datePublished":"2025-07-25T10:24:22+00:00","dateModified":"2025-08-02T10:24:49+00:00","breadcrumb":{"@id":"https:\/\/www.care-platform.eu\/index.php\/it\/2025\/07\/25\/il-progetto-care-in-azione-e-le-novita-da-cipro\/#breadcrumb"},"inLanguage":"en-US","potentialAction":[{"@type":"ReadAction","target":["https:\/\/www.care-platform.eu\/index.php\/it\/2025\/07\/25\/il-progetto-care-in-azione-e-le-novita-da-cipro\/"]}]},{"@type":"BreadcrumbList","@id":"https:\/\/www.care-platform.eu\/index.php\/it\/2025\/07\/25\/il-progetto-care-in-azione-e-le-novita-da-cipro\/#breadcrumb","itemListElement":[{"@type":"ListItem","position":1,"name":"Home","item":"https:\/\/www.care-platform.eu\/"},{"@type":"ListItem","position":2,"name":"Il progetto CARE in azione e le novit\u00e0 da Cipro"}]},{"@type":"WebSite","@id":"https:\/\/www.care-platform.eu\/#website","url":"https:\/\/www.care-platform.eu\/","name":"C.A.R.E.","description":"","publisher":{"@id":"https:\/\/www.care-platform.eu\/#organization"},"potentialAction":[{"@type":"SearchAction","target":{"@type":"EntryPoint","urlTemplate":"https:\/\/www.care-platform.eu\/?s={search_term_string}"},"query-input":{"@type":"PropertyValueSpecification","valueRequired":true,"valueName":"search_term_string"}}],"inLanguage":"en-US"},{"@type":"Organization","@id":"https:\/\/www.care-platform.eu\/#organization","name":"C.A.R.E.","url":"https:\/\/www.care-platform.eu\/","logo":{"@type":"ImageObject","inLanguage":"en-US","@id":"https:\/\/www.care-platform.eu\/#\/schema\/logo\/image\/","url":"https:\/\/www.care-platform.eu\/wp-content\/uploads\/2023\/04\/cropped-cropped-logo-1-1.png","contentUrl":"https:\/\/www.care-platform.eu\/wp-content\/uploads\/2023\/04\/cropped-cropped-logo-1-1.png","width":127,"height":153,"caption":"C.A.R.E."},"image":{"@id":"https:\/\/www.care-platform.eu\/#\/schema\/logo\/image\/"}},{"@type":"Person","@id":"https:\/\/www.care-platform.eu\/#\/schema\/person\/290df17b1298613ab5025d8b3f4de953","name":"admin","image":{"@type":"ImageObject","inLanguage":"en-US","@id":"https:\/\/www.care-platform.eu\/#\/schema\/person\/image\/","url":"https:\/\/secure.gravatar.com\/avatar\/6a10196b803b7bcbcadb30b586c5b2a3841013d254b8676359791fac2b00b403?s=96&d=mm&r=g","contentUrl":"https:\/\/secure.gravatar.com\/avatar\/6a10196b803b7bcbcadb30b586c5b2a3841013d254b8676359791fac2b00b403?s=96&d=mm&r=g","caption":"admin"},"sameAs":["http:\/\/32903897134170577.blog.com.gr"],"url":"https:\/\/www.care-platform.eu\/index.php\/author\/tourniss_sq4t7cxk\/"}]}},"_links":{"self":[{"href":"https:\/\/www.care-platform.eu\/index.php\/wp-json\/wp\/v2\/posts\/3734","targetHints":{"allow":["GET"]}}],"collection":[{"href":"https:\/\/www.care-platform.eu\/index.php\/wp-json\/wp\/v2\/posts"}],"about":[{"href":"https:\/\/www.care-platform.eu\/index.php\/wp-json\/wp\/v2\/types\/post"}],"author":[{"embeddable":true,"href":"https:\/\/www.care-platform.eu\/index.php\/wp-json\/wp\/v2\/users\/1"}],"replies":[{"embeddable":true,"href":"https:\/\/www.care-platform.eu\/index.php\/wp-json\/wp\/v2\/comments?post=3734"}],"version-history":[{"count":1,"href":"https:\/\/www.care-platform.eu\/index.php\/wp-json\/wp\/v2\/posts\/3734\/revisions"}],"predecessor-version":[{"id":3735,"href":"https:\/\/www.care-platform.eu\/index.php\/wp-json\/wp\/v2\/posts\/3734\/revisions\/3735"}],"wp:attachment":[{"href":"https:\/\/www.care-platform.eu\/index.php\/wp-json\/wp\/v2\/media?parent=3734"}],"wp:term":[{"taxonomy":"category","embeddable":true,"href":"https:\/\/www.care-platform.eu\/index.php\/wp-json\/wp\/v2\/categories?post=3734"},{"taxonomy":"post_tag","embeddable":true,"href":"https:\/\/www.care-platform.eu\/index.php\/wp-json\/wp\/v2\/tags?post=3734"}],"curies":[{"name":"wp","href":"https:\/\/api.w.org\/{rel}","templated":true}]}}